{"id":232828,"date":"2025-07-07T14:37:11","date_gmt":"2025-07-07T14:37:11","guid":{"rendered":"https:\/\/www.europesays.com\/fr\/232828\/"},"modified":"2025-07-07T14:37:11","modified_gmt":"2025-07-07T14:37:11","slug":"premier-entrainement-ouvert-au-public-ce-mercredi","status":"publish","type":"post","link":"https:\/\/www.europesays.com\/fr\/232828\/","title":{"rendered":"premier entra\u00eenement ouvert au public ce mercredi"},"content":{"rendered":"<p>Apr\u00e8s sept semaines de pause, le Racing s&rsquo;est remis au travail ce lundi, comptant parmi les derniers clubs de Ligue 1 &#8211; hors Paris Saint-Germain, pris par la Coupe du monde des clubs aux USA &#8211; \u00e0 reprendre.<\/p>\n<p>Mais les supporters devront encore patienter jusqu&rsquo;\u00e0 mercredi pour revoir les Bleus en action sur le pr\u00e9.<\/p>\n<p>Les deux premi\u00e8res journ\u00e9es sont consacr\u00e9es comme de coutume aux tests m\u00e9dicaux et physiques.<\/p>\n<p>Deux nouvelles t\u00eates\u00a0vont se m\u00ealer au groupe, \u00e0 savoir celle du milieu de terrain s\u00e9n\u00e9galais Pape Demba Diop (21 ans), recrut\u00e9 \u00e0 Zulte-Waregem, en D2 belge, et celle du d\u00e9fenseur franco-malien du Borussia Dortmund Souma\u00efla Coulibaly (21 ans), \u00e0 condition qu&rsquo;il passe avec succ\u00e8s la visite m\u00e9dicale pr\u00e9alable \u00e0 un transfert.<\/p>\n<p>Doukour\u00e9 et Lemarechal attendus la semaine prochaine<\/p>\n<p>Deux Racingmen b\u00e9n\u00e9ficient d&rsquo;une semaine de vacances suppl\u00e9mentaire.<\/p>\n<p>Demi-finalistes de l&rsquo;Euro Espoirs le 25 juin en Slovaquie, les Bleuets Isma\u00ebl Doukour\u00e9 et Felix Lemarechal rejoindront le groupe lundi prochain.<\/p>\n<p>Thomas Delaine annonc\u00e9 au Havre<\/p>\n<p>Arriv\u00e9 en fin de contrat \u00e0 Strasbourg, Thomas Delaine (33 ans) est annonc\u00e9 au Havre, selon L&rsquo;Equipe.<\/p>\n<p>Le lat\u00e9ral gauche sort d&rsquo;une saison quasiment blanche &#8211; huit minutes de jeu en deux matches courant mars &#8211; en raison d&rsquo;une accumulation de blessures.<\/p>\n<p>Le natif de Lens a disput\u00e9 49 rencontres sous le maillot alsacien (1 but, 3 passes) depuis son arriv\u00e9e en juillet 2022.<\/p>\n","protected":false},"excerpt":{"rendered":"Apr\u00e8s sept semaines de pause, le Racing s&rsquo;est remis au travail ce lundi, comptant parmi les derniers clubs&hellip;\n","protected":false},"author":2,"featured_media":232829,"comment_status":"","ping_status":"","sticky":false,"template":"","format":"standard","meta":{"footnotes":""},"categories":[2820],"tags":[328,1111,11,2389,2880,1777,674,107,63,1011,27,775,12,9371,25,517,640],"class_list":{"0":"post-232828","1":"post","2":"type-post","3":"status-publish","4":"format-standard","5":"has-post-thumbnail","7":"category-strasbourg","8":"tag-a-la-une","9":"tag-actu","10":"tag-actualites","11":"tag-alsace","12":"tag-edition-strasbourg","13":"tag-eu","14":"tag-europe","15":"tag-fil-info","16":"tag-football","17":"tag-fr","18":"tag-france","19":"tag-grand-est","20":"tag-news","21":"tag-rcsa-racing-club-strasbourg","22":"tag-republique-francaise","23":"tag-sport","24":"tag-strasbourg"},"share_on_mastodon":{"url":"https:\/\/pubeurope.com\/@fr\/114812462241281643","error":""},"_links":{"self":[{"href":"https:\/\/www.europesays.com\/fr\/wp-json\/wp\/v2\/posts\/232828","targetHints":{"allow":["GET"]}}],"collection":[{"href":"https:\/\/www.europesays.com\/fr\/wp-json\/wp\/v2\/posts"}],"about":[{"href":"https:\/\/www.europesays.com\/fr\/wp-json\/wp\/v2\/types\/post"}],"author":[{"embeddable":true,"href":"https:\/\/www.europesays.com\/fr\/wp-json\/wp\/v2\/users\/2"}],"replies":[{"embeddable":true,"href":"https:\/\/www.europesays.com\/fr\/wp-json\/wp\/v2\/comments?post=232828"}],"version-history":[{"count":0,"href":"https:\/\/www.europesays.com\/fr\/wp-json\/wp\/v2\/posts\/232828\/revisions"}],"wp:featuredmedia":[{"embeddable":true,"href":"https:\/\/www.europesays.com\/fr\/wp-json\/wp\/v2\/media\/232829"}],"wp:attachment":[{"href":"https:\/\/www.europesays.com\/fr\/wp-json\/wp\/v2\/media?parent=232828"}],"wp:term":[{"taxonomy":"category","embeddable":true,"href":"https:\/\/www.europesays.com\/fr\/wp-json\/wp\/v2\/categories?post=232828"},{"taxonomy":"post_tag","embeddable":true,"href":"https:\/\/www.europesays.com\/fr\/wp-json\/wp\/v2\/tags?post=232828"}],"curies":[{"name":"wp","href":"https:\/\/api.w.org\/{rel}","templated":true}]}}