{"id":232834,"date":"2025-07-07T14:41:19","date_gmt":"2025-07-07T14:41:19","guid":{"rendered":"https:\/\/www.europesays.com\/fr\/232834\/"},"modified":"2025-07-07T14:41:19","modified_gmt":"2025-07-07T14:41:19","slug":"a-nantes-le-consulat-dalgerie-a-organise-un-tournoi-de-foot-dont-les-equipes-portaient-le-nom-de-fondateurs-du-fln","status":"publish","type":"post","link":"https:\/\/www.europesays.com\/fr\/232834\/","title":{"rendered":"A Nantes, le consulat d&rsquo;Alg\u00e9rie a organis\u00e9 un tournoi de foot dont les \u00e9quipes portaient le nom de fondateurs du FLN"},"content":{"rendered":"<p>En pleine tension entre la France et l\u2019Alg\u00e9rie et alors que deux Fran\u00e7ais sont toujours d\u00e9tenus dans les prisons de la dictature FLN, le consulat d\u2019Alg\u00e9rie \u00e0 Nantes a organis\u00e9 ce week-end une comm\u00e9moration de la f\u00eate de l\u2019Ind\u00e9pendance et de la jeunesse ainsi qu\u2019un <a href=\"https:\/\/www.facebook.com\/61558473895104\/videos\/693413500342259\/\" rel=\"nofollow noopener\" target=\"_blank\">tournoi de futsal<\/a> dans un gymnase public nantais.<\/p>\n<p>Les \u00e9quipes portaient, pour l\u2019occasion, le nom de \u00ab\u00a0martyrs\u00a0\u00bb de la guerre d\u2019ind\u00e9pendance. En langage clair, de terroristes du FLN, formation ayant tu\u00e9 des dizaines de milliers d\u2019Europ\u00e9ens durant la guerre d\u2019Alg\u00e9rie. Parmi eux, le nom de <a href=\"https:\/\/fr.wikipedia.org\/wiki\/Larbi_Ben_M%27hidi\" rel=\"nofollow noopener\" target=\"_blank\">Larbi Ben M\u2019Hidi<\/a> avait \u00e9t\u00e9 donn\u00e9 \u00e0 une \u00e9quipe de jeunes. Celui-ci n\u2019est autre que l\u2019un des fondateurs du FLN, tu\u00e9 lors de la bataille d\u2019Alger sur d\u00e9nonciation d\u2019autres membres du FLN ! Une autre \u00e9quipe avait \u00e9t\u00e9, quant \u00e0 elle, baptis\u00e9e du nom de <a href=\"https:\/\/fr.wikipedia.org\/wiki\/Mohamed_Boudiaf\" rel=\"nofollow noopener\" target=\"_blank\">Mohammed Boudiaf<\/a>, lui aussi fondateur du FLN, assassin\u00e9 en 1992 par un complot associant membre de l\u2019arm\u00e9e alg\u00e9rienne et islamistes !<\/p>\n<p>Car si la Guerre d\u2019Alg\u00e9rie a fait des morts c\u00f4t\u00e9 arabe, les r\u00e8glements de compte entre factions FLN ou messalistes et la guerre civile avec les islamistes des ann\u00e9es 90 aura caus\u00e9 encore plus de morts et de massacres ! Monsieur le consul a le sens des symboles !<\/p>\n<p>Dans ce gymnase nantais, un grand drapeau de l\u2019Alg\u00e9rie avait \u00e9t\u00e9 accroch\u00e9 pour l\u2019occasion.<a href=\"https:\/\/www.europesays.com\/fr\/wp-content\/uploads\/2025\/07\/Algerie-3.jpg\"><img fetchpriority=\"high\" decoding=\"async\" class=\"aligncenter size-full wp-image-248867\" src=\"data:image\/svg+xml,%3Csvg%20xmlns=\" http:=\"\" alt=\"\" width=\"495\" height=\"456\" data-lazy- data-lazy- data-lazy-src=\"https:\/\/www.europesays.com\/fr\/wp-content\/uploads\/2025\/07\/Algerie-3.jpg\"\/><\/a><a href=\"https:\/\/www.europesays.com\/fr\/wp-content\/uploads\/2025\/07\/Algerie-1.jpg\"><img loading=\"lazy\" decoding=\"async\" class=\"aligncenter size-full wp-image-248866\" src=\"https:\/\/www.europesays.com\/fr\/wp-content\/uploads\/2025\/07\/Algerie-1.jpg\" alt=\"\" width=\"1507\" height=\"815\"  \/><\/a><\/p>\n<p>Ces fervents patriotes alg\u00e9riens ont toutefois fait le choix de venir habiter chez l\u2019ancien colonisateur o\u00f9 ils sont immanquablement victimes de \u00ab\u00a0racisme\u00a0\u00bb, de \u00ab\u00a0discriminations\u00a0\u00bb et \u00ab\u00a0d\u2019islamophobie\u00a0\u00bb manifestement. Etonnant non ?<\/p>\n<p>Cr\u00e9dit photo : Copie d\u2019\u00e9cran page facebook consulat d\u2019Alg\u00e9rie \u00e0 Nantes.<\/p>\n<p>[cc]\u00a0<a href=\"http:\/\/breizh-info.com\/\" target=\"_blank\" rel=\"noopener nofollow\" data-saferedirecturl=\"https:\/\/www.google.com\/url?q=http:\/\/breizh-info.com\/&amp;source=gmail&amp;ust=1671004088284000&amp;usg=AOvVaw0XTB-ylDIablJyf-mcs66U\">Breizh-info.com<\/a>, 2025, d\u00e9p\u00eaches libres de copie et de diffusion sous r\u00e9serve de mention et de lien vers la source d\u2019origine<\/p>\n","protected":false},"excerpt":{"rendered":"En pleine tension entre la France et l\u2019Alg\u00e9rie et alors que deux Fran\u00e7ais sont toujours d\u00e9tenus dans les&hellip;\n","protected":false},"author":2,"featured_media":232835,"comment_status":"","ping_status":"","sticky":false,"template":"","format":"standard","meta":{"footnotes":""},"categories":[2818],"tags":[1111,11,15,1777,674,1011,27,15646,766,12,2636,25],"class_list":{"0":"post-232834","1":"post","2":"type-post","3":"status-publish","4":"format-standard","5":"has-post-thumbnail","7":"category-nantes","8":"tag-actu","9":"tag-actualites","10":"tag-algerie","11":"tag-eu","12":"tag-europe","13":"tag-fr","14":"tag-france","15":"tag-guerre-dalgerie","16":"tag-nantes","17":"tag-news","18":"tag-pays-de-la-loire","19":"tag-republique-francaise"},"share_on_mastodon":{"url":"https:\/\/pubeurope.com\/@fr\/114812478082503313","error":""},"_links":{"self":[{"href":"https:\/\/www.europesays.com\/fr\/wp-json\/wp\/v2\/posts\/232834","targetHints":{"allow":["GET"]}}],"collection":[{"href":"https:\/\/www.europesays.com\/fr\/wp-json\/wp\/v2\/posts"}],"about":[{"href":"https:\/\/www.europesays.com\/fr\/wp-json\/wp\/v2\/types\/post"}],"author":[{"embeddable":true,"href":"https:\/\/www.europesays.com\/fr\/wp-json\/wp\/v2\/users\/2"}],"replies":[{"embeddable":true,"href":"https:\/\/www.europesays.com\/fr\/wp-json\/wp\/v2\/comments?post=232834"}],"version-history":[{"count":0,"href":"https:\/\/www.europesays.com\/fr\/wp-json\/wp\/v2\/posts\/232834\/revisions"}],"wp:featuredmedia":[{"embeddable":true,"href":"https:\/\/www.europesays.com\/fr\/wp-json\/wp\/v2\/media\/232835"}],"wp:attachment":[{"href":"https:\/\/www.europesays.com\/fr\/wp-json\/wp\/v2\/media?parent=232834"}],"wp:term":[{"taxonomy":"category","embeddable":true,"href":"https:\/\/www.europesays.com\/fr\/wp-json\/wp\/v2\/categories?post=232834"},{"taxonomy":"post_tag","embeddable":true,"href":"https:\/\/www.europesays.com\/fr\/wp-json\/wp\/v2\/tags?post=232834"}],"curies":[{"name":"wp","href":"https:\/\/api.w.org\/{rel}","templated":true}]}}