{"id":232836,"date":"2025-07-07T14:43:10","date_gmt":"2025-07-07T14:43:10","guid":{"rendered":"https:\/\/www.europesays.com\/fr\/232836\/"},"modified":"2025-07-07T14:43:10","modified_gmt":"2025-07-07T14:43:10","slug":"girondins-luderic-etonde-officiellement-bordelais","status":"publish","type":"post","link":"https:\/\/www.europesays.com\/fr\/232836\/","title":{"rendered":"Girondins : Lud\u00e9ric \u00c9tonde officiellement bordelais"},"content":{"rendered":"<p><img decoding=\"async\" src=\"https:\/\/www.europesays.com\/fr\/wp-content\/uploads\/2025\/07\/671_04e8ed4be0cfbd97851bb7e71b84ca4c.jpg\" alt=\"Girondins : Lud\u00e9ric \u00c9tonde officiellement bordelais\" class=\"img-responsive mt-3\"\/><\/p>\n<p class=\"text-center mb-3\" style=\"font-size: 14px\">\u00a9 Iconsport<\/p>\n<p style=\"text-align: justify;\">\u00ab\u00a0Un nouvel attaquant signe aux Girondins. Attaquant d\u20191m90, Lud\u00e9ric Etonde sort d\u2019une bonne saison aux Herbiers, o\u00f9 il a inscrit 6 buts en 18 matchs. Apr\u00e8s l\u2019arriv\u00e9e de Matthieu Villette, l\u2019attaque bordelaise enregistre un nouveau renfort\u00a0\u00bb, annonce le club.<\/p>\n<p>\u00a0<\/p>\n<blockquote class=\"twitter-tweet\">\n<p dir=\"ltr\" lang=\"fr\">???????????????????????????????????? ????????????????\u0301???????????? :blue_heart:<\/p>\n<p>Un nouvel attaquant signe aux Girondins. Attaquant d\u20191m90, Lud\u00e9ric Etonde sort d\u2019une bonne saison aux Herbiers, o\u00f9 il a inscrit 6 buts en 18 matchs. Apr\u00e8s l\u2019arriv\u00e9e de Matthieu Villette, l\u2019attaque bordelaise enregistre un nouveau renfort.\u2026 <a href=\"https:\/\/t.co\/d8YpsVLvMz\">pic.twitter.com\/d8YpsVLvMz<\/a><\/p>\n<p>\u2014 FC Girondins de Bordeaux (@girondins) <a href=\"https:\/\/twitter.com\/girondins\/status\/1942222473652551998?ref_src=twsrc%5Etfw\" target=\"_blank\" rel=\"noopener\">July 7, 2025<\/a>\n<\/p><\/blockquote>\n<p>\u00a0<\/p>\n<p style=\"text-align: justify;\"><strong>Lud\u00e9ric Etonde<\/strong>\u00a0: piste r\u00e9v\u00e9l\u00e9e par WebGirondins, attaquant central de 24 ans (1,90m). Il jouait aux Herbiers la saison derni\u00e8re. Il \u00e9tait libre cet \u00e9t\u00e9. Il a jou\u00e9 18 matchs, marqu\u00e9 6 buts et d\u00e9livr\u00e9 4 passes d\u00e9clives la saison derni\u00e8re.<\/p>\n<p>\u00c0 lire &gt;&gt; <strong><a href=\"https:\/\/www.webgirondins.com\/actualite-girondins-girondins-les-noms-des-premieres-recrues-devoilees-a-bordeaux-129644\" target=\"_blank\" rel=\"noopener\">les noms des premi\u00e8res recrues d\u00e9voil\u00e9es \u00e0 Bordeaux<\/a><\/strong><\/p>\n<p><strong><br \/><\/strong>Notre podcast court \u00e0 \u00e9couter :<\/p>\n<p>\u00a0<\/p>\n<p>    <script async src=\"https:\/\/platform.twitter.com\/widgets.js\" charset=\"utf-8\"><\/script><\/p>\n","protected":false},"excerpt":{"rendered":"\u00a9 Iconsport \u00ab\u00a0Un nouvel attaquant signe aux Girondins. Attaquant d\u20191m90, Lud\u00e9ric Etonde sort d\u2019une bonne saison aux Herbiers,&hellip;\n","protected":false},"author":2,"featured_media":232837,"comment_status":"","ping_status":"","sticky":false,"template":"","format":"standard","meta":{"footnotes":""},"categories":[2817],"tags":[1111,11,15200,13771,1997,6950,15014,37183,1777,674,1011,27,1987,14979,29023,37182,3238,12,2219,28960,11137,20733,25,13040],"class_list":{"0":"post-232836","1":"post","2":"type-post","3":"status-publish","4":"format-standard","5":"has-post-thumbnail","7":"category-bordeaux","8":"tag-actu","9":"tag-actualites","10":"tag-arrive","11":"tag-attaquant","12":"tag-bordeaux","13":"tag-bordelais","14":"tag-central","15":"tag-etonde","16":"tag-eu","17":"tag-europe","18":"tag-fr","19":"tag-france","20":"tag-girondins","21":"tag-herbiers","22":"tag-libre","23":"tag-luderic","24":"tag-national","25":"tag-news","26":"tag-nouvelle-aquitaine","27":"tag-officialise","28":"tag-officiellement","29":"tag-provenance","30":"tag-republique-francaise","31":"tag-signature"},"share_on_mastodon":{"url":"https:\/\/pubeurope.com\/@fr\/114812485992331123","error":""},"_links":{"self":[{"href":"https:\/\/www.europesays.com\/fr\/wp-json\/wp\/v2\/posts\/232836","targetHints":{"allow":["GET"]}}],"collection":[{"href":"https:\/\/www.europesays.com\/fr\/wp-json\/wp\/v2\/posts"}],"about":[{"href":"https:\/\/www.europesays.com\/fr\/wp-json\/wp\/v2\/types\/post"}],"author":[{"embeddable":true,"href":"https:\/\/www.europesays.com\/fr\/wp-json\/wp\/v2\/users\/2"}],"replies":[{"embeddable":true,"href":"https:\/\/www.europesays.com\/fr\/wp-json\/wp\/v2\/comments?post=232836"}],"version-history":[{"count":0,"href":"https:\/\/www.europesays.com\/fr\/wp-json\/wp\/v2\/posts\/232836\/revisions"}],"wp:featuredmedia":[{"embeddable":true,"href":"https:\/\/www.europesays.com\/fr\/wp-json\/wp\/v2\/media\/232837"}],"wp:attachment":[{"href":"https:\/\/www.europesays.com\/fr\/wp-json\/wp\/v2\/media?parent=232836"}],"wp:term":[{"taxonomy":"category","embeddable":true,"href":"https:\/\/www.europesays.com\/fr\/wp-json\/wp\/v2\/categories?post=232836"},{"taxonomy":"post_tag","embeddable":true,"href":"https:\/\/www.europesays.com\/fr\/wp-json\/wp\/v2\/tags?post=232836"}],"curies":[{"name":"wp","href":"https:\/\/api.w.org\/{rel}","templated":true}]}}