{"id":232838,"date":"2025-07-07T14:44:10","date_gmt":"2025-07-07T14:44:10","guid":{"rendered":"https:\/\/www.europesays.com\/fr\/232838\/"},"modified":"2025-07-07T14:44:10","modified_gmt":"2025-07-07T14:44:10","slug":"le-tram-va-etre-interrompu-plusieurs-soirs-de-suite-a-toulouse-voici-les-solutions-alternatives","status":"publish","type":"post","link":"https:\/\/www.europesays.com\/fr\/232838\/","title":{"rendered":"Le tram va \u00eatre interrompu plusieurs soirs de suite \u00e0 Toulouse : voici les solutions alternatives"},"content":{"rendered":"<p>            Par<br \/>\n        <strong><br \/>\n            <a href=\"https:\/\/actu.fr\/auteur\/anaelle-montagne\" title=\"Consulter tous les articles de Anaelle Montagne\" rel=\"nofollow noopener\" target=\"_blank\">Anaelle Montagne<\/a><br \/>\n        <\/strong><\/p>\n<p>        Publi\u00e9 le<\/p>\n<p>            7 juil. 2025 \u00e0 10h55        <\/p>\n<p>La ligne T1 du <a href=\"https:\/\/actu.fr\/occitanie\/toulouse_31555\/toulouse-pourquoi-le-tramway-va-etre-partiellement-a-l-arret-pendant-plusieurs-semaines_62740473.html\" rel=\"nofollow noopener\" target=\"_blank\">tramway de Toulouse<\/a> va \u00eatre interrompue plusieurs soirs de suite. D\u00e8s 21\u00a0heures, entre le lundi\u00a07 et le mercredi 9\u00a0juillet 2025,<strong> plus aucun tram ne circulera<\/strong>, indique <a href=\"https:\/\/actu.fr\/tag\/tisseo\" rel=\"nofollow noopener\" target=\"_blank\">Tiss\u00e9o<\/a>. En cause\u2009: des travaux, effectu\u00e9s \u00e0 proximit\u00e9 des voies de tram.<\/p>\n<p>Les derniers d\u00e9parts<\/p>\n<p class=\" wall-content\">Les trois soirs d\u2019interruption de la ligne, les derniers tramways partiront\u2009:<\/p>\n<ul class=\" wall-content\">\n<li>De <a href=\"https:\/\/actu.fr\/societe\/toulouse-la-crypte-du-palais-de-justice-veritable-lieu-d-histoire-s-ouvre-a-la-visite_59168792.html\" rel=\"nofollow noopener\" target=\"_blank\">Palais de Justice<\/a> \u00e0 21h59<\/li>\n<li>De MEETT \u00e0 21h03<\/li>\n<li>D\u2019Odyssud-Ritouret \u00e0 21h05<\/li>\n<\/ul>\n<p>Les solutions alternatives<\/p>\n<p class=\" wall-content\">Pour effectuer les trajets impact\u00e9s par les travaux, il est possible de prendre le bus T1\u2032, qui assure la liaison entre Palais de Justice et MEETT. Il ne passe qu\u2019une fois toutes les demi-heures.<\/p>\n<p class=\" wall-content\">Sinon, il y a la ligne de bus 31\u2032, qui permet de rejoindre <a href=\"https:\/\/actu.fr\/tag\/aeroport-toulouse-blagnac\" rel=\"nofollow noopener\" target=\"_blank\">l\u2019a\u00e9roport de Blagnac<\/a> depuis Ar\u00e8nes d\u00e8s 20h55. L\u00e0 aussi, les bus ne passent qu\u2019une fois toutes les 30\u00a0minutes.<\/p>\n<p>Vid\u00e9os : en ce moment sur Actu<\/p>\n<p class=\" wall-content\">Suivez toute l\u2019actualit\u00e9 de vos villes et m\u00e9dias favoris en vous inscrivant \u00e0 <a href=\"https:\/\/moncompte.actu.fr\" title=\"D\u00e9couvez Mon Actu\" rel=\"nofollow noopener\" data-trk=\"{&quot;cta&quot;:{&quot;action&quot;:&quot;https:\\\/\\\/moncompte.actu.fr&quot;,&quot;category&quot;:&quot;mon compte&quot;,&quot;from&quot;:&quot;article footer&quot;,&quot;name&quot;:&quot;Mon actu&quot;,&quot;type&quot;:&quot;cta&quot;}}\" target=\"_blank\">Mon Actu<\/a>.<\/p>\n","protected":false},"excerpt":{"rendered":"Par Anaelle Montagne Publi\u00e9 le 7 juil. 2025 \u00e0 10h55 La ligne T1 du tramway de Toulouse va&hellip;\n","protected":false},"author":2,"featured_media":232839,"comment_status":"","ping_status":"","sticky":false,"template":"","format":"standard","meta":{"footnotes":""},"categories":[2816],"tags":[1111,11,1777,674,1011,27,12,2680,25,104,5400,2312,2803],"class_list":{"0":"post-232838","1":"post","2":"type-post","3":"status-publish","4":"format-standard","5":"has-post-thumbnail","7":"category-toulouse","8":"tag-actu","9":"tag-actualites","10":"tag-eu","11":"tag-europe","12":"tag-fr","13":"tag-france","14":"tag-news","15":"tag-occitanie","16":"tag-republique-francaise","17":"tag-societe","18":"tag-tisseo","19":"tag-toulouse","20":"tag-transport"},"share_on_mastodon":{"url":"https:\/\/pubeurope.com\/@fr\/114812489769601009","error":""},"_links":{"self":[{"href":"https:\/\/www.europesays.com\/fr\/wp-json\/wp\/v2\/posts\/232838","targetHints":{"allow":["GET"]}}],"collection":[{"href":"https:\/\/www.europesays.com\/fr\/wp-json\/wp\/v2\/posts"}],"about":[{"href":"https:\/\/www.europesays.com\/fr\/wp-json\/wp\/v2\/types\/post"}],"author":[{"embeddable":true,"href":"https:\/\/www.europesays.com\/fr\/wp-json\/wp\/v2\/users\/2"}],"replies":[{"embeddable":true,"href":"https:\/\/www.europesays.com\/fr\/wp-json\/wp\/v2\/comments?post=232838"}],"version-history":[{"count":0,"href":"https:\/\/www.europesays.com\/fr\/wp-json\/wp\/v2\/posts\/232838\/revisions"}],"wp:featuredmedia":[{"embeddable":true,"href":"https:\/\/www.europesays.com\/fr\/wp-json\/wp\/v2\/media\/232839"}],"wp:attachment":[{"href":"https:\/\/www.europesays.com\/fr\/wp-json\/wp\/v2\/media?parent=232838"}],"wp:term":[{"taxonomy":"category","embeddable":true,"href":"https:\/\/www.europesays.com\/fr\/wp-json\/wp\/v2\/categories?post=232838"},{"taxonomy":"post_tag","embeddable":true,"href":"https:\/\/www.europesays.com\/fr\/wp-json\/wp\/v2\/tags?post=232838"}],"curies":[{"name":"wp","href":"https:\/\/api.w.org\/{rel}","templated":true}]}}