{"id":232842,"date":"2025-07-07T14:48:11","date_gmt":"2025-07-07T14:48:11","guid":{"rendered":"https:\/\/www.europesays.com\/fr\/232842\/"},"modified":"2025-07-07T14:48:11","modified_gmt":"2025-07-07T14:48:11","slug":"lille-des-changements-radicaux-autour-du-parking-match-rue-solferino-pour-securiser-la-zone","status":"publish","type":"post","link":"https:\/\/www.europesays.com\/fr\/232842\/","title":{"rendered":"Lille. Des changements radicaux autour du parking Match rue Solf\u00e9rino pour s\u00e9curiser la zone"},"content":{"rendered":"<p>            Par<br \/>\n        <strong><br \/>\n            <a href=\"https:\/\/actu.fr\/auteur\/margot-nicodeme\" title=\"Consulter tous les articles de Margot Nicod\u00e8me\" target=\"_blank\" rel=\"noopener\">Margot Nicod\u00e8me<\/a><br \/>\n        <\/strong><\/p>\n<p>        Publi\u00e9 le<\/p>\n<p>            7 juil. 2025 \u00e0 16h40        <\/p>\n<p>Le 8 f\u00e9vrier dernier, un homme <a href=\"https:\/\/actu.fr\/hauts-de-france\/lille_59350\/il-se-fait-rouler-dessus-deux-fois-devant-le-match-rue-solferino-le-conducteur-juge-a-lille_62237820.html\" target=\"_blank\" rel=\"noopener\">se faisait \u00e9craser \u00e0 deux reprises par un autre<\/a>, <b>sur le parking du magasin Match<\/b> de la rue Solf\u00e9rino, \u00e0 <a href=\"https:\/\/actu.fr\/hauts-de-france\/lille_59350\" target=\"_blank\" rel=\"noopener\">Lille<\/a> (Nord). Le conducteur fou, qui roulait sans permis et qui avait fui la sc\u00e8ne, <a href=\"https:\/\/actu.fr\/hauts-de-france\/lille_59350\/il-se-fait-rouler-dessus-deux-fois-devant-le-match-rue-solferino-le-conducteur-juge-a-lille_62237820.html\" target=\"_blank\" rel=\"noopener\">a re\u00e7u une peine de prison ferme<\/a>. C\u2019est une illustration de <b>l\u2019ins\u00e9curit\u00e9 qui gangr\u00e8ne les abords de ce parking<\/b> lillois. <a href=\"https:\/\/actu.fr\/hauts-de-france\/lille_59350\/lille-tapage-insecurite-le-quartier-massena-solferino-une-zone-de-non-droit-pour-ses-habitants_61785349.html\" target=\"_blank\" rel=\"noopener\">Les riverains le savent<\/a> : les lieux accueillent aussi bien les rod\u00e9os urbains que le trafic de stup\u00e9fiants. D\u00e8s le mois de mai 2025, la mairie s\u2019est saisie du probl\u00e8me, avec <a href=\"https:\/\/actu.fr\/hauts-de-france\/lille_59350\/comment-securiser-le-secteur-festif-de-massena-solferino-la-ville-de-lille-devoile-son-dispositif_62676572.html\" target=\"_blank\" rel=\"noopener\">un dispositif bas\u00e9 sur plus de pr\u00e9sence polici\u00e8re<\/a>, notamment. En ce mois de juillet, la collectivit\u00e9 va plus loin et adopte <b>des mesures fortes en lien avec la circulation<\/b>.<\/p>\n<p>Des changements stricts dans la circulation autour du parking du Match, rue Solf\u00e9rino<\/p>\n<p class=\" wall-content\">C\u2019est ce lundi 7 juillet qu\u2019elles prennent effet. Les automobilistes vont rapidement s\u2019en apercevoir, puisqu\u2019une portion de la rue Massena a tout bonnement <b>chang\u00e9 de sens de circulation<\/b>. Celle comprise entre la rue du Faisan et la rue Solf\u00e9rino. Ce tron\u00e7on est \u00ab\u00a0d\u00e9sormais accessible uniquement depuis la rue Solf\u00e9rino vers la rue du Faisan\u00a0\u00bb, explicite la mairie de Lille.\u00a0<\/p>\n<p class=\" wall-content\">Et ce n\u2019est pas tout : <b>un acc\u00e8s au parking du Match est d\u00e9finitivement supprim\u00e9<\/b>, celui situ\u00e9 rue Solf\u00e9rino. \u00ab\u00a0L\u2019entr\u00e9e et la sortie se font d\u00e9sormais uniquement depuis la rue du Faisan. Ce nouvel acc\u00e8s l\u00e9g\u00e8rement d\u00e9cal\u00e9 doit permettre de r\u00e9duire la vitesse des v\u00e9hicules en entr\u00e9e et sortie du parking.\u00a0\u00bb Car en choisissant ces \u00e9volutions radicales, ce sont bien <b>les exc\u00e8s de vitesse qui sont dans le viseur<\/b> de l\u2019\u00e9quipe municipale.\u00a0<\/p>\n<p>    <img   decoding=\"async\" loading=\"lazy\" class=\"size-large\" src=\"https:\/\/www.europesays.com\/fr\/wp-content\/uploads\/2025\/07\/6f492dcacb68608592dcacb683c592v-960x640.jpg\" alt=\"Changement du sens de circulation et acc\u00e8s au Match ferm\u00e9 d'un c\u00f4t\u00e9 : voici les mesures strictes prises par la Ville de Lille pour r\u00e9duire l'ins\u00e9curit\u00e9 rue Solf\u00e9rino.\" width=\"960\" height=\"640\"\/><br \/>\n    Changement du sens de circulation et acc\u00e8s au Match ferm\u00e9 d\u2019un c\u00f4t\u00e9 : voici les mesures strictes prises par la Ville de Lille pour r\u00e9duire l\u2019ins\u00e9curit\u00e9 rue Solf\u00e9rino. \u00a9Ville de Lille<\/p>\n<p class=\" wall-content\">Cette nouvelle r\u00e9glementation vient compl\u00e9ter la pr\u00e9sence de deux m\u00e9diateurs de nuit, en place chaque soir depuis le 26 juin pour \u00ab\u00a0d\u00e9samorcer les tensions\u00a0\u00bb dans le secteur. Bient\u00f4t, ils seront 4. Des policiers sont \u00e9galement \u00ab\u00a0post\u00e9s en point fixe les jeudis, vendredis et samedis de 23h \u00e0 6h\u00a0\u00bb.\u00a0<\/p>\n<p>Vid\u00e9os : en ce moment sur Actu<\/p>\n<p class=\" wall-content\">Enfin, Solf\u00e9rino-Mass\u00e9na est une zone o\u00f9 il est interdit de consommer et vendre de l\u2019alcool sur la voie publique apr\u00e8s 22h, quand il est interdit, dans toute la ville, de d\u00e9tenir, revendre ou de faire un usage r\u00e9cr\u00e9atif de protoxyde d\u2019azote sur la voie publique.<\/p>\n<p aria-hidden=\"true\" class=\" wall-content\">\u00a0<\/p>\n<p class=\" wall-content\">Suivez toute l\u2019actualit\u00e9 de vos villes et m\u00e9dias favoris en vous inscrivant \u00e0 <a href=\"https:\/\/moncompte.actu.fr\" title=\"D\u00e9couvez Mon Actu\" rel=\"nofollow noopener\" data-trk=\"{&quot;cta&quot;:{&quot;action&quot;:&quot;https:\\\/\\\/moncompte.actu.fr&quot;,&quot;category&quot;:&quot;mon compte&quot;,&quot;from&quot;:&quot;article footer&quot;,&quot;name&quot;:&quot;Mon actu&quot;,&quot;type&quot;:&quot;cta&quot;}}\" target=\"_blank\">Mon Actu<\/a>.<\/p>\n","protected":false},"excerpt":{"rendered":"Par Margot Nicod\u00e8me Publi\u00e9 le 7 juil. 2025 \u00e0 16h40 Le 8 f\u00e9vrier dernier, un homme se faisait&hellip;\n","protected":false},"author":2,"featured_media":232843,"comment_status":"","ping_status":"","sticky":false,"template":"","format":"standard","meta":{"footnotes":""},"categories":[2815],"tags":[1111,11,3542,1777,674,1011,27,811,1307,12,25,5575,104],"class_list":{"0":"post-232842","1":"post","2":"type-post","3":"status-publish","4":"format-standard","5":"has-post-thumbnail","7":"category-lille","8":"tag-actu","9":"tag-actualites","10":"tag-circulation","11":"tag-eu","12":"tag-europe","13":"tag-fr","14":"tag-france","15":"tag-hauts-de-france","16":"tag-lille","17":"tag-news","18":"tag-republique-francaise","19":"tag-rodeos-urbains","20":"tag-societe"},"share_on_mastodon":{"url":"https:\/\/pubeurope.com\/@fr\/114812505584310656","error":""},"_links":{"self":[{"href":"https:\/\/www.europesays.com\/fr\/wp-json\/wp\/v2\/posts\/232842","targetHints":{"allow":["GET"]}}],"collection":[{"href":"https:\/\/www.europesays.com\/fr\/wp-json\/wp\/v2\/posts"}],"about":[{"href":"https:\/\/www.europesays.com\/fr\/wp-json\/wp\/v2\/types\/post"}],"author":[{"embeddable":true,"href":"https:\/\/www.europesays.com\/fr\/wp-json\/wp\/v2\/users\/2"}],"replies":[{"embeddable":true,"href":"https:\/\/www.europesays.com\/fr\/wp-json\/wp\/v2\/comments?post=232842"}],"version-history":[{"count":0,"href":"https:\/\/www.europesays.com\/fr\/wp-json\/wp\/v2\/posts\/232842\/revisions"}],"wp:featuredmedia":[{"embeddable":true,"href":"https:\/\/www.europesays.com\/fr\/wp-json\/wp\/v2\/media\/232843"}],"wp:attachment":[{"href":"https:\/\/www.europesays.com\/fr\/wp-json\/wp\/v2\/media?parent=232842"}],"wp:term":[{"taxonomy":"category","embeddable":true,"href":"https:\/\/www.europesays.com\/fr\/wp-json\/wp\/v2\/categories?post=232842"},{"taxonomy":"post_tag","embeddable":true,"href":"https:\/\/www.europesays.com\/fr\/wp-json\/wp\/v2\/tags?post=232842"}],"curies":[{"name":"wp","href":"https:\/\/api.w.org\/{rel}","templated":true}]}}