{"id":232844,"date":"2025-07-07T14:49:11","date_gmt":"2025-07-07T14:49:11","guid":{"rendered":"https:\/\/www.europesays.com\/fr\/232844\/"},"modified":"2025-07-07T14:49:11","modified_gmt":"2025-07-07T14:49:11","slug":"julien-ruas-ex-adjoint-au-maire-de-marseille-condamne-a-du-sursis-retrouvez-toutes-les-peines","status":"publish","type":"post","link":"https:\/\/www.europesays.com\/fr\/232844\/","title":{"rendered":"Julien Ruas, ex-adjoint au maire de Marseille, condamn\u00e9 \u00e0 du sursis, retrouvez toutes les peines"},"content":{"rendered":"<p>Julien Ruas, ancien adjoint au maire, d\u00e9clar\u00e9 coupable<\/p>\n<p>L&rsquo;<strong>ancien adjoint au maire Julien Ruas<\/strong> cl\u00f4t ce d\u00e9lib\u00e9r\u00e9, il est <strong>d\u00e9clar\u00e9 coupable des infractions qui lui \u00e9taient reproch\u00e9es<\/strong>.<\/p>\n<p>\u00ab\u00a0Il avait une connaissance pr\u00e9cise du degr\u00e9 de d\u00e9gradation de l&rsquo;habitat marseillais\u00a0\u00bb, pointe le juge, qui \u00e9carte toutefois certains manquements qui avaient \u00e9t\u00e9 imput\u00e9s \u00e0 Julien Ruas, relevant d&rsquo;arbitrages politiques ou budg\u00e9taires hors de son ressort ou de l&rsquo;organisation d\u00e9faillante des services municipaux.<\/p>\n<p>La salle retient son souffle. Soulag\u00e9e par la condamnation de l&rsquo;ancien\u00a0\u00e9lu, elle tr\u00e9pigne dans l&rsquo;attente du prononc\u00e9\u00a0des peines.<\/p>\n<p>\u00ab\u00a0N\u00e9gligence coupable\u00a0\u00bb, tranche le pr\u00e9sident Pascal Gand, qui souligne \u00ab\u00a0l&rsquo;extr\u00eame sous-utilisation d&rsquo;une enveloppe budg\u00e9taire\u00a0\u00bb vot\u00e9e pour effectuer un diagnostic et une prise en charge de l&rsquo;habitat indigne \u00e0 Marseille. \u00ab\u00a0Ce manquement a caus\u00e9 de mani\u00e8re indirecte mais certaine le d\u00e9c\u00e8s des huit personnes pr\u00e9sentes dans l&rsquo;immeuble \u00e0 ce moment-l\u00e0 et les blessures d&rsquo;autres victimes\u00a0\u00bb, ajoute le pr\u00e9sident.<\/p>\n<p>\u00ab\u00a0Vous subissiez une organisation politique mise en place par le maire de la ville\u00a0\u00bb, temporise toutefois le pr\u00e9sident, mettant ainsi directement en cause le bilan du maire LR Jean-Claude Gaudin.<\/p>\n","protected":false},"excerpt":{"rendered":"Julien Ruas, ancien adjoint au maire, d\u00e9clar\u00e9 coupable L&rsquo;ancien adjoint au maire Julien Ruas cl\u00f4t ce d\u00e9lib\u00e9r\u00e9, il&hellip;\n","protected":false},"author":2,"featured_media":232845,"comment_status":"","ping_status":"","sticky":false,"template":"","format":"standard","meta":{"footnotes":""},"categories":[2814],"tags":[17,1111,11,16742,1777,674,37185,274,1011,27,28935,5107,884,12,882,25,37184,3640],"class_list":{"0":"post-232844","1":"post","2":"type-post","3":"status-publish","4":"format-standard","5":"has-post-thumbnail","7":"category-marseille","8":"tag-17","9":"tag-actu","10":"tag-actualites","11":"tag-daubagne","12":"tag-eu","13":"tag-europe","14":"tag-ex-adjoint","15":"tag-faits-divers-justice","16":"tag-fr","17":"tag-france","18":"tag-julien","19":"tag-maire","20":"tag-marseille","21":"tag-news","22":"tag-provence-alpes-cote-dazur","23":"tag-republique-francaise","24":"tag-ruas","25":"tag-rue"},"share_on_mastodon":{"url":"https:\/\/pubeurope.com\/@fr\/114812509462739744","error":""},"_links":{"self":[{"href":"https:\/\/www.europesays.com\/fr\/wp-json\/wp\/v2\/posts\/232844","targetHints":{"allow":["GET"]}}],"collection":[{"href":"https:\/\/www.europesays.com\/fr\/wp-json\/wp\/v2\/posts"}],"about":[{"href":"https:\/\/www.europesays.com\/fr\/wp-json\/wp\/v2\/types\/post"}],"author":[{"embeddable":true,"href":"https:\/\/www.europesays.com\/fr\/wp-json\/wp\/v2\/users\/2"}],"replies":[{"embeddable":true,"href":"https:\/\/www.europesays.com\/fr\/wp-json\/wp\/v2\/comments?post=232844"}],"version-history":[{"count":0,"href":"https:\/\/www.europesays.com\/fr\/wp-json\/wp\/v2\/posts\/232844\/revisions"}],"wp:featuredmedia":[{"embeddable":true,"href":"https:\/\/www.europesays.com\/fr\/wp-json\/wp\/v2\/media\/232845"}],"wp:attachment":[{"href":"https:\/\/www.europesays.com\/fr\/wp-json\/wp\/v2\/media?parent=232844"}],"wp:term":[{"taxonomy":"category","embeddable":true,"href":"https:\/\/www.europesays.com\/fr\/wp-json\/wp\/v2\/categories?post=232844"},{"taxonomy":"post_tag","embeddable":true,"href":"https:\/\/www.europesays.com\/fr\/wp-json\/wp\/v2\/tags?post=232844"}],"curies":[{"name":"wp","href":"https:\/\/api.w.org\/{rel}","templated":true}]}}