{"id":232848,"date":"2025-07-07T14:51:10","date_gmt":"2025-07-07T14:51:10","guid":{"rendered":"https:\/\/www.europesays.com\/fr\/232848\/"},"modified":"2025-07-07T14:51:10","modified_gmt":"2025-07-07T14:51:10","slug":"la-metropole-de-lyon-met-les-bouchees-doubles-pour-developper-la-location-de-chambres-chez-les-personnes-isolees","status":"publish","type":"post","link":"https:\/\/www.europesays.com\/fr\/232848\/","title":{"rendered":"La M\u00e9tropole de Lyon met les bouch\u00e9es doubles pour d\u00e9velopper la location de chambres chez les personnes isol\u00e9es"},"content":{"rendered":"<p itemprop=\"description\"><strong>Pour faire face \u00e0 la crise du logement, la M\u00e9tropole de Lyon tente de trouver des solutions.<\/strong><\/p>\n<p>Au sein d\u2019un communiqu\u00e9 de presse paru ce lundi 7 juillet, la M\u00e9tropole de Lyon a d\u00e9montr\u00e9 son envie de d\u00e9velopper la cohabitation solidaire aux c\u00f4t\u00e9s des associations Tim &amp; Colette et le Pari solidaire Lyon. Plus particuli\u00e8rement, elle souhaite mettre en avant le principe de louer une chambre libre chez soi lorsque l\u2019on est un senior isol\u00e9.<\/p>\n<p>En effet, d\u2019apr\u00e8s des \u00e9tudes men\u00e9es par l\u2019INSEE, pr\u00e8s de 11,5% des logements situ\u00e9s dans l\u2019agglom\u00e9ration lyonnaise seraient sous-occup\u00e9s. C\u2019est-\u00e0-dire qu\u2019il y aurait une ou plusieurs chambres non occup\u00e9es. Et 77% de ces logements sont d\u00e9tenus par des personnes \u00e2g\u00e9es selon les chiffres de la Caisse des D\u00e9p\u00f4ts en 2019.<\/p>\n<p>\u00ab\u00a0Dans un contexte de crise du logement particuli\u00e8rement difficile, nous avons besoin d\u2019exp\u00e9rimenter et d\u2019activer tous les leviers d\u2019innovation sociale pour r\u00e9pondre aux besoins de nos habitants. La colocation solidaire, introduite notamment par la loi Elan, apporte des r\u00e9ponses \u00e0 plusieurs besoins sociaux : maintien \u00e0 domicile, lien interg\u00e9n\u00e9rationnel, acc\u00e8s au logement pour toutes et tous, lutte contre l\u2019isolement\u00a0\u00bb, explique Bruno Bernard, pr\u00e9sident de la M\u00e9tropole de Lyon.<\/p>\n<p>C\u2019est pourquoi la collectivit\u00e9 a d\u00e9cid\u00e9 de proposer des formules de cohabitation. La formule \u00ab\u00a0conviviale\u00a0\u00bb d\u2019une dur\u00e9e de 1 \u00e0 12 mois avec une participation financi\u00e8re allant jusqu\u2019\u00e0 350 euros par mois. Et la formule \u00ab\u00a0solidaire\u00a0\u00bb, pour la m\u00eame dur\u00e9e, avec une participation financi\u00e8re de 100 euros par mois en \u00e9change d\u2019entraide.<\/p>\n<p>\u00ab\u00a0La cohabitation solidaire pr\u00e9sente de nombreux avantages : r\u00e9duire la solitude, favoriser l\u2019entraide et la solidarit\u00e9, prolonger le maintien \u00e0 domicile des seniors\u00a0\u00bb, ajoute Pascal Blanchard, vice-pr\u00e9sident de la M\u00e9tropole de Lyon en charge des politiques de sant\u00e9 et des solidarit\u00e9s.<\/p>\n","protected":false},"excerpt":{"rendered":"Pour faire face \u00e0 la crise du logement, la M\u00e9tropole de Lyon tente de trouver des solutions. Au&hellip;\n","protected":false},"author":2,"featured_media":232849,"comment_status":"","ping_status":"","sticky":false,"template":"","format":"standard","meta":{"footnotes":""},"categories":[1889],"tags":[1111,11,2813,2190,2430,1109,251,1112,2811,1777,674,118,1011,27,1922,1110,1114,2428,2810,12,241,316,25,2812,517,800],"class_list":{"0":"post-232848","1":"post","2":"type-post","3":"status-publish","4":"format-standard","5":"has-post-thumbnail","7":"category-lyon","8":"tag-actu","9":"tag-actualites","10":"tag-article","11":"tag-asvel","12":"tag-auvergne-rhone-alpes","13":"tag-breves","14":"tag-culture","15":"tag-depeches","16":"tag-economique","17":"tag-eu","18":"tag-europe","19":"tag-faits-divers","20":"tag-fr","21":"tag-france","22":"tag-info","23":"tag-informations","24":"tag-infos","25":"tag-lyon","26":"tag-lyonmag","27":"tag-news","28":"tag-ol","29":"tag-politique","30":"tag-republique-francaise","31":"tag-sociale","32":"tag-sport","33":"tag-transports"},"share_on_mastodon":{"url":"https:\/\/pubeurope.com\/@fr\/114812517375214490","error":""},"_links":{"self":[{"href":"https:\/\/www.europesays.com\/fr\/wp-json\/wp\/v2\/posts\/232848","targetHints":{"allow":["GET"]}}],"collection":[{"href":"https:\/\/www.europesays.com\/fr\/wp-json\/wp\/v2\/posts"}],"about":[{"href":"https:\/\/www.europesays.com\/fr\/wp-json\/wp\/v2\/types\/post"}],"author":[{"embeddable":true,"href":"https:\/\/www.europesays.com\/fr\/wp-json\/wp\/v2\/users\/2"}],"replies":[{"embeddable":true,"href":"https:\/\/www.europesays.com\/fr\/wp-json\/wp\/v2\/comments?post=232848"}],"version-history":[{"count":0,"href":"https:\/\/www.europesays.com\/fr\/wp-json\/wp\/v2\/posts\/232848\/revisions"}],"wp:featuredmedia":[{"embeddable":true,"href":"https:\/\/www.europesays.com\/fr\/wp-json\/wp\/v2\/media\/232849"}],"wp:attachment":[{"href":"https:\/\/www.europesays.com\/fr\/wp-json\/wp\/v2\/media?parent=232848"}],"wp:term":[{"taxonomy":"category","embeddable":true,"href":"https:\/\/www.europesays.com\/fr\/wp-json\/wp\/v2\/categories?post=232848"},{"taxonomy":"post_tag","embeddable":true,"href":"https:\/\/www.europesays.com\/fr\/wp-json\/wp\/v2\/tags?post=232848"}],"curies":[{"name":"wp","href":"https:\/\/api.w.org\/{rel}","templated":true}]}}