{"id":232850,"date":"2025-07-07T14:52:15","date_gmt":"2025-07-07T14:52:15","guid":{"rendered":"https:\/\/www.europesays.com\/fr\/232850\/"},"modified":"2025-07-07T14:52:15","modified_gmt":"2025-07-07T14:52:15","slug":"les-fortes-chaleurs-de-retour-un-expert-meteo-previent","status":"publish","type":"post","link":"https:\/\/www.europesays.com\/fr\/232850\/","title":{"rendered":"les fortes chaleurs de retour, un expert m\u00e9t\u00e9o pr\u00e9vient"},"content":{"rendered":"<p>            Par<br \/>\n        <strong><br \/>\n            <a href=\"https:\/\/actu.fr\/auteur\/julien-sournies\" title=\"Consulter tous les articles de Julien Sournies\" rel=\"nofollow noopener\" target=\"_blank\">Julien Sournies<\/a><br \/>\n        <\/strong><\/p>\n<p>        Publi\u00e9 le<\/p>\n<p>            7 juil. 2025 \u00e0 16h14        <\/p>\n<p>Les fortes chaleurs ont donn\u00e9 un peu de r\u00e9pit aux Lyonnais en ce d\u00e9but de semaine. Alors qu\u2019un \u00e9pisode caniculaire a s\u00e9vi sur le <a href=\"https:\/\/actu.fr\/auvergne-rhone-alpes\/rhone_69\" rel=\"nofollow noopener\" target=\"_blank\">Rh\u00f4ne<\/a> et <a href=\"https:\/\/actu.fr\/lyon\/\" rel=\"nofollow noopener\" target=\"_blank\">Lyon<\/a> durant pr\u00e8s de deux semaines, les maximales <a href=\"https:\/\/actu.fr\/auvergne-rhone-alpes\/lyon_69123\/canicule-a-lyon-chaleur-extreme-et-etouffante-un-expert-meteo-dit-jusqu-a-quand-ca-va-durer_62843280.html\" rel=\"nofollow noopener\" target=\"_blank\">ne descendant pas en de\u00e7\u00e0 des 30\u00b0C<\/a>, le mercure s\u2019est drastiquement rafra\u00eechi depuis ce dimanche 6\u00a0juillet 2025 dans la capitale des Gaules.<br \/>Seulement, cette baisse des temp\u00e9ratures n\u2019est que provisoire, une<strong> remont\u00e9e en fl\u00e8che du mercure<\/strong> \u00e9tant en effet attendue pour la fin de semaine. Mais cette nouvelle vague de chaleur sera-t-elle plus ou moins intense que la pr\u00e9c\u00e9dente\u2009? Voici les derni\u00e8res pr\u00e9visions de Guillaume S\u00e9chet, expert m\u00e9t\u00e9o et fondateur du site <a href=\"https:\/\/www.meteo-lyon.net\/\" rel=\"nofollow noopener\" target=\"_blank\">M\u00e9t\u00e9o-Lyon<\/a>.<\/p>\n<p>Une vague de chaleur moins importante au d\u00e9but<\/p>\n<p class=\" wall-content\">Alors que le thermom\u00e8tre ne d\u00e9passera pas les normales de saison (environ 28\u00b0C) jusqu\u2019\u00e0 vendredi, les temp\u00e9ratures remonteront d\u2019un cran \u00e0 partir de samedi 12 juillet \u00e0 Lyon. \u00ab\u2009Le retour de cette masse d\u2019air chaud du Sahara est confirm\u00e9. Mais pour l\u2019instant, les temp\u00e9ratures ne devraient pas atteindre les niveaux de la semaine derni\u00e8re\u2009\u00bb, pr\u00e9vient toutefois Guillaume S\u00e9chet.<\/p>\n<p class=\" wall-content\">Si l\u2019on se r\u00e9f\u00e8re aux pr\u00e9visions de M\u00e9t\u00e9o-France, la barre des <strong>32\u00b0C<\/strong> peinera \u00e0 \u00eatre franchie \u00e0 Lyon et Neuville-sur-Sa\u00f4ne notamment. Mais au fil des jours, le thermom\u00e8tre va <strong>progresser<\/strong> lentement, certes, mais s\u00fbrement.<\/p>\n<p class=\" wall-content\">\u00ab\u2009Plusieurs scenarii sont encore \u00e0 l\u2019\u00e9tude. Et ce qui est s\u00fbr, c\u2019est que pour le moment, on ne voit pas de p\u00e9riode de fra\u00eecheur comme celle d\u2019aujourd\u2019hui se profiler la semaine prochaine\u2009\u00bb, analyse le m\u00e9t\u00e9orologiste.<\/p>\n<p>Un \u00e9pisode de chaleur \u00ab\u2009assez long\u2009\u00bb<\/p>\n<p class=\" wall-content\">D\u00e8s lundi 14 juillet, les fortes chaleurs vont bien faire leur retour\u2009: comptez pas moins de <strong>35\u00b0C<\/strong> du c\u00f4t\u00e9 de Lyon, Neuville-sur-Sa\u00f4ne ou encore Villefranche-sur-Sa\u00f4ne, toujours selon M\u00e9t\u00e9o-France.<\/p>\n<blockquote class=\"ac-article-quote wall-content\">\n<p>Il est clair que Lyon va de nouveau souffrir. M\u00eame si on ne sait pas encore exactement combien de temps, ce sera un \u00e9pisode assez long. <\/p>\n<p>    <strong>Guillaume S\u00e9chet<\/strong><br \/>\n        Expert m\u00e9t\u00e9o et fondateur de Lyon-M\u00e9t\u00e9o    <\/p><\/blockquote>\n<p class=\" wall-content\">Si les temp\u00e9ratures seront davantage supportables au cours des jours \u00e0 venir, le m\u00e9t\u00e9orologiste n\u2019exclut pas la venue d\u2019un<strong> \u00e9pisode caniculaire semblable<\/strong> au pr\u00e9c\u00e9dent la semaine prochaine. \u00ab\u2009Il est tr\u00e8s possible que les chaleurs s\u2019intensifient davantage\u2009\u00bb, confirme-t-il. \u00ab\u2009Il va donc encore falloir s\u2019attendre \u00e0 ce que de nouvelles alertes canicules se d\u00e9clenchent\u2009\u00bb, poursuit Guillaume S\u00e9chet.<\/p>\n<p>Des nuits tropicales \u00e0 venir<\/p>\n<p class=\" wall-content\">Mais ce dernier l\u2019assure\u2009: \u00ab\u2009Si les temp\u00e9ratures affich\u00e9es la journ\u00e9e peuvent inqui\u00e9ter, celles de la nuit sont tout aussi pr\u00e9occupantes.\u2009\u00bb Pour cause\u2009: selon M\u00e9t\u00e9o-France, \u00e0 partir de ce vendredi 11\u00a0juillet, et ce, pendant dix jours, le thermom\u00e8tre ne descendra pas sous les 20\u00b0C dans la capitale des Gaules, donnant ainsi lieu \u00e0 des<strong> nuits tropicales<\/strong>.<\/p>\n<p class=\" wall-content\">\u00ab\u2009Tout le monde pr\u00e9f\u00e8re se r\u00e9f\u00e9rer aux temp\u00e9ratures du jour, mais au bout du compte, ce sont clairement les nuits qui sont les plus insupportables, car beaucoup de Lyonnais n\u2019arrivent pas \u00e0 dormir. De jour comme de nuit, il va encore falloir s\u2019attendre \u00e0 subir\u2009\u00bb, conclut Guillaume S\u00e9chet.<\/p>\n<p class=\" wall-content\">Suivez toute l\u2019actualit\u00e9 de vos villes et m\u00e9dias favoris en vous inscrivant \u00e0 <a href=\"https:\/\/moncompte.actu.fr\" title=\"D\u00e9couvez Mon Actu\" rel=\"nofollow noopener\" data-trk=\"{&quot;cta&quot;:{&quot;action&quot;:&quot;https:\\\/\\\/moncompte.actu.fr&quot;,&quot;category&quot;:&quot;mon compte&quot;,&quot;from&quot;:&quot;article footer&quot;,&quot;name&quot;:&quot;Mon actu&quot;,&quot;type&quot;:&quot;cta&quot;}}\" target=\"_blank\">Mon Actu<\/a>.<\/p>\n","protected":false},"excerpt":{"rendered":"Par Julien Sournies Publi\u00e9 le 7 juil. 2025 \u00e0 16h14 Les fortes chaleurs ont donn\u00e9 un peu de&hellip;\n","protected":false},"author":2,"featured_media":51409,"comment_status":"","ping_status":"","sticky":false,"template":"","format":"standard","meta":{"footnotes":""},"categories":[1889],"tags":[1111,11,2430,6698,1777,674,1011,27,2428,2487,2357,12,25],"class_list":{"0":"post-232850","1":"post","2":"type-post","3":"status-publish","4":"format-standard","5":"has-post-thumbnail","7":"category-lyon","8":"tag-actu","9":"tag-actualites","10":"tag-auvergne-rhone-alpes","11":"tag-canicule","12":"tag-eu","13":"tag-europe","14":"tag-fr","15":"tag-france","16":"tag-lyon","17":"tag-meteo","18":"tag-meteo-france","19":"tag-news","20":"tag-republique-francaise"},"share_on_mastodon":{"url":"https:\/\/pubeurope.com\/@fr\/114812521214737095","error":""},"_links":{"self":[{"href":"https:\/\/www.europesays.com\/fr\/wp-json\/wp\/v2\/posts\/232850","targetHints":{"allow":["GET"]}}],"collection":[{"href":"https:\/\/www.europesays.com\/fr\/wp-json\/wp\/v2\/posts"}],"about":[{"href":"https:\/\/www.europesays.com\/fr\/wp-json\/wp\/v2\/types\/post"}],"author":[{"embeddable":true,"href":"https:\/\/www.europesays.com\/fr\/wp-json\/wp\/v2\/users\/2"}],"replies":[{"embeddable":true,"href":"https:\/\/www.europesays.com\/fr\/wp-json\/wp\/v2\/comments?post=232850"}],"version-history":[{"count":0,"href":"https:\/\/www.europesays.com\/fr\/wp-json\/wp\/v2\/posts\/232850\/revisions"}],"wp:featuredmedia":[{"embeddable":true,"href":"https:\/\/www.europesays.com\/fr\/wp-json\/wp\/v2\/media\/51409"}],"wp:attachment":[{"href":"https:\/\/www.europesays.com\/fr\/wp-json\/wp\/v2\/media?parent=232850"}],"wp:term":[{"taxonomy":"category","embeddable":true,"href":"https:\/\/www.europesays.com\/fr\/wp-json\/wp\/v2\/categories?post=232850"},{"taxonomy":"post_tag","embeddable":true,"href":"https:\/\/www.europesays.com\/fr\/wp-json\/wp\/v2\/tags?post=232850"}],"curies":[{"name":"wp","href":"https:\/\/api.w.org\/{rel}","templated":true}]}}