{"id":232861,"date":"2025-07-07T14:59:20","date_gmt":"2025-07-07T14:59:20","guid":{"rendered":"https:\/\/www.europesays.com\/fr\/232861\/"},"modified":"2025-07-07T14:59:20","modified_gmt":"2025-07-07T14:59:20","slug":"un-ministre-demis-de-ses-fonctions-lundi-par-poutine-sest-suicide","status":"publish","type":"post","link":"https:\/\/www.europesays.com\/fr\/232861\/","title":{"rendered":"un ministre d\u00e9mis de ses fonctions lundi par Poutine s&rsquo;est suicid\u00e9"},"content":{"rendered":"<p>\u00ab\u00a0Le corps de l&rsquo;ancien ministre des Transports de la F\u00e9d\u00e9ration de Russie, Roman Vladimirovitch Starovo\u00eft, a \u00e9t\u00e9 retrouv\u00e9 aujourd&rsquo;hui dans sa voiture, pr\u00e9sentant une blessure par balle\u00a0\u00bb, a indiqu\u00e9 le Comit\u00e9 d&rsquo;enqu\u00eate, assurant que \u00ab\u00a0la th\u00e8se principale (de sa mort, ndlr) est celle d&rsquo;un suicide\u00a0\u00bb.<\/p>\n<p>Une enqu\u00eate a \u00e9t\u00e9 ouverte pour \u00ab\u00a0\u00e9tablir\u00a0\u00bb les \u00ab\u00a0circonstances\u00a0\u00bb exactes du d\u00e9c\u00e8s de l&rsquo;ancien ministre, a ajout\u00e9 cette institution charg\u00e9e des principales investigations en Russie.<\/p>\n<p>La date exacte de sa mort n&rsquo;a pour l&rsquo;heure pas \u00e9t\u00e9 pr\u00e9cis\u00e9e par les autorit\u00e9s.<\/p>\n<p>M. Starovo\u00eft, 53 ans, avait \u00e9t\u00e9 nomm\u00e9 ministre des Transports en mai 2024, apr\u00e8s avoir \u00e9t\u00e9 gouverneur de la r\u00e9gion de Koursk entre 2019 et 2024.<\/p>\n<p><img alt=\"L'ex-ministre russe des Transports Roman Starovo\u00eft, ici avec le pr\u00e9sident russe Vladimir Poutine dans un h\u00e9licopt\u00e8re le 18 mars 2016.\" loading=\"lazy\" decoding=\"async\" data-nimg=\"fill\" class=\" TwicCore_img__i9TC1 undefined  undefined\" style=\"position:absolute;height:100%;width:100%;left:0;top:0;right:0;bottom:0;color:transparent;background-size:cover;background-position:50% 50%;background-repeat:no-repeat;background-image:url(&quot;data:image\/svg+xml;charset=utf-8,%3Csvg xmlns='http:\/\/www.w3.org\/2000\/svg' %3E%3Cfilter id='b' color-interpolation-filters='sRGB'%3E%3CfeGaussianBlur stdDeviation='20'\/%3E%3CfeColorMatrix values='1 0 0 0 0 0 1 0 0 0 0 0 1 0 0 0 0 0 100 -1' result='s'\/%3E%3CfeFlood x='0' y='0' width='100%25' height='100%25'\/%3E%3CfeComposite operator='out' in='s'\/%3E%3CfeComposite in2='SourceGraphic'\/%3E%3CfeGaussianBlur stdDeviation='20'\/%3E%3C\/filter%3E%3Cimage width='100%25' height='100%25' x='0' y='0' preserveAspectRatio='none' style='filter: url(%23b);' href='https:\/\/pictures.laprovence.com\/cdn-cgi\/image\/blur=250\/media\/afp\/5075e0de133c89c7e46c0c4640def6f5919f518b.jpg'\/%3E%3C\/svg%3E&quot;)\"   src=\"https:\/\/www.europesays.com\/fr\/wp-content\/uploads\/2025\/07\/5075e0de133c89c7e46c0c4640def6f5919f518b.jpg\"\/>L&rsquo;ex-ministre russe des Transports Roman Starovo\u00eft, ici avec le pr\u00e9sident russe Vladimir Poutine dans un h\u00e9licopt\u00e8re le 18 mars 2016. PHOTO AFP \/ MIKHAIL KLIMENTYEV<\/p>\n<p>Plus t\u00f4t lundi, le Kremlin avait publi\u00e9 un d\u00e9cret sign\u00e9 par Vladimir Poutine annon\u00e7ant que Roman Starovo\u00eft \u00e9tait \u00ab\u00a0d\u00e9mis de ses fonctions de ministre des Transports de la F\u00e9d\u00e9ration de Russie\u00a0\u00bb. <\/p>\n<p>\u00ab\u00a0Le pr\u00e9sent d\u00e9cret entre en vigueur \u00e0 compter de la date de la signature\u00a0\u00bb, pr\u00e9cisait le document publi\u00e9 sur le site gouvernemental, sans toutefois donner d&rsquo;explications sur ce limogeage surprise.<\/p>\n<p>Dans la foul\u00e9e, Vladimir Poutine avait nomm\u00e9 comme nouveau ministre l&rsquo;ancien adjoint de M. Starovo\u00eft, Andre\u00ef Nikitine.<\/p>\n<p>Interrog\u00e9 sur ce remplacement, le porte-parole de la pr\u00e9sidence russe, Dmitri Peskov, s&rsquo;\u00e9tait born\u00e9 \u00e0 dire lors de son point presse que \u00ab\u00a0c&rsquo;est la d\u00e9cision du chef de l&rsquo;Etat\u00a0\u00bb.<\/p>\n<p>\u00ab\u00a0Le d\u00e9cret ne contient pas l&rsquo;expression +perte de confiance+\u00a0\u00bb, avait-il ajout\u00e9, balayant la question d&rsquo;un journaliste qui lui demandait si le limogeage de M. Starovo\u00eft \u00e9tait li\u00e9 \u00e0 une disgr\u00e2ce du ministre.<\/p>\n<p>Vladimir Poutine a re\u00e7u au Kremlin le nouveau ministre Andre\u00ef Nikitine, selon la pr\u00e9sidence russe.<\/p>\n<p>\u00ab\u00a0J&rsquo;esp\u00e8re que vous mettrez toute votre \u00e9nergie, vos connaissances, vos comp\u00e9tences et vos talents d&rsquo;organisateur au service de la r\u00e9solution des t\u00e2ches les plus importantes qui se posent dans le domaine\u00a0\u00bb des Transports, lui a-t-il dit.<\/p>\n<p>Le remplacement de Roman Starovo\u00eft intervient au moment o\u00f9 des a\u00e9roports russes sont soumis \u00e0 des fermetures temporaires r\u00e9p\u00e9t\u00e9es en raison des attaques de drones ukrainiens, men\u00e9es par Kiev en r\u00e9ponse \u00e0 l&rsquo;offensive russe \u00e0 grande \u00e9chelle sur son territoire depuis 2022.<\/p>\n<p>\u00ab\u00a0Je vais d&rsquo;abord m&rsquo;occuper de la situation dans les a\u00e9roports\u00a0\u00bb, a d&rsquo;ailleurs reconnu imm\u00e9diatement lundi le nouveau ministre Nikitine, cit\u00e9e par l&rsquo;agence de presse Ria Novosti.<\/p>\n<p>Des m\u00e9dias russes ont aussi \u00e9voqu\u00e9 une hypoth\u00e8se selon laquelle le limogeage de Roman Starovo\u00eft est li\u00e9 \u00e0 de possibles affaires de corruption dans la r\u00e9gion de Koursk.<\/p>\n<p>Le minist\u00e8re russe des Transports g\u00e8re aussi le dossier des travaux de construction et de r\u00e9novation des routes dans les territoires ukrainiens occup\u00e9s, dans un secteur o\u00f9 la corruption est courante.<\/p>\n","protected":false},"excerpt":{"rendered":"\u00ab\u00a0Le corps de l&rsquo;ancien ministre des Transports de la F\u00e9d\u00e9ration de Russie, Roman Vladimirovitch Starovo\u00eft, a \u00e9t\u00e9 retrouv\u00e9&hellip;\n","protected":false},"author":2,"featured_media":232862,"comment_status":"","ping_status":"","sticky":false,"template":"","format":"standard","meta":{"footnotes":""},"categories":[1591],"tags":[17,11,37186,1887,37187,329,9865,3784,12,5912,1885,1886,132,2407],"class_list":{"0":"post-232861","1":"post","2":"type-post","3":"status-publish","4":"format-standard","5":"has-post-thumbnail","7":"category-russie","8":"tag-17","9":"tag-actualites","10":"tag-demis","11":"tag-federation-de-russie","12":"tag-fonctions","13":"tag-france-monde","14":"tag-lundi","15":"tag-ministre","16":"tag-news","17":"tag-par","18":"tag-russia","19":"tag-russian-federation","20":"tag-russie","21":"tag-ses"},"share_on_mastodon":{"url":"https:\/\/pubeurope.com\/@fr\/114812548925848935","error":""},"_links":{"self":[{"href":"https:\/\/www.europesays.com\/fr\/wp-json\/wp\/v2\/posts\/232861","targetHints":{"allow":["GET"]}}],"collection":[{"href":"https:\/\/www.europesays.com\/fr\/wp-json\/wp\/v2\/posts"}],"about":[{"href":"https:\/\/www.europesays.com\/fr\/wp-json\/wp\/v2\/types\/post"}],"author":[{"embeddable":true,"href":"https:\/\/www.europesays.com\/fr\/wp-json\/wp\/v2\/users\/2"}],"replies":[{"embeddable":true,"href":"https:\/\/www.europesays.com\/fr\/wp-json\/wp\/v2\/comments?post=232861"}],"version-history":[{"count":0,"href":"https:\/\/www.europesays.com\/fr\/wp-json\/wp\/v2\/posts\/232861\/revisions"}],"wp:featuredmedia":[{"embeddable":true,"href":"https:\/\/www.europesays.com\/fr\/wp-json\/wp\/v2\/media\/232862"}],"wp:attachment":[{"href":"https:\/\/www.europesays.com\/fr\/wp-json\/wp\/v2\/media?parent=232861"}],"wp:term":[{"taxonomy":"category","embeddable":true,"href":"https:\/\/www.europesays.com\/fr\/wp-json\/wp\/v2\/categories?post=232861"},{"taxonomy":"post_tag","embeddable":true,"href":"https:\/\/www.europesays.com\/fr\/wp-json\/wp\/v2\/tags?post=232861"}],"curies":[{"name":"wp","href":"https:\/\/api.w.org\/{rel}","templated":true}]}}