{"id":232869,"date":"2025-07-07T15:03:09","date_gmt":"2025-07-07T15:03:09","guid":{"rendered":"https:\/\/www.europesays.com\/fr\/232869\/"},"modified":"2025-07-07T15:03:09","modified_gmt":"2025-07-07T15:03:09","slug":"luis-diaz-en-exile-en-allemagne","status":"publish","type":"post","link":"https:\/\/www.europesays.com\/fr\/232869\/","title":{"rendered":"Luis Diaz en exile en Allemagne ?"},"content":{"rendered":"<p><strong>L\u2019ailier Colombien Luis Diaz pourrait finalement prendre la direction de l\u2019Allemagne cet \u00e9t\u00e9.<\/strong><\/p>\n<p>La relation entre <strong><a href=\"https:\/\/www.les-transferts.com\/club\/liverpool\/actualite\/\" rel=\"nofollow noopener\" target=\"_blank\">Liverpool<\/a><\/strong> et <strong><a href=\"https:\/\/www.les-transferts.com\/joueur\/luis-diaz\/actualite\/\" rel=\"nofollow noopener\" target=\"_blank\">Luis Diaz<\/a><\/strong> n\u2019est plus solide. Le Colombien, au c\u0153ur d\u2019une <strong>pol\u00e9mique sur son absence aux obs\u00e8ques de Diogo Jota<\/strong>, s\u2019est fragilis\u00e9 aupr\u00e8s des fans. Il s\u2019appr\u00eate \u00e0 vivre un retour tumultueux \u00e0 Anfield.<\/p>\n<p>Mais l\u2019ancien joueur du FC Porto a plus d\u2019un tour dans son sac. En addition \u00e0 <strong><a href=\"https:\/\/www.les-transferts.com\/rumeurs-transferts\/liverpool-obseques-de-diogo-jota-luis-diaz-tente-detouffer-la-polemique-liee-a-son-absence\/\" rel=\"nofollow noopener\" target=\"_blank\">sa r\u00e9cente sortie pour se d\u00e9fendre contre les critiques,<\/a><\/strong> le footballeur de 28 ans <strong>explore les pistes pour un d\u00e9part<\/strong> cet \u00e9t\u00e9.<\/p>\n<p>A en croire Bild, Luis Diaz aurait <strong>conclu un accord avec le <a href=\"https:\/\/www.les-transferts.com\/club\/bayern-munich\/actualite\/\" rel=\"nofollow noopener\" target=\"_blank\">Bayern Munich<\/a><\/strong> pour un transfert. <strong><a href=\"https:\/\/www.les-transferts.com\/rumeurs-transferts\/williams-bloque-le-barca-active-une-autre-piste\/\" rel=\"nofollow noopener\" target=\"_blank\">Longtemps cit\u00e9 sur les tablettes du FC Barcelone<\/a><\/strong>, le num\u00e9ro 7 des Reds pourrait finalement rejoindre les champions d\u2019Allemagne. Ces derniers doivent d\u00e9sormais convaincre Liverpool qui attendrait <strong>80 millions d\u2019euros<\/strong> de la transaction.<\/p>\n<blockquote class=\"twitter-tweet\" data-width=\"500\" data-dnt=\"true\">\n<p lang=\"en\" dir=\"ltr\">\ud83d\udea8\ud83c\udde8\ud83c\uddf4 BREAKING: Luis Diaz has agreed a deal with Bayern Munich. <\/p>\n<p>Bayern will now negotiate with Liverpool who are believed to want \u20ac80m.<\/p>\n<p>\ud83d\udca3\ud83d\udca3<\/p>\n<p>[<a href=\"https:\/\/twitter.com\/BILD?ref_src=twsrc%5Etfw\" rel=\"nofollow noopener\" target=\"_blank\">@BILD<\/a>] <a href=\"https:\/\/t.co\/Df9aOa5SCI\" rel=\"nofollow\">pic.twitter.com\/Df9aOa5SCI<\/a><\/p>\n<p>\u2014 Anfield Lounge (@AnfieldLounge) <a href=\"https:\/\/twitter.com\/AnfieldLounge\/status\/1942146492602437812?ref_src=twsrc%5Etfw\" rel=\"nofollow noopener\" target=\"_blank\">July 7, 2025<\/a><\/p><\/blockquote>\n<p>Sous contrat jusqu\u2019en 2027, l\u2019auteur de <strong>17 buts et 8 passes d\u00e9cisives<\/strong> la saison \u00e9coul\u00e9e semble d\u00e9finitivement s\u2019\u00e9loigner d\u2019Anfield.<\/p>\n<p>Ancien footballeur amateur. Actuellement Journaliste TV &amp; Web. Passionn\u00e9 de foot, de voyages et de lecture je suis un inconditionnel de Manchester United.<\/p>\n<p><script async src=\"https:\/\/platform.twitter.com\/widgets.js\" charset=\"utf-8\"><\/script><\/p>\n","protected":false},"excerpt":{"rendered":"L\u2019ailier Colombien Luis Diaz pourrait finalement prendre la direction de l\u2019Allemagne cet \u00e9t\u00e9. La relation entre Liverpool et&hellip;\n","protected":false},"author":2,"featured_media":232870,"comment_status":"","ping_status":"","sticky":false,"template":"","format":"standard","meta":{"footnotes":""},"categories":[1587],"tags":[11,672,1804,1805,1803,1777,674,1801,12,1802],"class_list":{"0":"post-232869","1":"post","2":"type-post","3":"status-publish","4":"format-standard","5":"has-post-thumbnail","7":"category-allemagne","8":"tag-actualites","9":"tag-allemagne","10":"tag-bundesrepublik-deutschland","11":"tag-de","12":"tag-deutschland","13":"tag-eu","14":"tag-europe","15":"tag-germany","16":"tag-news","17":"tag-republique-federale-dallemagne"},"share_on_mastodon":{"url":"https:\/\/pubeurope.com\/@fr\/114812564524960788","error":""},"_links":{"self":[{"href":"https:\/\/www.europesays.com\/fr\/wp-json\/wp\/v2\/posts\/232869","targetHints":{"allow":["GET"]}}],"collection":[{"href":"https:\/\/www.europesays.com\/fr\/wp-json\/wp\/v2\/posts"}],"about":[{"href":"https:\/\/www.europesays.com\/fr\/wp-json\/wp\/v2\/types\/post"}],"author":[{"embeddable":true,"href":"https:\/\/www.europesays.com\/fr\/wp-json\/wp\/v2\/users\/2"}],"replies":[{"embeddable":true,"href":"https:\/\/www.europesays.com\/fr\/wp-json\/wp\/v2\/comments?post=232869"}],"version-history":[{"count":0,"href":"https:\/\/www.europesays.com\/fr\/wp-json\/wp\/v2\/posts\/232869\/revisions"}],"wp:featuredmedia":[{"embeddable":true,"href":"https:\/\/www.europesays.com\/fr\/wp-json\/wp\/v2\/media\/232870"}],"wp:attachment":[{"href":"https:\/\/www.europesays.com\/fr\/wp-json\/wp\/v2\/media?parent=232869"}],"wp:term":[{"taxonomy":"category","embeddable":true,"href":"https:\/\/www.europesays.com\/fr\/wp-json\/wp\/v2\/categories?post=232869"},{"taxonomy":"post_tag","embeddable":true,"href":"https:\/\/www.europesays.com\/fr\/wp-json\/wp\/v2\/tags?post=232869"}],"curies":[{"name":"wp","href":"https:\/\/api.w.org\/{rel}","templated":true}]}}