{"id":232871,"date":"2025-07-07T15:04:09","date_gmt":"2025-07-07T15:04:09","guid":{"rendered":"https:\/\/www.europesays.com\/fr\/232871\/"},"modified":"2025-07-07T15:04:09","modified_gmt":"2025-07-07T15:04:09","slug":"audiences-radio-france-inter-au-top-ici-dans-les-choux-europe-1-respire","status":"publish","type":"post","link":"https:\/\/www.europesays.com\/fr\/232871\/","title":{"rendered":"Audiences radio\u00a0: France Inter au top, Ici dans les choux, Europe\u00a01 respire"},"content":{"rendered":"<p class=\"paragraph text_align_left lp-f-body-02\">Les Fran\u00e7ais ont-ils pris des vacances anticip\u00e9es ? En tout cas, jamais aussi peu de personnes ne se sont branch\u00e9es sur les ondes radiophoniques. C\u2019est l\u2019une des principales informations des audiences radio, que M\u00e9diam\u00e9trie publiera ce mardi 8 juillet et que nous d\u00e9voilons en avant-premi\u00e8re. Chaque jour, 37,7 millions d\u2019auditeurs \u00e9coutent le m\u00e9dia, en retrait d\u2019un demi-million sur un an.<\/p>\n<p class=\"paragraph text_align_left lp-f-body-02\">Dans ce contexte compliqu\u00e9, <a href=\"https:\/\/www.leparisien.fr\/culture-loisirs\/tv\/pas-une-bonne-nouvelle-surtout-si-tard-comment-france-inter-va-rebondir-apres-le-depart-de-lea-salame-19-06-2025-N63GNH7VPZGLZKQMVM46RVCILE.php\" target=\"_blank\" rel=\"noreferrer nofollow noopener\">France Inter<\/a> continue de dominer facilement et largement la concurrence. La station publique affiche 7 millions de fid\u00e8les, soit sa meilleure performance historique pour une fin de saison. Une prouesse notable, alors que la direction a proc\u00e9d\u00e9, de gr\u00e9 ou de force, \u00e0 de nombreux changements \u00e0 la rentr\u00e9e prochaine.<\/p>\n","protected":false},"excerpt":{"rendered":"Les Fran\u00e7ais ont-ils pris des vacances anticip\u00e9es ? En tout cas, jamais aussi peu de personnes ne se&hellip;\n","protected":false},"author":2,"featured_media":232872,"comment_status":"","ping_status":"","sticky":false,"template":"","format":"standard","meta":{"footnotes":""},"categories":[1586],"tags":[11,872,1777,674,1011,27,12,25,2205],"class_list":{"0":"post-232871","1":"post","2":"type-post","3":"status-publish","4":"format-standard","5":"has-post-thumbnail","7":"category-europe","8":"tag-actualites","9":"tag-culture-et-loisirs","10":"tag-eu","11":"tag-europe","12":"tag-fr","13":"tag-france","14":"tag-news","15":"tag-republique-francaise","16":"tag-television-medias"},"share_on_mastodon":{"url":"https:\/\/pubeurope.com\/@fr\/114812568448684392","error":""},"_links":{"self":[{"href":"https:\/\/www.europesays.com\/fr\/wp-json\/wp\/v2\/posts\/232871","targetHints":{"allow":["GET"]}}],"collection":[{"href":"https:\/\/www.europesays.com\/fr\/wp-json\/wp\/v2\/posts"}],"about":[{"href":"https:\/\/www.europesays.com\/fr\/wp-json\/wp\/v2\/types\/post"}],"author":[{"embeddable":true,"href":"https:\/\/www.europesays.com\/fr\/wp-json\/wp\/v2\/users\/2"}],"replies":[{"embeddable":true,"href":"https:\/\/www.europesays.com\/fr\/wp-json\/wp\/v2\/comments?post=232871"}],"version-history":[{"count":0,"href":"https:\/\/www.europesays.com\/fr\/wp-json\/wp\/v2\/posts\/232871\/revisions"}],"wp:featuredmedia":[{"embeddable":true,"href":"https:\/\/www.europesays.com\/fr\/wp-json\/wp\/v2\/media\/232872"}],"wp:attachment":[{"href":"https:\/\/www.europesays.com\/fr\/wp-json\/wp\/v2\/media?parent=232871"}],"wp:term":[{"taxonomy":"category","embeddable":true,"href":"https:\/\/www.europesays.com\/fr\/wp-json\/wp\/v2\/categories?post=232871"},{"taxonomy":"post_tag","embeddable":true,"href":"https:\/\/www.europesays.com\/fr\/wp-json\/wp\/v2\/tags?post=232871"}],"curies":[{"name":"wp","href":"https:\/\/api.w.org\/{rel}","templated":true}]}}