{"id":232873,"date":"2025-07-07T15:05:11","date_gmt":"2025-07-07T15:05:11","guid":{"rendered":"https:\/\/www.europesays.com\/fr\/232873\/"},"modified":"2025-07-07T15:05:11","modified_gmt":"2025-07-07T15:05:11","slug":"motion-de-censure-ursula-von-der-leyen-defendra-sa-survie-au-parlement-europeen-cette-semaine","status":"publish","type":"post","link":"https:\/\/www.europesays.com\/fr\/232873\/","title":{"rendered":"Motion de censure : Ursula von der Leyen d\u00e9fendra sa survie au Parlement europ\u00e9en cette semaine"},"content":{"rendered":"<p><img decoding=\"async\" class=\"c-ad__placeholder__logo\" src=\"https:\/\/static.euronews.com\/website\/images\/logos\/logo-euronews-grey-6-180x22.svg\" width=\"180\" height=\"22\" alt=\"\" loading=\"lazy\"\/>PUBLICIT\u00c9<\/p>\n<p>La motion de censure contre la Commission europ\u00e9enne d\u00e9pos\u00e9e au Parlement europ\u00e9en sera d\u00e9battue lundi, lorsque <a href=\"https:\/\/fr.euronews.com\/my-europe\/2025\/06\/27\/ursula-von-der-leyen-propose-une-alternative-a-lomc\" target=\"_blank\" rel=\"noopener\"><strong>Ursula von der Leyen<\/strong><\/a> plaidera pour sa survie politique dans l&rsquo;h\u00e9micycle, avant que les eurod\u00e9put\u00e9s ne rendent leur jugement jeudi.<\/p>\n<p>Le vote doit avoir lieu au moins 48 heures apr\u00e8s le d\u00e9but du d\u00e9bat. Tous les d\u00e9put\u00e9s qui ont sign\u00e9 la motion peuvent en th\u00e9orie encore revenir sur leur d\u00e9cision et si le seuil d&rsquo;un dixi\u00e8me n&rsquo;est plus atteint, le processus sera interrompu.<\/p>\n<p>La session de vote se d\u00e9roulera par appel nominal, ce qui signifie que chaque d\u00e9put\u00e9 votera en public. Pour \u00eatre adopt\u00e9e, la motion de censure devra recueillir au moins deux tiers des suffrages exprim\u00e9s.<\/p>\n<p>Neuf tentatives dans le pass\u00e9, une seule d\u00e9mission<\/p>\n<p>Les d\u00e9put\u00e9s europ\u00e9ens ont d\u00e9j\u00e0 tent\u00e9 \u00e0 neuf reprises de renverser la Commission europ\u00e9enne.<\/p>\n<p>En 1990, le groupe de la droite europ\u00e9enne a essay\u00e9 de forcer la Commission \u00e0 d\u00e9missionner en raison de sa politique agricole, mais la motion a largement \u00e9chou\u00e9, ne recueillant que 16 voix pour et 243 contre.<\/p>\n<p>La tentative la plus r\u00e9cente a eu lieu en novembre 2014, contre la Commission dirig\u00e9e par le <a href=\"https:\/\/fr.euronews.com\/my-europe\/2025\/03\/06\/lukraine-nest-pas-prete-a-rejoindre-lotan-ou-lue-declare-juncker\" target=\"_blank\" rel=\"noopener\"><strong>pr\u00e9sident luxembourgeois Jean-Claude Juncker<\/strong><\/a>. Elle a \u00e9t\u00e9 initi\u00e9e par le groupe politique eurosceptique Europe de la libert\u00e9 et de la d\u00e9mocratie directe en r\u00e9ponse au scandale financier \u00ab\u00a0Luxembourg Leaks\u00a0\u00bb, qui a r\u00e9v\u00e9l\u00e9 le r\u00e9gime fiscal du pays. Seuls 101 d\u00e9put\u00e9s europ\u00e9ens sur 670 ont vot\u00e9 en sa faveur, bien en de\u00e7\u00e0 du seuil requis.<\/p>\n<p>D&rsquo;autres tentatives ont port\u00e9 sur des questions telles que le budget de l&rsquo;UE, l&rsquo;impact de l&rsquo;enc\u00e9phalopathie spongiforme bovine &#8211; plus connue sous le nom de \u00ab\u00a0maladie de la vache folle\u00a0\u00bb &#8211; en Europe et la gestion d&rsquo;Eurostat, l&rsquo;office statistique de la Commission.<\/p>\n<p>Une seule fois dans l&rsquo;histoire, une motion de censure a entra\u00een\u00e9 la d\u00e9mission d&rsquo;un membre de la Commission, et ce sans vote formel en session pl\u00e9ni\u00e8re.<\/p>\n<p>En mars 1999, la Commission dirig\u00e9e par le pr\u00e9sident luxembourgeois Jacques Santer a d\u00e9missionn\u00e9 \u00e0 la suite d&rsquo;all\u00e9gations de fraude et de probl\u00e8mes de transparence, devan\u00e7ant ainsi le vote formel du Parlement. Cette d\u00e9mission est intervenue alors que la Commission avait surv\u00e9cu \u00e0 trois motions distinctes sur d&rsquo;autres sujets au cours des ann\u00e9es pr\u00e9c\u00e9dentes.<\/p>\n","protected":false},"excerpt":{"rendered":"PUBLICIT\u00c9 La motion de censure contre la Commission europ\u00e9enne d\u00e9pos\u00e9e au Parlement europ\u00e9en sera d\u00e9battue lundi, lorsque Ursula&hellip;\n","protected":false},"author":2,"featured_media":232874,"comment_status":"","ping_status":"","sticky":false,"template":"","format":"standard","meta":{"footnotes":""},"categories":[1586],"tags":[11,2196,1777,674,1779,1011,27,12,8552,25,1778,364,2544],"class_list":{"0":"post-232873","1":"post","2":"type-post","3":"status-publish","4":"format-standard","5":"has-post-thumbnail","7":"category-europe","8":"tag-actualites","9":"tag-commission-europeenne","10":"tag-eu","11":"tag-europe","12":"tag-european-union","13":"tag-fr","14":"tag-france","15":"tag-news","16":"tag-parlement-europeen","17":"tag-republique-francaise","18":"tag-ue","19":"tag-union-europeenne","20":"tag-ursula-von-der-leyen"},"share_on_mastodon":{"url":"https:\/\/pubeurope.com\/@fr\/114812572446223221","error":""},"_links":{"self":[{"href":"https:\/\/www.europesays.com\/fr\/wp-json\/wp\/v2\/posts\/232873","targetHints":{"allow":["GET"]}}],"collection":[{"href":"https:\/\/www.europesays.com\/fr\/wp-json\/wp\/v2\/posts"}],"about":[{"href":"https:\/\/www.europesays.com\/fr\/wp-json\/wp\/v2\/types\/post"}],"author":[{"embeddable":true,"href":"https:\/\/www.europesays.com\/fr\/wp-json\/wp\/v2\/users\/2"}],"replies":[{"embeddable":true,"href":"https:\/\/www.europesays.com\/fr\/wp-json\/wp\/v2\/comments?post=232873"}],"version-history":[{"count":0,"href":"https:\/\/www.europesays.com\/fr\/wp-json\/wp\/v2\/posts\/232873\/revisions"}],"wp:featuredmedia":[{"embeddable":true,"href":"https:\/\/www.europesays.com\/fr\/wp-json\/wp\/v2\/media\/232874"}],"wp:attachment":[{"href":"https:\/\/www.europesays.com\/fr\/wp-json\/wp\/v2\/media?parent=232873"}],"wp:term":[{"taxonomy":"category","embeddable":true,"href":"https:\/\/www.europesays.com\/fr\/wp-json\/wp\/v2\/categories?post=232873"},{"taxonomy":"post_tag","embeddable":true,"href":"https:\/\/www.europesays.com\/fr\/wp-json\/wp\/v2\/tags?post=232873"}],"curies":[{"name":"wp","href":"https:\/\/api.w.org\/{rel}","templated":true}]}}