{"id":23288,"date":"2025-04-13T23:42:19","date_gmt":"2025-04-13T23:42:19","guid":{"rendered":"https:\/\/www.europesays.com\/fr\/23288\/"},"modified":"2025-04-13T23:42:19","modified_gmt":"2025-04-13T23:42:19","slug":"cyclisme-tour-des-abruzzes-parcours-startlist-et-les-favoris-du-giro-dabruzzo-2025","status":"publish","type":"post","link":"https:\/\/www.europesays.com\/fr\/23288\/","title":{"rendered":"Cyclisme. Tour des Abruzzes &#8211; Parcours, startlist et les favoris du Giro d&rsquo;Abruzzo 2025"},"content":{"rendered":"<p> Lire la suite de l&rsquo;article&#13;<\/p>\n<p>\u00a0<\/p>\n<p>&#13;<br \/>\nMeintjes, Bennett, Howson, Torres, Rondel&#8230; un g\u00e9n\u00e9ral tr\u00e8s ouvert !&#13;<\/p>\n<p>Comme lors de la 1\u00e8re \u00e9dition, deux \u00e9quipes WorldTour ont fait le d\u00e9placement dans la r\u00e9gion des Abruzzes, situ\u00e9e \u00e0 l&rsquo;est de Rome : si <strong>XDS Astana<\/strong> ne sera cette ann\u00e9e pas de la partie, <strong>UAE Team Emirates XRG<\/strong> et <strong>Intermarch\u00e9-Wanty<\/strong> seront bien l\u00e0 au d\u00e9part. La formation \u00e9miratie ne fera pour une fois pas figure d&rsquo;\u00e9pouvantail, avec comme principaux leaders <strong>Alessandro Covi<\/strong> et le jeune <strong>Pablo Torres<\/strong>. La course pour le g\u00e9n\u00e9ral s&rsquo;annonce donc tr\u00e8s ouverte entre des coureurs comme <strong>George Bennett, Stephen Williams<\/strong> (Israel-Premier Tech),\u00a0<strong>Louis Meintjes<\/strong> (Intermarch\u00e9-Wanty),\u00a0<strong>David de la Cruz,\u00a0Damien Howson,\u00a0Harm Vanhoucke<\/strong> (Q36.5 Pro Cycling Team),\u00a0<strong>Valerio Conti<\/strong> (Solution Tech-Vini Fantini),\u00a0<strong>Nahom Zeray, Alessandro Fancellu\u00a0<\/strong>(JCL Team Ukyo), et pourquoi pas le Fran\u00e7ais\u00a0<strong>Mathys Rondel<\/strong> (Tudor Pro Cycling Team).<\/p>\n<p>&#13;<\/p>\n<p>\u00a0<\/p>\n<p>&#13;<br \/>\nProfil&#13;<\/p>\n<p><strong>Lundi 15 avril &#8211; \u00e9tape 1<\/strong> &#8211; Scerni-Crecchio, 151 km<\/p>\n<p>&#13;<\/p>\n<p><img decoding=\"async\" src=\"https:\/\/www.europesays.com\/fr\/wp-content\/uploads\/2025\/04\/TDA1.jpg\" style=\"max-width:100%;max-height:100%;\" alt=\"image\" loading=\"lazy\"\/><\/p>\n<p>&#13;<\/p>\n<p><strong>Mardi 16 avril &#8211; \u00e9tape 2 &#8211;<\/strong>\u00a0Toucher de Casauria\u00a0&#8211;\u00a0Penne,\u00a0138\u00a0km<\/p>\n<p>&#13;<\/p>\n<p><img decoding=\"async\" src=\"https:\/\/www.europesays.com\/fr\/wp-content\/uploads\/2025\/04\/TDA2.jpg\" style=\"max-width:100%;max-height:100%;\" alt=\"image\" loading=\"lazy\"\/><\/p>\n<p>&#13;<\/p>\n<p><strong>Mercredi 17 avril 2025 &#8211; \u00e9tape 3<\/strong> &#8211;\u00a0San Demetrio ne&rsquo; Vestini\u00a0&#8211;\u00a0Roccaraso (Aremogna), 160km<\/p>\n<p>&#13;<br \/>\n&#13;<\/p>\n<p><img decoding=\"async\" src=\"https:\/\/www.europesays.com\/fr\/wp-content\/uploads\/2025\/04\/TDA3.jpg\" style=\"max-width:100%;max-height:100%;\" alt=\"image\" loading=\"lazy\"\/><\/p>\n<p>&#13;<\/p>\n<p><strong>Jeudi 18 avril &#8211; \u00e9tape 4 <\/strong>&#8211;\u00a0Corropoli\u00a0&#8211;\u00a0Isola del Gran Sasso (Santuario di San Gabriele), 164 km<\/p>\n<p>&#13;<\/p>\n<p><img decoding=\"async\" src=\"https:\/\/www.europesays.com\/fr\/wp-content\/uploads\/2025\/04\/TDA4.jpg\" style=\"max-width:100%;max-height:100%;\" alt=\"image\" loading=\"lazy\"\/><\/p>\n<p>&#13;<\/p>\n<p>\u00a0<\/p>\n<p>&#13;<br \/>\nListe de d\u00e9part provisoire&#13;<\/p>\n<p><strong>Israel Premier Tech Academy<\/strong><br \/>1  Bennett George<br \/>2  Edinger Roei<br \/>3  Faingezicht Emry<br \/>4  Kretschy Moritz<br \/>5  Tarling Finlay<br \/>6  Watts Kiaan<br \/>7  Williams Stephen<\/p>\n<p><strong>Biesse-Carrera Premac<\/strong><br \/>11  Dati Tommaso<br \/>12  Agostinacchio Filippo<br \/>13  Arrighetti Nicol\u00f3<br \/>14  Bessega Tommaso<br \/>15  Bicelli Michele<br \/>16  Grimod Etienne<br \/>17  Gruszczynski Filip<\/p>\n<p><strong>General Store-Essegibi-F.Ili Curia<\/strong><br \/>21  Pezzo Rosola Kevin<br \/>22  Biehl Kevin<br \/>23  Bortoluzzi Giovanni<br \/>24  Bosio Tommaso<br \/>25  Daffini Michele<br \/>26  Lock Dennis<br \/>27  Remelli Cristian<\/p>\n<p><strong>Gragnano Sporting Club<\/strong><br \/>31  Cataldo Lorenzo<br \/>32  Boschi Lorenzo<br \/>33  De Totto Andrea<br \/>34  Lucca Simone<br \/>35  Ninci Alessio<br \/>36  Piccini Mattia<br \/>37  Rigatti Tommaso<\/p>\n<p><strong>Intermarch\u00e9-Wanty<\/strong><br \/>41  Meintjes Louis<br \/>42  Colleoni Kevin<br \/>43  Dockx Gilles<br \/>44  Faure-Prost Alexy<br \/>45  Imamura Shunsuke<br \/>46  M\u00fcller Tobias<br \/>47  Petilli Simone<\/p>\n<p><strong>JCL Team Ukyo<\/strong><br \/>51  Koishi Yuma<br \/>52  Zeray Nahom<br \/>53  D&rsquo;Amato Andrea<br \/>54  Fancellu Alessandro<br \/>55  Kamada Koki<br \/>56  Masuda Nariyuki<br \/>57  Raccani Simone<\/p>\n<p><strong>MBH Bank Ballan CSB<\/strong><br \/>61  Novak Pavel<br \/>62  Bracalente Diego<br \/>63  Casalini Gabriele<br \/>64  Cretti Luca<br \/>65  Masciarelli Lorenzo<br \/>66  Takacs Zsombor<br \/>67  Valent M\u00e1rk<\/p>\n<p><strong>MG.K vis Costruzioni Ambiente<\/strong><br \/>71  Parravano Francesco<br \/>72  Cantoni Andrea<br \/>73  Carr\u00f2 Simone<br \/>74  Granger Ben<br \/>75  Kelly Adam<br \/>76  Kingston Matthew<br \/>77  Spreafico Matteo<\/p>\n<p><strong>Monzon-Incolor-Gub<\/strong><br \/>81  Belohvosciks Kristians<br \/>82  Aron Victor-Alexandru<br \/>83  Chung Ki Ngai<br \/>84  Malinen Sampo<br \/>85  Militello Jacopo<br \/>86  Tagliani Filippo<br \/>87  Williams Tom<\/p>\n<p><strong>Petrolike<\/strong><br \/>91  Ponomar Andrii<br \/>92  Callejas Alejandro<br \/>93  Camargo Yeferson<br \/>94  D&rsquo;Aiuto Filippo<br \/>95  Galimberti Lorenzo<br \/>96  O&rsquo;Brien Killian<br \/>97  Peschi Lorenzo<\/p>\n<p><strong>Q36.5 Pro Cycling Team<\/strong><br \/>101  de la Cruz David<br \/>102  Bax Sjoerd<br \/>103  Calzoni Walter<br \/>104  Howson Damien<br \/>105  Parisini Nicol\u00f2<br \/>106  Pidcock Joseph<br \/>107  Vanhoucke Harm<\/p>\n<p><strong>SC Padovani Polo Cherry Bank<\/strong><br \/>111  Baseggio Matteo<br \/>112  Basso Davide<br \/>113  Bonaldo Kevin<br \/>114  Guzzo Federico<br \/>115  Palomba Marco<br \/>116  Scarso Andrea<br \/>117  Zurlo Matteo<\/p>\n<p><strong>Solution Tech-Vini Fantini<\/strong><br \/>121  Conti Valerio<br \/>122  Balmer Alexandre<br \/>123  Gonzalez Roberto<br \/>124  Meo Felix<br \/>125  Samudio Carlos<br \/>126  Sbaragli Kristian<br \/>127  Stewart Mark<\/p>\n<p><strong>Team Polti VisitMalta<\/strong><br \/>131  Tonelli Alessandro<br \/>132  Buttigieg Aidan<br \/>133  De Cassan Davide<br \/>134  Martin Alex<br \/>135  Raccagni Gabriele<br \/>136  Tercero Fernando<br \/>137  Zoccarato Samuele<\/p>\n<p><strong>Team Technipes #InEmiliaRomagna<\/strong><br \/>141  Alunni Tommaso<br \/>142  Archetti Riccardo<br \/>143  Bagnara Luca<br \/>144  Cattani Alessandro<br \/>145  Martini Marco<br \/>146  Meccia Leonardo<br \/>147  Toselli Ivan<\/p>\n<p><strong>Tudor Pro Cycling Team<\/strong><br \/>151  Rondel Mathys<br \/>152  Casagrande Diego<br \/>153  Kluckers Arthur<br \/>154  M\u00e4tik Oliver<br \/>155  Melot No\u00e9<br \/>156  Suter Joel<br \/>157  Thalmann Roland<\/p>\n<p><strong>UAE Team Emirates-XRG<\/strong><br \/>161  Covi Alessandro<br \/>162  Oliveira Ivo<br \/>163  Fabries Ugo<br \/>164  Johansen Julius<br \/>165  Laengen Vegard Stake<br \/>166  Sambinello Enea<br \/>167  Torres Pablo<\/p>\n<p><strong>VF Group-Bardiani CSF-Faizan\u00e8<\/strong><br \/>171  Fiorelli Filippo<br \/>172  Colnaghi Luca<br \/>173  Magli Filippo<br \/>174  Marcellusi Martin<br \/>175  Paletti Luca<br \/>176  Scalco Matteo<br \/>177  Zanoncello Enrico<\/p>\n","protected":false},"excerpt":{"rendered":"Lire la suite de l&rsquo;article&#13; \u00a0 &#13; Meintjes, Bennett, Howson, Torres, Rondel&#8230; un g\u00e9n\u00e9ral tr\u00e8s ouvert !&#13; Comme&hellip;\n","protected":false},"author":2,"featured_media":21152,"comment_status":"","ping_status":"","sticky":false,"template":"","format":"standard","meta":{"footnotes":""},"categories":[1411],"tags":[1154,207,211,1011,27,209,60,210,3296,212,208,213],"class_list":{"0":"post-23288","1":"post","2":"type-post","3":"status-publish","4":"format-standard","5":"has-post-thumbnail","7":"category-cyclisme","8":"tag-cycling","9":"tag-cyclisme","10":"tag-ffc","11":"tag-fr","12":"tag-france","13":"tag-route","14":"tag-sports","15":"tag-tour-de-france","16":"tag-tour-des-abruzzes","17":"tag-uci","18":"tag-velo","19":"tag-world-tour"},"share_on_mastodon":{"url":"https:\/\/pubeurope.com\/@fr\/114333308956116819","error":""},"_links":{"self":[{"href":"https:\/\/www.europesays.com\/fr\/wp-json\/wp\/v2\/posts\/23288","targetHints":{"allow":["GET"]}}],"collection":[{"href":"https:\/\/www.europesays.com\/fr\/wp-json\/wp\/v2\/posts"}],"about":[{"href":"https:\/\/www.europesays.com\/fr\/wp-json\/wp\/v2\/types\/post"}],"author":[{"embeddable":true,"href":"https:\/\/www.europesays.com\/fr\/wp-json\/wp\/v2\/users\/2"}],"replies":[{"embeddable":true,"href":"https:\/\/www.europesays.com\/fr\/wp-json\/wp\/v2\/comments?post=23288"}],"version-history":[{"count":0,"href":"https:\/\/www.europesays.com\/fr\/wp-json\/wp\/v2\/posts\/23288\/revisions"}],"wp:featuredmedia":[{"embeddable":true,"href":"https:\/\/www.europesays.com\/fr\/wp-json\/wp\/v2\/media\/21152"}],"wp:attachment":[{"href":"https:\/\/www.europesays.com\/fr\/wp-json\/wp\/v2\/media?parent=23288"}],"wp:term":[{"taxonomy":"category","embeddable":true,"href":"https:\/\/www.europesays.com\/fr\/wp-json\/wp\/v2\/categories?post=23288"},{"taxonomy":"post_tag","embeddable":true,"href":"https:\/\/www.europesays.com\/fr\/wp-json\/wp\/v2\/tags?post=23288"}],"curies":[{"name":"wp","href":"https:\/\/api.w.org\/{rel}","templated":true}]}}