{"id":232881,"date":"2025-07-07T15:11:09","date_gmt":"2025-07-07T15:11:09","guid":{"rendered":"https:\/\/www.europesays.com\/fr\/232881\/"},"modified":"2025-07-07T15:11:09","modified_gmt":"2025-07-07T15:11:09","slug":"il-demande-a-un-commentateur-legendaire-de-changer-dattitude","status":"publish","type":"post","link":"https:\/\/www.europesays.com\/fr\/232881\/","title":{"rendered":"il demande \u00e0 un commentateur l\u00e9gendaire de changer d&rsquo;attitude"},"content":{"rendered":"<p>            Par<br \/>\n        <strong><br \/>\n            <a href=\"https:\/\/actu.fr\/auteur\/thomas-corbet-actu-fr\" title=\"Consulter tous les articles de Thomas Corbet\" target=\"_blank\" rel=\"noopener\">Thomas Corbet<\/a><br \/>\n        <\/strong><\/p>\n<p>        Publi\u00e9 le<\/p>\n<p>            7 juil. 2025 \u00e0 15h15        <\/p>\n<p>Le rugby est un sport f\u00e9roce, l\u2019apr\u00e8s rugby peut apparemment l\u2019\u00eatre tout autant. Sur les r\u00e9seaux sociaux, un <a href=\"https:\/\/actu.fr\/sports\/rugby\/pro\/rugby-les-meilleurs-souvenirs-de-giteau-a-toulon-dans-le-tunnel-j-ai-vu-des-gars-pleurer_58765187.html\" target=\"_blank\" rel=\"noopener\">ancien joueur pass\u00e9 par Toulon<\/a> a ainsi <strong>rappel\u00e9 une l\u00e9gende australienne \u00e0 l\u2019ordre<\/strong> afin de le faire changer de ton dans ses <a href=\"https:\/\/www.planetrugby.com\/news\/david-campese-brutally-rips-into-four-woeful-bi-lions-accusing-andy-farrell-of-lacking-a-true-enforcer-even-though-ellis-genge-bled-for-the-side\" target=\"_blank\" rel=\"noopener\">chroniques parfois acerbes<\/a>.\u00a0<\/p>\n<p>Matt Giteau rappelle David Campese \u00e0 l\u2019ordre<\/p>\n<p class=\" wall-content\">L\u2019intervention de Matt Giteau a beau partir des meilleures intentions du monde, elle est aussi tranchante que pouvaient l\u2019\u00eatre ses courses lorsque l\u2019ancien centre des Wallabies (103 s\u00e9lections) s\u00e9vissait chez les Brumbies ou \u00e0 Toulon.<\/p>\n<p class=\" wall-content\">Sa cible ? Nulle autre que la l\u00e9gende australienne David Campese, champion du monde en 1991, un des premiers joueurs du rugby international \u00e0 avoir atteint la barre symbolique des 100 capes et reconnu pour son flair et son jeu fantasque.<\/p>\n<p class=\" wall-content\">\n<p class=\" wall-content\">\u00ab\u00a0Je respecte Campo (le surnom de Campese, ndlr) en tant que joueur et en tant que personne mais il faut qu\u2019il arr\u00eate avec ses propos stupides. Il ne fait rien de bien pour sa r\u00e9putation et le respect dans notre sport. Plus il parle de rugby comme il le fait, moins les gens se souviendront de lui comme le g\u00e9nie qu\u2019il \u00e9tait\u00a0\u00bb, \u00e9crit Matt Giteau.<\/p>\n<p>La dent dure de Campese pour les Lions<\/p>\n<p class=\" wall-content\">Nul n\u2019est proph\u00e8te en son pays et David Campese, qui n\u2019a jamais \u00e9t\u00e9 du genre \u00e0 avoir la langue dans sa poche, s\u2019est largement attir\u00e9 les foudres des instances australiennes pour ses propos sans langue de bois ces derni\u00e8res ann\u00e9es.<\/p>\n<p class=\" wall-content\">Plus r\u00e9cemment, ce sont surtout les Lions Britanniques et Irlandais qui ont subi sa foudre \u00e0 travers <a href=\"https:\/\/www.planetrugby.com\/author\/david-campese\" target=\"_blank\" rel=\"noopener\">ses chroniques sur Planet Rugby<\/a>.\u00a0<\/p>\n<p>Vid\u00e9os : en ce moment sur Actu<\/p>\n<p class=\" wall-content\">\u00ab\u00a0Il a fallu que je v\u00e9rifie si Jac Morgan jouait, voil\u00e0 \u00e0 quel point il a manqu\u00e9 d\u2019impact\u00a0\u00bb, \u00e9crivait-il par exemple apr\u00e8s la d\u00e9faite des Lions contre l\u2019Argentine.<\/p>\n<p class=\" wall-content\">Ou encore \u00ab\u00a0c\u2019est un choix faible de papa\u00a0\u00bb au sujet de la convocation d\u2019Owen Farrell par son p\u00e8re Andy en charge de la tourn\u00e9e.<\/p>\n<p class=\" wall-content\">Suivez toute l\u2019actualit\u00e9 de vos villes et m\u00e9dias favoris en vous inscrivant \u00e0 <a href=\"https:\/\/moncompte.actu.fr\" title=\"D\u00e9couvez Mon Actu\" rel=\"nofollow noopener\" data-trk=\"{&quot;cta&quot;:{&quot;action&quot;:&quot;https:\\\/\\\/moncompte.actu.fr&quot;,&quot;category&quot;:&quot;mon compte&quot;,&quot;from&quot;:&quot;article footer&quot;,&quot;name&quot;:&quot;Mon actu&quot;,&quot;type&quot;:&quot;cta&quot;}}\" target=\"_blank\">Mon Actu<\/a>.<\/p>\n<ul class=\"ac-article-tag wall-content\">\n<li><a href=\"https:\/\/actu.fr\/tag\/medias\" data-trk=\"{&quot;cta&quot;:{&quot;action&quot;:&quot;M\\u00e9dias&quot;,&quot;category&quot;:&quot;tag&quot;,&quot;from&quot;:&quot;article footer&quot;,&quot;name&quot;:&quot;M\\u00e9dias&quot;,&quot;type&quot;:&quot;cta&quot;}}\" target=\"_blank\" rel=\"noopener\">#M\u00e9dias<\/a><\/li>\n<li><a href=\"https:\/\/actu.fr\/tag\/rugby-international\" data-trk=\"{&quot;cta&quot;:{&quot;action&quot;:&quot;Rugby international&quot;,&quot;category&quot;:&quot;tag&quot;,&quot;from&quot;:&quot;article footer&quot;,&quot;name&quot;:&quot;Rugby international&quot;,&quot;type&quot;:&quot;cta&quot;}}\" target=\"_blank\" rel=\"noopener\">#Rugby international<\/a><\/li>\n<\/ul>\n","protected":false},"excerpt":{"rendered":"Par Thomas Corbet Publi\u00e9 le 7 juil. 2025 \u00e0 15h15 Le rugby est un sport f\u00e9roce, l\u2019apr\u00e8s rugby&hellip;\n","protected":false},"author":2,"featured_media":232882,"comment_status":"","ping_status":"","sticky":false,"template":"","format":"standard","meta":{"footnotes":""},"categories":[1416],"tags":[1011,27,500,3788,479,1468,6107,60],"class_list":{"0":"post-232881","1":"post","2":"type-post","3":"status-publish","4":"format-standard","5":"has-post-thumbnail","7":"category-rugby","8":"tag-fr","9":"tag-france","10":"tag-medias","11":"tag-pro","12":"tag-rugby","13":"tag-rugby-football","14":"tag-rugby-international","15":"tag-sports"},"share_on_mastodon":{"url":"https:\/\/pubeurope.com\/@fr\/114812596083276346","error":""},"_links":{"self":[{"href":"https:\/\/www.europesays.com\/fr\/wp-json\/wp\/v2\/posts\/232881","targetHints":{"allow":["GET"]}}],"collection":[{"href":"https:\/\/www.europesays.com\/fr\/wp-json\/wp\/v2\/posts"}],"about":[{"href":"https:\/\/www.europesays.com\/fr\/wp-json\/wp\/v2\/types\/post"}],"author":[{"embeddable":true,"href":"https:\/\/www.europesays.com\/fr\/wp-json\/wp\/v2\/users\/2"}],"replies":[{"embeddable":true,"href":"https:\/\/www.europesays.com\/fr\/wp-json\/wp\/v2\/comments?post=232881"}],"version-history":[{"count":0,"href":"https:\/\/www.europesays.com\/fr\/wp-json\/wp\/v2\/posts\/232881\/revisions"}],"wp:featuredmedia":[{"embeddable":true,"href":"https:\/\/www.europesays.com\/fr\/wp-json\/wp\/v2\/media\/232882"}],"wp:attachment":[{"href":"https:\/\/www.europesays.com\/fr\/wp-json\/wp\/v2\/media?parent=232881"}],"wp:term":[{"taxonomy":"category","embeddable":true,"href":"https:\/\/www.europesays.com\/fr\/wp-json\/wp\/v2\/categories?post=232881"},{"taxonomy":"post_tag","embeddable":true,"href":"https:\/\/www.europesays.com\/fr\/wp-json\/wp\/v2\/tags?post=232881"}],"curies":[{"name":"wp","href":"https:\/\/api.w.org\/{rel}","templated":true}]}}