{"id":232892,"date":"2025-07-07T15:18:09","date_gmt":"2025-07-07T15:18:09","guid":{"rendered":"https:\/\/www.europesays.com\/fr\/232892\/"},"modified":"2025-07-07T15:18:09","modified_gmt":"2025-07-07T15:18:09","slug":"jai-rencontre-la-femme-de-ma-vie","status":"publish","type":"post","link":"https:\/\/www.europesays.com\/fr\/232892\/","title":{"rendered":"J\u2019ai rencontr\u00e9 la femme de ma vie"},"content":{"rendered":"<p>En juin 2024, Paris Match r\u00e9v\u00e9lait l\u2019existence du couple form\u00e9<br \/>\npar Adriana Karembeu et Marc Lavoine. Aper\u00e7us en train d\u2019\u00e9changer<br \/>\nun baiser fougueux dans les rues de la capitale, l\u2019ex-mannequin<br \/>\nslovaque et le chanteur ne se cachent aujourd\u2019hui plus. Mieux<br \/>\nencore, ces derniers ont officialis\u00e9 leur histoire d\u2019amour au mois<br \/>\nde septembre lors du Concerto pour la paix \u00e0 Paris. S\u2019ils se<br \/>\nfaisaient au d\u00e9part discrets, Marc et Adriana <a href=\"https:\/\/www.melty.fr\/people\/adriana-karembeu-et-marc-lavoine-apercu-dans-un-endroit-tres-significatif-2235569.html\" target=\"_blank\" rel=\"noopener\"><br \/>\nmultiplient d\u00e9sormais les d\u00e9clarations d\u2019amour<\/a> dans les m\u00e9dias<br \/>\nd\u00e8s qu\u2019ils en ont l\u2019occasion.<\/p>\n<p>Marc Lavoine \u00e9voque avec fiert\u00e9 sa relation avec Adriana<br \/>\nKarembeu<\/p>\n<p>Tr\u00e8s attach\u00e9 \u00e0 celle qui partage sa vie depuis un an, Marc<br \/>\nLavoine n\u2019h\u00e9site pas \u00e0 r\u00e9v\u00e9ler tout le bien qu\u2019il pense d\u2019elle. De<br \/>\nm\u00eame, celle qui n\u2019est <a href=\"https:\/\/www.melty.fr\/people\/adriana-karembeu-en-couple-avec-marc-lavoine-mais-pas-encore-divorcee-de-son-ex-la-raison-enfin-devoilee-2241840.html\" target=\"_blank\" rel=\"noopener\"><br \/>\npas encore divorc\u00e9e de son ex-mari<\/a> semble avoir <strong>une<br \/>\nexcellente influence sur le chanteur<\/strong>.<br \/>\n<strong>\u00ab\u00a0J\u00a0\u00bbapprends beaucoup \u00e0 son contact\u00a0\u00bb<\/strong>,<br \/>\nexpliquait ainsi ce dernier dans les colonnes du magazine T\u00e9l\u00e9 Star<br \/>\navant de noter toutefois qu\u2019<strong>Adriana est \u00ab\u00a0une femme<br \/>\nlibre\u00a0\u00bb<\/strong>.<\/p>\n<p>Cette fois-ci dans l\u2019\u00e9mission En Apart\u00e9, Marc Lavoine se<br \/>\nconfiait sans d\u00e9tour sur <strong>ses d\u00e9monstrations d\u2019amour jug\u00e9es<br \/>\nparfois excessives<\/strong> : \u00ab\u00a0Ma d\u00e9monstration de l\u2019amour,<br \/>\nc\u2019est nouveau. <strong>Je m\u2019en excuse<\/strong> si certaines<br \/>\npersonnes l\u2019ont mal prise, cette fa\u00e7on de ne pas pouvoir contenir<br \/>\nson bonheur. Je suis <strong>un peu comme un enfant qui d\u00e9couvre<br \/>\nune chose improbable\u00a0\u00bb<\/strong>.<\/p>\n<p>Ce moment o\u00f9 tout a d\u00e9but\u00e9 sous les yeux des<br \/>\nt\u00e9l\u00e9spectateurs<\/p>\n<p>Cette belle histoire d\u2019amour entre Adriana Karembeu et Marc<br \/>\nLavoine est en r\u00e9alit\u00e9 <strong>n\u00e9e sous nos yeux<\/strong>.<br \/>\nSouvenez-vous l\u2019ann\u00e9e derni\u00e8re, la m\u00e8re de famille d\u00e9voilait son<br \/>\ncrush pour l\u2019artiste de 62 ans <strong>devant les cam\u00e9ras de 50\u2019<br \/>\nInside<\/strong>, insistant alors sur le fait qu\u2019elle \u00e9tait<br \/>\n\u00ab\u00a0amoureuse\u00a0\u00bb de Marc et que, gr\u00e2ce \u00e0 lui, elle avait appris<br \/>\nle fran\u00e7ais. A son tour, <strong>Marc a rendu la pareille<\/strong><br \/>\nen pleine interview avec Isabelle Ithurburu.<\/p>\n<p>Celui \u00e0 qui l\u2019on doit de nombreux titres <strong>go\u00fbte enfin au<br \/>\nbonheur, le vrai<\/strong>. \u00ab\u00a0C&rsquo;est vrai que <strong>le bonheur<br \/>\nexiste<\/strong> alors parfois, il s&rsquo;en va au bras de quelqu\u2019un<br \/>\nd&rsquo;autre et l\u00e0, c&rsquo;est \u00e0 mon bras qu&rsquo;il est et \u00e7a fait vraiment du<br \/>\nbien, <strong>c&rsquo;est un bonheur de vivre \u00e7a\u00a0\u00bb<\/strong>,<br \/>\nconfiait-il par ailleurs avant d\u2019avouer avec une joie non<br \/>\ndissimul\u00e9e : \u00ab\u00a0Je suis heureux, m\u00eame si \u00e7a dure un an, deux<br \/>\nmois, un jour, <strong>au moins, j&rsquo;aurais connu sa<br \/>\npeau\u00a0\u00bb<\/strong>.<\/p>\n<p>\u00ab\u00a0J\u2019allais quitter le pays\u00a0\u00bb, avoue Marc<br \/>\nLavoine<\/p>\n<p>Ce samedi 5 juillet, <strong>le couple s\u2019est affich\u00e9 plus<br \/>\namoureux que jamais dans 50\u2019 Inside<\/strong>, l\u2019\u00e9mission qui leur a<br \/>\npermis de d\u00e9voiler leurs sentiments au grand jour il y a plus d\u2019un<br \/>\nan. Incroyable mais vrai, Marc Lavoine a r\u00e9v\u00e9l\u00e9 qu\u2019<strong>il<br \/>\ncomptait changer radicalement de vie<\/strong>. Un projet qui n\u2019a<br \/>\nfinalement pas abouti en raison de <strong>sa rencontre inattendue<br \/>\navec Adriana Karembeu<\/strong>.<\/p>\n<p><strong>\u00ab\u00a0J\u2019allais quitter le pays<\/strong>, j\u2019avais pr\u00e9vu de<br \/>\n<strong>partir en Gr\u00e8ce<\/strong> et d\u2019\u00e9crire des livres,<br \/>\nd\u2019<strong>arr\u00eater de chanter<\/strong>, d\u2019<strong>arr\u00eater le<br \/>\ncin\u00e9ma<\/strong>. Tout m\u2019emb\u00eatait, <strong>je voulais partir de<br \/>\nParis\u00a0\u00bb<\/strong>, d\u00e9voile ainsi le sexag\u00e9naire avant de se<br \/>\nmontrer reconnaissant envers l\u2019\u00e9mission de TF1 : \u00ab\u00a0Merci 50min<br \/>\nInside, gr\u00e2ce \u00e0 vous, <strong>j\u2019ai rencontr\u00e9 la femme de ma<br \/>\nvie<\/strong> et je suis ravi\u00a0\u00bb. Adriana Karembeu, pr\u00e9sente \u00e0<br \/>\nses c\u00f4t\u00e9s, a ajout\u00e9 avec une pointe d\u2019ironie : \u00ab\u00a0Gr\u00e2ce \u00e0 moi<br \/>\naussi un peu ?\u00a0\u00bb. Une complicit\u00e9 qui cr\u00e8ve les yeux.<\/p>\n","protected":false},"excerpt":{"rendered":"En juin 2024, Paris Match r\u00e9v\u00e9lait l\u2019existence du couple form\u00e9 par Adriana Karembeu et Marc Lavoine. Aper\u00e7us en&hellip;\n","protected":false},"author":2,"featured_media":232893,"comment_status":"","ping_status":"","sticky":false,"template":"","format":"standard","meta":{"footnotes":""},"categories":[1359],"tags":[905,6382,58,59,1011,27,7593,973],"class_list":{"0":"post-232892","1":"post","2":"type-post","3":"status-publish","4":"format-standard","5":"has-post-thumbnail","7":"category-people","8":"tag-a-la-une-melty","9":"tag-adriana-karembeu","10":"tag-divertissement","11":"tag-entertainment","12":"tag-fr","13":"tag-france","14":"tag-marc-lavoine","15":"tag-people"},"share_on_mastodon":{"url":"https:\/\/pubeurope.com\/@fr\/114812623510261161","error":""},"_links":{"self":[{"href":"https:\/\/www.europesays.com\/fr\/wp-json\/wp\/v2\/posts\/232892","targetHints":{"allow":["GET"]}}],"collection":[{"href":"https:\/\/www.europesays.com\/fr\/wp-json\/wp\/v2\/posts"}],"about":[{"href":"https:\/\/www.europesays.com\/fr\/wp-json\/wp\/v2\/types\/post"}],"author":[{"embeddable":true,"href":"https:\/\/www.europesays.com\/fr\/wp-json\/wp\/v2\/users\/2"}],"replies":[{"embeddable":true,"href":"https:\/\/www.europesays.com\/fr\/wp-json\/wp\/v2\/comments?post=232892"}],"version-history":[{"count":0,"href":"https:\/\/www.europesays.com\/fr\/wp-json\/wp\/v2\/posts\/232892\/revisions"}],"wp:featuredmedia":[{"embeddable":true,"href":"https:\/\/www.europesays.com\/fr\/wp-json\/wp\/v2\/media\/232893"}],"wp:attachment":[{"href":"https:\/\/www.europesays.com\/fr\/wp-json\/wp\/v2\/media?parent=232892"}],"wp:term":[{"taxonomy":"category","embeddable":true,"href":"https:\/\/www.europesays.com\/fr\/wp-json\/wp\/v2\/categories?post=232892"},{"taxonomy":"post_tag","embeddable":true,"href":"https:\/\/www.europesays.com\/fr\/wp-json\/wp\/v2\/tags?post=232892"}],"curies":[{"name":"wp","href":"https:\/\/api.w.org\/{rel}","templated":true}]}}