{"id":232894,"date":"2025-07-07T15:19:08","date_gmt":"2025-07-07T15:19:08","guid":{"rendered":"https:\/\/www.europesays.com\/fr\/232894\/"},"modified":"2025-07-07T15:19:08","modified_gmt":"2025-07-07T15:19:08","slug":"exposition-hokusai-a-nantes-les-chefs-doeuvre-du-musee-hokusai-kan-dobuse-deferlent-sur-le-chateau-des-ducs-de-bretagne-telerama","status":"publish","type":"post","link":"https:\/\/www.europesays.com\/fr\/232894\/","title":{"rendered":"Exposition \u201cHokusai\u201d \u00e0 Nantes : les chefs-d\u2019\u0153uvre du mus\u00e9e Hokusai-kan d\u2019Obuse d\u00e9ferlent sur le ch\u00e2teau des ducs de Bretagne &#8211; T\u00e9l\u00e9rama"},"content":{"rendered":"<ol>\n<li><a href=\"https:\/\/news.google.com\/rss\/articles\/CBMihwJBVV95cUxQSmVUbXlJcE9WanltcHplRDZpSmFMaERxYTdmQUc2Z0pNTGNqTWMwbTBmb0ZzckZDX3k4UHZwZWd4NlNOVHo0Z09fbmlycXU1eEh6OERua1d4T0lsMF9qVVlIcGxDZ2duTDEtRU0xS3RvVUQ5SFczRUo0M195U21BSi1PbUNxS29PZmY1OHlFRE4wVzhpUHFxTDVUN0V2VkQ3UmFwd0dMNmV4X3BVVXF3WlhuS1d1OFJ0LWFmYWt2OFJjQldEbGxBU0hGUFFvRDRjb2FEemt1Z1hZX2FyaVJuaGpQNS04S0tZTklHZjhSUUwxZjFsVWxCSXdMNTJTTWhyclowYmE0Yw?oc=5\" target=\"_blank\" rel=\"nofollow noopener\">Exposition \u201cHokusai\u201d \u00e0 Nantes : les chefs-d\u2019\u0153uvre du mus\u00e9e Hokusai-kan d\u2019Obuse d\u00e9ferlent sur le ch\u00e2teau des ducs de Bretagne<\/a>&nbsp;&nbsp;T\u00e9l\u00e9rama<\/li>\n<li><a href=\"https:\/\/news.google.com\/rss\/articles\/CBMi5wFBVV95cUxOcnV4SlBuMnlDcUE5MUNadVQzZzFFX0x4TTQxS3VMaEZTTnlLcXJNLWNsMURBVTl6azA4M1psdFh6aWo1N0l3SDZIMmtaVDRtNFhBcEdvcXRtbFdXczRNWG50WE4wVlhOeWZEcTBpZFNUNTNZQlp2UmVadXJhUllmYlVrZ1VnVkRvaDliWEFtd1F1OENoQlhySFl5Sjl2UW5YOUlQUmJCalA4TlhOTlA3RmpXMkx1X20zQ245cVRDSXpfci1KM1pnWE1JS0FfWmxmU3hXMjVoakwzekhJOUdrSVVCdzh3YTg?oc=5\" target=\"_blank\" rel=\"nofollow noopener\">\u00c0 Nantes, les p\u00e9pites de l\u2019expo Hokusai au ch\u00e2teau des Ducs<\/a>&nbsp;&nbsp;Ouest-France<\/li>\n<li><a href=\"https:\/\/news.google.com\/rss\/articles\/CBMiswFBVV95cUxPSkZ3SlU1QjJUaU9UTWJmUG5DbXRnQ0N1aGJpaVcxUjdrNE14OHJpeV9rc2Y2NUtEUjZtbzU5UmU4NlZCd040OGJ3aGg3SU5xbWdYVS1wQUQxTU04LUFFVVhrVVc1TTBFdk5zVVladEljdkNWRFRXWXJfRWppMTRTa2xXdEo3alJKM0hoM2FNQUJLcERyTUUwTVV2UWhlSm9IX0hwb2hPdEZGVHpCZndheTh0bw?oc=5\" target=\"_blank\" rel=\"nofollow noopener\">Les dix expositions \u00e0 ne (surtout) pas manquer en Bretagne cet \u00e9t\u00e9<\/a>&nbsp;&nbsp;Le T\u00e9l\u00e9gramme<\/li>\n<li><a href=\"https:\/\/news.google.com\/rss\/articles\/CBMikwFBVV95cUxQNVVTTkQzYmJOUk1jbjJHbWZFb0hoV2VpVTlWOFBQVkJKZjAwdDRWTU9OeG1YXzJJZUJjQVFPbjhDS2x2VHNoY3FEVE04cW44YjVTOUdJdjZZLTFIekJadnAyQmZ4dkxVVEM5TDRlY3N3VXlncklwUlhCMXNUcThNTENOMUJYMWR1WFBQbFVGVWZHSkk?oc=5\" target=\"_blank\" rel=\"nofollow noopener\">Les chefs-d&rsquo;\u0153uvre de Hokusai \u00e0 l&rsquo;honneur d&rsquo;une exposition cet \u00e9t\u00e9<\/a>&nbsp;&nbsp;Vogue France<\/li>\n<li><a href=\"https:\/\/news.google.com\/rss\/articles\/CBMivgFBVV95cUxNbndFdzBUc0NEbnptaDgxMTZ2YnpjeXpuUTMxXzUzdG1OS0gwOWYxV09fV2dwa1ZmOGFsbmthSUlIYVFqcGVMMEJWSU1JbXg1ZGJTS0xTUGppNXBqTVVwekdwZmlaMHNLdTJhdlVKcDJ6NmVnS0ROTzVBQ2JGOXpoa0JFVk11YVVpZ3UwUks4Wk41ZTg3TW9MRmtsR3ZmTHpTeXdhd18tNVlyY094NkphUWVOR25TM05zcmV2V2VB?oc=5\" target=\"_blank\" rel=\"nofollow noopener\">L&rsquo;exposition Hokusai \u00e0 Nantes : l&rsquo;occasion d&rsquo;admirer des \u0153uvres jamais vues en Occident<\/a>&nbsp;&nbsp;europe1.fr<\/li>\n<\/ol>\n","protected":false},"excerpt":{"rendered":"Exposition \u201cHokusai\u201d \u00e0 Nantes : les chefs-d\u2019\u0153uvre du mus\u00e9e Hokusai-kan d\u2019Obuse d\u00e9ferlent sur le ch\u00e2teau des ducs de&hellip;\n","protected":false},"author":2,"featured_media":232895,"comment_status":"","ping_status":"","sticky":false,"template":"","format":"standard","meta":{"footnotes":""},"categories":[1358],"tags":[1348,1384,1385,1386,58,59,1011,27],"class_list":{"0":"post-232894","1":"post","2":"type-post","3":"status-publish","4":"format-standard","5":"has-post-thumbnail","7":"category-arts-et-design","8":"tag-arts","9":"tag-arts-and-design","10":"tag-arts-et-design","11":"tag-design","12":"tag-divertissement","13":"tag-entertainment","14":"tag-fr","15":"tag-france"},"share_on_mastodon":{"url":"https:\/\/pubeurope.com\/@fr\/114812627452321005","error":""},"_links":{"self":[{"href":"https:\/\/www.europesays.com\/fr\/wp-json\/wp\/v2\/posts\/232894","targetHints":{"allow":["GET"]}}],"collection":[{"href":"https:\/\/www.europesays.com\/fr\/wp-json\/wp\/v2\/posts"}],"about":[{"href":"https:\/\/www.europesays.com\/fr\/wp-json\/wp\/v2\/types\/post"}],"author":[{"embeddable":true,"href":"https:\/\/www.europesays.com\/fr\/wp-json\/wp\/v2\/users\/2"}],"replies":[{"embeddable":true,"href":"https:\/\/www.europesays.com\/fr\/wp-json\/wp\/v2\/comments?post=232894"}],"version-history":[{"count":0,"href":"https:\/\/www.europesays.com\/fr\/wp-json\/wp\/v2\/posts\/232894\/revisions"}],"wp:featuredmedia":[{"embeddable":true,"href":"https:\/\/www.europesays.com\/fr\/wp-json\/wp\/v2\/media\/232895"}],"wp:attachment":[{"href":"https:\/\/www.europesays.com\/fr\/wp-json\/wp\/v2\/media?parent=232894"}],"wp:term":[{"taxonomy":"category","embeddable":true,"href":"https:\/\/www.europesays.com\/fr\/wp-json\/wp\/v2\/categories?post=232894"},{"taxonomy":"post_tag","embeddable":true,"href":"https:\/\/www.europesays.com\/fr\/wp-json\/wp\/v2\/tags?post=232894"}],"curies":[{"name":"wp","href":"https:\/\/api.w.org\/{rel}","templated":true}]}}