{"id":232896,"date":"2025-07-07T15:20:28","date_gmt":"2025-07-07T15:20:28","guid":{"rendered":"https:\/\/www.europesays.com\/fr\/232896\/"},"modified":"2025-07-07T15:20:28","modified_gmt":"2025-07-07T15:20:28","slug":"a-bruxelles-les-livres-sinstallent-dans-les-parcs-tout-lete","status":"publish","type":"post","link":"https:\/\/www.europesays.com\/fr\/232896\/","title":{"rendered":"\u00c0 Bruxelles, les livres s\u2019installent dans les parcs tout l\u2019\u00e9t\u00e9"},"content":{"rendered":"<p data-end=\"478\" data-start=\"136\">Du 7 juillet au 22 ao\u00fbt 2025, les enfants et leurs familles sont invit\u00e9s \u00e0 d\u00e9couvrir ou red\u00e9couvrir le plaisir de la lecture en plein air, \u00e0 l\u2019occasion de la 24e \u00e9dition de l\u2019op\u00e9ration Lire dans les parcs. \u00c0 Bruxelles, cette initiative estivale s\u2019\u00e9tend aux 19 communes de la R\u00e9gion, avec des animations gratuites dans divers parcs et jardins.<\/p>\n<p data-end=\"924\" data-start=\"480\">Organis\u00e9e par la F\u00e9d\u00e9ration Wallonie-Bruxelles, Lire dans les parcs sort les livres des biblioth\u00e8ques pour les amener directement au c\u0153ur de l\u2019espace public. Sous un arbre ou sur une couverture, les enfants \u00e9coutent des histoires racont\u00e9es \u00e0 voix haute par des biblioth\u00e9caires ou des animateurs et animatrices passionn\u00e9s. Albums illustr\u00e9s, r\u00e9cits dr\u00f4les ou po\u00e9tiques : chaque s\u00e9ance est une invitation \u00e0 r\u00eaver, r\u00e9fl\u00e9chir ou simplement s\u2019amuser.<\/p>\n<p data-end=\"1251\" data-start=\"926\">Chaque point de lecture est soutenu par une biblioth\u00e8que locale, qui assure \u00e9galement un repli \u00e0 l\u2019int\u00e9rieur en cas de mauvais temps. L\u2019objectif est simple : aller \u00e0 la rencontre des enfants, l\u00e0 o\u00f9 ils sont, pour leur faire d\u00e9couvrir la richesse du monde des livres et cr\u00e9er un lien direct avec les lieux de lecture publique.<\/p>\n<p data-end=\"1302\" data-is-last-node=\"\" data-is-only-node=\"\" data-start=\"1253\">Plus d&rsquo;informations sur le programme via ce <a href=\"https:\/\/biblio.brussels\/LireDansLesParcs\" target=\"_blank\" rel=\"noopener\">lien<\/a>.<\/p>\n<p>  BruxellesToday est \u00e9galement sur Whatsapp, <a class=\"u-color-theme\" href=\"https:\/\/whatsapp.com\/channel\/0029Vb6gonX5a240a0Jfjk2h\" target=\"_blank\" rel=\"noopener\">cliquez ici<\/a> pour vous abonner \u00e0 la cha\u00eene et \u00eatre toujours inform\u00e9  <\/p>\n","protected":false},"excerpt":{"rendered":"Du 7 juillet au 22 ao\u00fbt 2025, les enfants et leurs familles sont invit\u00e9s \u00e0 d\u00e9couvrir ou red\u00e9couvrir&hellip;\n","protected":false},"author":2,"featured_media":232897,"comment_status":"","ping_status":"","sticky":false,"template":"","format":"standard","meta":{"footnotes":""},"categories":[1357],"tags":[37191,37190,7702,1379,58,59,1011,27,2046,1380],"class_list":{"0":"post-232896","1":"post","2":"type-post","3":"status-publish","4":"format-standard","5":"has-post-thumbnail","7":"category-livres","8":"tag-activite-familiale","9":"tag-activites-enfants","10":"tag-bibliotheque","11":"tag-books","12":"tag-divertissement","13":"tag-entertainment","14":"tag-fr","15":"tag-france","16":"tag-lecture","17":"tag-livres"},"share_on_mastodon":{"url":"https:\/\/pubeurope.com\/@fr\/114812631361763889","error":""},"_links":{"self":[{"href":"https:\/\/www.europesays.com\/fr\/wp-json\/wp\/v2\/posts\/232896","targetHints":{"allow":["GET"]}}],"collection":[{"href":"https:\/\/www.europesays.com\/fr\/wp-json\/wp\/v2\/posts"}],"about":[{"href":"https:\/\/www.europesays.com\/fr\/wp-json\/wp\/v2\/types\/post"}],"author":[{"embeddable":true,"href":"https:\/\/www.europesays.com\/fr\/wp-json\/wp\/v2\/users\/2"}],"replies":[{"embeddable":true,"href":"https:\/\/www.europesays.com\/fr\/wp-json\/wp\/v2\/comments?post=232896"}],"version-history":[{"count":0,"href":"https:\/\/www.europesays.com\/fr\/wp-json\/wp\/v2\/posts\/232896\/revisions"}],"wp:featuredmedia":[{"embeddable":true,"href":"https:\/\/www.europesays.com\/fr\/wp-json\/wp\/v2\/media\/232897"}],"wp:attachment":[{"href":"https:\/\/www.europesays.com\/fr\/wp-json\/wp\/v2\/media?parent=232896"}],"wp:term":[{"taxonomy":"category","embeddable":true,"href":"https:\/\/www.europesays.com\/fr\/wp-json\/wp\/v2\/categories?post=232896"},{"taxonomy":"post_tag","embeddable":true,"href":"https:\/\/www.europesays.com\/fr\/wp-json\/wp\/v2\/tags?post=232896"}],"curies":[{"name":"wp","href":"https:\/\/api.w.org\/{rel}","templated":true}]}}