{"id":232904,"date":"2025-07-07T15:24:10","date_gmt":"2025-07-07T15:24:10","guid":{"rendered":"https:\/\/www.europesays.com\/fr\/232904\/"},"modified":"2025-07-07T15:24:10","modified_gmt":"2025-07-07T15:24:10","slug":"une-etude-revele-que-le-cote-du-corps-atteint-predit-levolution-de-la-maladie","status":"publish","type":"post","link":"https:\/\/www.europesays.com\/fr\/232904\/","title":{"rendered":"une \u00e9tude r\u00e9v\u00e8le que le c\u00f4t\u00e9 du corps atteint pr\u00e9dit l\u2019\u00e9volution de la maladie"},"content":{"rendered":"<p>Le c\u00f4t\u00e9 d\u2019apparition des premiers sympt\u00f4mes de la maladie de Parkison influence son \u00e9volution, au niveau cognitif et \u00e9motionnel. Tel est le r\u00e9sultat d\u2019une \u00e9tude men\u00e9e par une \u00e9quipe de l\u2019universit\u00e9 de Gen\u00e8ve et des h\u00f4pitaux universitaires de Gen\u00e8ve, et r\u00e9cemment publi\u00e9e dans npj Parkinson\u2019s Disease.<\/p>\n<p>Selon les chercheurs, les patients avec des sympt\u00f4mes moteurs du c\u00f4t\u00e9 droit pr\u00e9sentent un risque de d\u00e9mence plus \u00e9lev\u00e9, tandis que les individus pr\u00e9sentant des sympt\u00f4mes du c\u00f4t\u00e9 gauche sont plus souvent confront\u00e9s \u00e0 des probl\u00e8mes psychiatriques tels que la d\u00e9pression, l\u2019anxi\u00e9t\u00e9 et l\u2019alt\u00e9ration de la reconnaissance des \u00e9motions.\u00a0Prendre en compte cette variable permettrait une meilleure prise en charge, alors que la maladie touche 10\u00a0millions de personnes dans le monde.\u2003<\/p>\n","protected":false},"excerpt":{"rendered":"Le c\u00f4t\u00e9 d\u2019apparition des premiers sympt\u00f4mes de la maladie de Parkison influence son \u00e9volution, au niveau cognitif et&hellip;\n","protected":false},"author":2,"featured_media":232905,"comment_status":"","ping_status":"","sticky":false,"template":"","format":"standard","meta":{"footnotes":""},"categories":[10],"tags":[4634,4636,4637,107,1011,27,329,10382,4638,72,71],"class_list":{"0":"post-232904","1":"post","2":"type-post","3":"status-publish","4":"format-standard","5":"has-post-thumbnail","7":"category-sante","8":"tag-annemasse","9":"tag-annemasse-bassin","10":"tag-edition-grand-geneve-chablais-ain","11":"tag-fil-info","12":"tag-fr","13":"tag-france","14":"tag-france-monde","15":"tag-frontaliers","16":"tag-haute-savoie","17":"tag-health","18":"tag-sante"},"share_on_mastodon":{"url":"https:\/\/pubeurope.com\/@fr\/114812647108061603","error":""},"_links":{"self":[{"href":"https:\/\/www.europesays.com\/fr\/wp-json\/wp\/v2\/posts\/232904","targetHints":{"allow":["GET"]}}],"collection":[{"href":"https:\/\/www.europesays.com\/fr\/wp-json\/wp\/v2\/posts"}],"about":[{"href":"https:\/\/www.europesays.com\/fr\/wp-json\/wp\/v2\/types\/post"}],"author":[{"embeddable":true,"href":"https:\/\/www.europesays.com\/fr\/wp-json\/wp\/v2\/users\/2"}],"replies":[{"embeddable":true,"href":"https:\/\/www.europesays.com\/fr\/wp-json\/wp\/v2\/comments?post=232904"}],"version-history":[{"count":0,"href":"https:\/\/www.europesays.com\/fr\/wp-json\/wp\/v2\/posts\/232904\/revisions"}],"wp:featuredmedia":[{"embeddable":true,"href":"https:\/\/www.europesays.com\/fr\/wp-json\/wp\/v2\/media\/232905"}],"wp:attachment":[{"href":"https:\/\/www.europesays.com\/fr\/wp-json\/wp\/v2\/media?parent=232904"}],"wp:term":[{"taxonomy":"category","embeddable":true,"href":"https:\/\/www.europesays.com\/fr\/wp-json\/wp\/v2\/categories?post=232904"},{"taxonomy":"post_tag","embeddable":true,"href":"https:\/\/www.europesays.com\/fr\/wp-json\/wp\/v2\/tags?post=232904"}],"curies":[{"name":"wp","href":"https:\/\/api.w.org\/{rel}","templated":true}]}}