{"id":232906,"date":"2025-07-07T15:25:12","date_gmt":"2025-07-07T15:25:12","guid":{"rendered":"https:\/\/www.europesays.com\/fr\/232906\/"},"modified":"2025-07-07T15:25:12","modified_gmt":"2025-07-07T15:25:12","slug":"les-joueurs-de-lom-font-leur-retour-a-lentrainement-france-olympique-de-marseille","status":"publish","type":"post","link":"https:\/\/www.europesays.com\/fr\/232906\/","title":{"rendered":"Les joueurs de l\u2019OM font leur retour \u00e0 l\u2019entra\u00eenement &#8211; France &#8211; Olympique de Marseille"},"content":{"rendered":"<p>Les vacances sont termin\u00e9es.<\/p>\n<p class=\"my-0\">L\u2019Olympique de Marseille a repris l\u2019entra\u00eenement ce lundi sous la direction de Roberto De Zerbi. Les joueurs \u00e9taient d\u2019abord convoqu\u00e9s pour des examens m\u00e9dicaux, qui se poursuivront mardi, et<strong> le premier entra\u00eenement avec ballon n\u2019aura lieu que jeudi. <\/strong><\/p>\n<p class=\"my-0\">Les internationaux ayant termin\u00e9 leur saison plus tard avec leur s\u00e9lection, comme Adrien Rabiot, Amine Gouiri, Geronimo Rulli, Leonardo Balerdi, Facundo Medina, Quentin Merlin, Jonathan Rowe et CJ Egan-Riley, <strong>ne sont attendus \u00e0 Marseille qu\u2019en fin de semaine ou au d\u00e9but de la semaine prochaine.<\/strong><\/p>\n<p>Six joueurs envoy\u00e9s avec la r\u00e9serve<\/p>\n<p class=\"my-0\">Au cours du mois et demi qui arrive,<strong> l\u2019OM jouera des matchs amicaux aux Pays-Bas et en Espagne notamment<\/strong>, mais <a target=\"_blank\" href=\"https:\/\/www.sofoot.com\/breves\/rennes-om-et-nantes-psg-on-conna%C3%AEt-les-affiches-de-la-premiere-journee-de-ligue-1\" rel=\"nofollow noopener\">le plus important n\u2019arrivera pas avant le week-end du 16 ao\u00fbt et un d\u00e9placement \u00e0 Rennes.\u00a0<\/a><\/p>\n<blockquote class=\"twitter-tweet\">\n<p lang=\"fr\" dir=\"ltr\">\ud835\udddd\ud835\uddfc\ud835\ude02\ud835\uddff \ud835\uddf1\ud835\uddf2 \ud835\uddff\ud835\uddf2\ud835\uddfd\ud835\uddff\ud835\uddf6\ud835\ude00\ud835\uddf2 \ud835\uddee\ud835\ude02 \ud835\uddf0\ud835\uddf2\ud835\uddfb\ud835\ude01\ud835\uddff\ud835\uddf2 \ud835\udde5\ud835\udddf\ud835\uddd7 \ud83d\udc40\ud83d\udd1c <a target=\"_blank\" href=\"https:\/\/t.co\/SwoNZCMfKL\" rel=\"nofollow\">pic.twitter.com\/SwoNZCMfKL<\/a><\/p>\n<p>\u2014 Olympique de Marseille (@OM_Officiel) <a target=\"_blank\" href=\"https:\/\/twitter.com\/OM_Officiel\/status\/1942116845487534095?ref_src=twsrc%5Etfw\" rel=\"nofollow noopener\">July 7, 2025<\/a><\/p><\/blockquote>\n<p class=\"my-0\"><strong>Six joueurs de l\u2019effectif professionnel ont \u00e9t\u00e9 envoy\u00e9s s\u2019entra\u00eener avec la r\u00e9serve<\/strong>, qui \u00e9volue en National 3 : Azzedine Ounahi, Bamo Me\u00eft\u00e9, Faris Moumbagna, Isma\u00ebl Kon\u00e9, et les gardiens Ruben Blanco et Simon Ngapandouetnbu. Ces joueurs ne participeront pas au stage aux Pays-Bas avec l\u2019\u00e9quipe premi\u00e8re et <strong>sont encourag\u00e9s \u00e0 trouver un nouveau club lors du mercato estival.<\/strong><\/p>\n<p>Pendant que le PSG continue sa saison.<\/p>\n<p>\t\t\t\t\t\t\t\t\t\t<a class=\"lien-connexe\" href=\"https:\/\/www.sofoot.com\/breves\/six-joueurs-de-lolympique-de-marseille-mis-a-lecart-pour-la-reprise-estivale\" rel=\"nofollow noopener\" target=\"_blank\">Six joueurs de l\u2019OM mis \u00e0 l\u2019\u00e9cart pour la reprise estivale<\/a>\t\t\t\t\t<script async src=\"https:\/\/platform.twitter.com\/widgets.js\" charset=\"utf-8\"><\/script><\/p>\n","protected":false},"excerpt":{"rendered":"Les vacances sont termin\u00e9es. L\u2019Olympique de Marseille a repris l\u2019entra\u00eenement ce lundi sous la direction de Roberto De&hellip;\n","protected":false},"author":2,"featured_media":232907,"comment_status":"","ping_status":"","sticky":false,"template":"","format":"standard","meta":{"footnotes":""},"categories":[9],"tags":[47,61,69,65,64,63,1011,27,68,66,62,70,67,60],"class_list":{"0":"post-232906","1":"post","2":"type-post","3":"status-publish","4":"format-standard","5":"has-post-thumbnail","7":"category-sports","8":"tag-actualite","9":"tag-actus-football","10":"tag-bundesliga","11":"tag-championnats-europeens","12":"tag-equipe-de-france","13":"tag-football","14":"tag-fr","15":"tag-france","16":"tag-ligua","17":"tag-ligue-1","18":"tag-news-foot","19":"tag-premier-league","20":"tag-serie-a","21":"tag-sports"},"share_on_mastodon":{"url":"https:\/\/pubeurope.com\/@fr\/114812651029539473","error":""},"_links":{"self":[{"href":"https:\/\/www.europesays.com\/fr\/wp-json\/wp\/v2\/posts\/232906","targetHints":{"allow":["GET"]}}],"collection":[{"href":"https:\/\/www.europesays.com\/fr\/wp-json\/wp\/v2\/posts"}],"about":[{"href":"https:\/\/www.europesays.com\/fr\/wp-json\/wp\/v2\/types\/post"}],"author":[{"embeddable":true,"href":"https:\/\/www.europesays.com\/fr\/wp-json\/wp\/v2\/users\/2"}],"replies":[{"embeddable":true,"href":"https:\/\/www.europesays.com\/fr\/wp-json\/wp\/v2\/comments?post=232906"}],"version-history":[{"count":0,"href":"https:\/\/www.europesays.com\/fr\/wp-json\/wp\/v2\/posts\/232906\/revisions"}],"wp:featuredmedia":[{"embeddable":true,"href":"https:\/\/www.europesays.com\/fr\/wp-json\/wp\/v2\/media\/232907"}],"wp:attachment":[{"href":"https:\/\/www.europesays.com\/fr\/wp-json\/wp\/v2\/media?parent=232906"}],"wp:term":[{"taxonomy":"category","embeddable":true,"href":"https:\/\/www.europesays.com\/fr\/wp-json\/wp\/v2\/categories?post=232906"},{"taxonomy":"post_tag","embeddable":true,"href":"https:\/\/www.europesays.com\/fr\/wp-json\/wp\/v2\/tags?post=232906"}],"curies":[{"name":"wp","href":"https:\/\/api.w.org\/{rel}","templated":true}]}}