{"id":232912,"date":"2025-07-07T15:29:10","date_gmt":"2025-07-07T15:29:10","guid":{"rendered":"https:\/\/www.europesays.com\/fr\/232912\/"},"modified":"2025-07-07T15:29:10","modified_gmt":"2025-07-07T15:29:10","slug":"tesla-chute-en-bourse-apres-lannonce-par-elon-musk-de-la-creation-de-son-propre-parti-politique","status":"publish","type":"post","link":"https:\/\/www.europesays.com\/fr\/232912\/","title":{"rendered":"Tesla chute en Bourse apr\u00e8s l\u2019annonce par Elon Musk de la cr\u00e9ation de son propre parti politique"},"content":{"rendered":"<p>Le milliardaire d\u2019origine sud-africaine, ancien proche soutien de Donald Trump, a annonc\u00e9 samedi la cr\u00e9ation de sa propre formation politique, le \u00abParti de l\u2019Am\u00e9rique\u00bb.<\/p>\n<p class=\"fig-paragraph\">Le titre du sp\u00e9cialiste des v\u00e9hicules \u00e9lectriques\u00a0<a href=\"http:\/\/www.lefigaro.fr\/automobile\/redoutant-les-agressions-les-dirigeants-de-tesla-france-ne-veulent-plus-que-leur-adresse-soit-publique-20250707\" data-fig-type=\"NewsFlash\" data-gtm-custom-categorie=\"navigation\" data-gtm-custom-action=\"crossclick\" data-gtm-custom-label=\"Contextuel\" data-gtm-event=\"customEventSPE\" data-fig-domain=\"LEFIGARO\" target=\"_blank\" rel=\"noopener\">Tesla\u00a0<\/a>chutait de pr\u00e8s de 8% \u00e0 l&rsquo;ouverture de Wall Street lundi apr\u00e8s que son patron Elon Musk\u00a0<a href=\"http:\/\/www.lefigaro.fr\/international\/le-milliardaire-elon-musk-annonce-creer-sa-formation-politique-le-parti-de-l-amerique-20250705\" target=\"_blank\" data-fig-type=\"NewsFlash\" rel=\"noopener\" data-gtm-custom-categorie=\"navigation\" data-gtm-custom-action=\"crossclick\" data-gtm-custom-label=\"Contextuel\" data-gtm-event=\"customEventSPE\" data-fig-domain=\"LEFIGARO\">a annonc\u00e9 samedi la cr\u00e9ation de sa propre formation politique<\/a>, le \u00abParti de l&rsquo;Am\u00e9rique\u00bb. Vers 13h50 GMT, le groupe l\u00e2chait 7,76% \u00e0 290,89 dollars, repassant sous le seuil symbolique des 1000 milliards de dollars de capitalisation boursi\u00e8re.<\/p>\n<p class=\"fig-paragraph\">\u00abLe fait que Musk s\u2019implique d\u2019autant plus en politique, (&#8230;) c\u2019est exactement la direction oppos\u00e9e que les investisseurs et actionnaires de Tesla veulent qu\u2019il prenne\u00bb, explique dans une note Daniel Ives, de Wedbush. Vent debout contre le projet de loi budg\u00e9taire du pr\u00e9sident am\u00e9ricain, dont il d\u00e9nonce l\u2019impact sur les finances publiques, Elon Musk avait promis ces derniers jours de lancer son propre parti politique si le texte \u00e9tait adopt\u00e9. Vendredi, jour de la f\u00eate nationale am\u00e9ricaine et de la promulgation en grande pompe de la \u00abgrande et belle loi\u00bb de Donald Trump, il avait lanc\u00e9 un sondage sur cette id\u00e9e sur son r\u00e9seau social. \u00abPar un rapport de deux contre un, vous voulez un nouveau parti politique, et vous l\u2019aurez!\u00bb, a annonc\u00e9 samedi le magnat de la tech, alors que 65% des quelque 1,2 million de votants ont r\u00e9pondu \u00aboui\u00bb \u00e0 la question de savoir s\u2019ils souhaitaient que le \u00abParti de l\u2019Am\u00e9rique\u00bb voie le jour.<\/p>\n<p>                                    <a class=\"fig-a11y-skip a11y-hidden\" href=\"#fig-a11y-skip-main-inarticle\"><br \/>\n        Passer la publicit\u00e9<br \/>\n    <\/a><\/p>\n<p class=\"fig-paragraph\">Ancien proche alli\u00e9 de Donald Trump, dont il a tr\u00e8s g\u00e9n\u00e9reusement financ\u00e9 la campagne lors de l\u2019\u00e9lection pr\u00e9sidentielle en 2024, Elon Musk avait \u00e9t\u00e9 charg\u00e9 de sabrer dans les d\u00e9penses de l\u2019\u00c9tat f\u00e9d\u00e9ral avec sa commission Doge avant que les deux milliardaires ne se brouillent en mai de mani\u00e8re spectaculaire \u00e0 la face du monde. \u00abApr\u00e8s avoir quitt\u00e9 l\u2019administration Trump et le Doge, il y a eu un soulagement initial de la part des actionnaires de Tesla\u00bb, commente Daniel Ives. \u00abCe soulagement n\u2019a dur\u00e9 que tr\u00e8s peu de temps et la situation s\u2019est encore aggrav\u00e9e avec cette derni\u00e8re annonce\u00bb de Musk, poursuit l\u2019analyste. Donald Trump a raill\u00e9 dimanche le nouveau projet d\u2019Elon Musk,\u00a0<a href=\"http:\/\/www.lefigaro.fr\/international\/trump-qualifie-la-creation-du-parti-politique-d-elon-musk-de-ridicule-20250707\" target=\"_blank\" data-fig-type=\"NewsFlash\" rel=\"noopener\" data-gtm-custom-categorie=\"navigation\" data-gtm-custom-action=\"crossclick\" data-gtm-custom-label=\"Contextuel\" data-gtm-event=\"customEventSPE\" data-fig-domain=\"LEFIGARO\">qualifiant cette id\u00e9e de \u00abridicule\u00bb<\/a> . Depuis son sommet atteint en d\u00e9cembre, le cours de Tesla a d\u00e9viss\u00e9 de pr\u00e8s de 40%.<\/p>\n","protected":false},"excerpt":{"rendered":"Le milliardaire d\u2019origine sud-africaine, ancien proche soutien de Donald Trump, a annonc\u00e9 samedi la cr\u00e9ation de sa propre&hellip;\n","protected":false},"author":2,"featured_media":232913,"comment_status":"","ping_status":"","sticky":false,"template":"","format":"standard","meta":{"footnotes":""},"categories":[6],"tags":[340,35,33,34,46,1011,27,320],"class_list":{"0":"post-232912","1":"post","2":"type-post","3":"status-publish","4":"format-standard","5":"has-post-thumbnail","7":"category-economie","8":"tag-bourse","9":"tag-business","10":"tag-economie","11":"tag-economy","12":"tag-elon-musk","13":"tag-fr","14":"tag-france","15":"tag-tesla"},"share_on_mastodon":{"url":"https:\/\/pubeurope.com\/@fr\/114812666741633193","error":""},"_links":{"self":[{"href":"https:\/\/www.europesays.com\/fr\/wp-json\/wp\/v2\/posts\/232912","targetHints":{"allow":["GET"]}}],"collection":[{"href":"https:\/\/www.europesays.com\/fr\/wp-json\/wp\/v2\/posts"}],"about":[{"href":"https:\/\/www.europesays.com\/fr\/wp-json\/wp\/v2\/types\/post"}],"author":[{"embeddable":true,"href":"https:\/\/www.europesays.com\/fr\/wp-json\/wp\/v2\/users\/2"}],"replies":[{"embeddable":true,"href":"https:\/\/www.europesays.com\/fr\/wp-json\/wp\/v2\/comments?post=232912"}],"version-history":[{"count":0,"href":"https:\/\/www.europesays.com\/fr\/wp-json\/wp\/v2\/posts\/232912\/revisions"}],"wp:featuredmedia":[{"embeddable":true,"href":"https:\/\/www.europesays.com\/fr\/wp-json\/wp\/v2\/media\/232913"}],"wp:attachment":[{"href":"https:\/\/www.europesays.com\/fr\/wp-json\/wp\/v2\/media?parent=232912"}],"wp:term":[{"taxonomy":"category","embeddable":true,"href":"https:\/\/www.europesays.com\/fr\/wp-json\/wp\/v2\/categories?post=232912"},{"taxonomy":"post_tag","embeddable":true,"href":"https:\/\/www.europesays.com\/fr\/wp-json\/wp\/v2\/tags?post=232912"}],"curies":[{"name":"wp","href":"https:\/\/api.w.org\/{rel}","templated":true}]}}