{"id":232916,"date":"2025-07-07T15:31:09","date_gmt":"2025-07-07T15:31:09","guid":{"rendered":"https:\/\/www.europesays.com\/fr\/232916\/"},"modified":"2025-07-07T15:31:09","modified_gmt":"2025-07-07T15:31:09","slug":"la-grace-presidentielle-en-algerie-soupape-politique-du-systeme-judiciaire","status":"publish","type":"post","link":"https:\/\/www.europesays.com\/fr\/232916\/","title":{"rendered":"la gr\u00e2ce pr\u00e9sidentielle en Alg\u00e9rie, soupape politique du syst\u00e8me judiciaire"},"content":{"rendered":"<p><strong>D\u00c9CRYPTAGE <\/strong>\u2013 Alors qu\u2019en France, la gr\u00e2ce pr\u00e9sidentielle est rare et individuelle, en Alg\u00e9rie, cette mesure est fr\u00e9quente et inscrite dans la vie politique.<\/p>\n<p class=\"fig-paragraph\">Boualem Sansal, condamn\u00e9 \u00e0 5\u00a0ans de prison ferme en Alg\u00e9rie et incarc\u00e9r\u00e9 depuis novembre 2024, ne pourra \u00eatre lib\u00e9r\u00e9 qu\u2019\u00e0 une seule condition\u00a0: il doit faire l\u2019objet d\u2019une\u00a0<a href=\"https:\/\/video.lefigaro.fr\/figaro\/video\/boualem-sansal-na-pas-beneficie-de-la-grace-du-president-algerien\/\" target=\"_blank\" data-fig-type=\"Video\" rel=\"noopener\" data-gtm-custom-categorie=\"navigation\" data-gtm-custom-action=\"crossclick\" data-gtm-custom-label=\"Contextuel\" data-gtm-event=\"customEventSPE\" data-fig-domain=\"VIDEO\">gr\u00e2ce pr\u00e9sidentielle<\/a>. Alors qu\u2019en France, cette mesure est exceptionnelle et cibl\u00e9e &#8211;\u00a0la derni\u00e8re en date remonte \u00e0 2018,\u00a0<a href=\"https:\/\/www.lefigaro.fr\/flash-actu\/2018\/05\/27\/97001-20180527FILWWW00016-macron-accorde-sa-premiere-grace-presidentielle.php\" data-fig-type=\"NewsFlash\" data-gtm-custom-categorie=\"navigation\" data-gtm-custom-action=\"crossclick\" data-gtm-custom-label=\"Contextuel\" data-gtm-event=\"customEventSPE\" data-fig-domain=\"LEFIGARO\" target=\"_blank\" rel=\"noopener\">lorsque Emmanuel Macron a commu\u00e9 la peine de r\u00e9clusion \u00e0 perp\u00e9tuit\u00e9 d\u2019une d\u00e9tenue en une peine de 20 ans<\/a>\u00a0-, en Alg\u00e9rie, la gr\u00e2ce pr\u00e9sidentielle est une pratique r\u00e9guli\u00e8re, le plus souvent collective, et intimement li\u00e9e \u00e0 la vie politique.<\/p>\n<p class=\"fig-paragraph\">Elle est encadr\u00e9e par la Constitution\u00a0: l\u2019article\u00a091, alin\u00e9a\u00a08, stipule que le chef de l\u2019\u00c9tat dispose \u00ab\u00a0du droit de gr\u00e2ce, du droit de remise ou de commutation de peine\u00a0\u00bb. L\u2019article\u00a0182 pr\u00e9cise quant \u00e0 lui que le Conseil sup\u00e9rieur de la magistrature \u00e9met un avis consultatif pr\u00e9alable \u00e0 son exercice. \u00ab\u00a0En pratique, la gr\u00e2ce \u00e9tant une pr\u00e9rogative constitutionnelle attribu\u00e9e exclusivement au pr\u00e9sident, il est peu probable qu\u2019il la partage r\u00e9ellement avec\u2026<\/p>\n<p class=\"fig-premium-paywall__infos\">\n        Cet article est r\u00e9serv\u00e9 aux abonn\u00e9s.        Il vous reste 80% \u00e0 d\u00e9couvrir.\n    <\/p>\n<p>                <img  data- alt=\"Le Figaro\" class=\"fig-img--complete fig-img\"\/><\/p>\n<p class=\"fig-premium-paywall__title\">Vous avez envie de lire la suite ?<\/p>\n<p class=\"fig-premium-paywall__subtitle\">D\u00e9bloquez tous les articles imm\u00e9diatement.<\/p>\n<p class=\"fig-premium-paywall__connect\">\n                D\u00e9j\u00e0 abonn\u00e9\u00a0?                <a class=\"fig-premium-paywall__connect-link\" href=\"https:\/\/connect.lefigaro.fr\/login?client=horizon_web&amp;type=main&amp;redirect_uri=https%3A%2F%2Fwww.lefigaro.fr%2Finternational%2Faffaire-sansal-la-grace-presidentielle-en-algerie-soupape-d-une-justice-inique-20250707\" data-js-gtm=\"{&quot;customCategorie&quot;: &quot;conversion&quot;, &quot;customAction&quot;: &quot;before_Landing_Connexion_paywall_auto&quot;, &quot;customLabel&quot;: &quot;bGVmaWdhcm8uZnJfXzFmMDViMjQ2LTgyNmItNmYyYy04NzhhLTI1OTFkNWIyMWJhMV9fQXJ0aWNsZQ==_Affaire Sansal\u00a0: la gr\u00e2ce pr\u00e9sidentielle en Alg\u00e9rie, soupape politique du syst\u00e8me judiciaire_463&quot;, &quot;customIDSPE&quot;: &quot;bGVmaWdhcm8uZnJfXzFmMDViMjQ2LTgyNmItNmYyYy04NzhhLTI1OTFkNWIyMWJhMV9fQXJ0aWNsZQ==&quot;, &quot;event&quot;: &quot;customEventSPE&quot;}\" target=\"_blank\" rel=\"noopener\"><br \/>\n                    Connectez-vous<br \/>\n                <\/a>\n            <\/p>\n","protected":false},"excerpt":{"rendered":"D\u00c9CRYPTAGE \u2013 Alors qu\u2019en France, la gr\u00e2ce pr\u00e9sidentielle est rare et individuelle, en Alg\u00e9rie, cette mesure est fr\u00e9quente&hellip;\n","protected":false},"author":2,"featured_media":232917,"comment_status":"","ping_status":"","sticky":false,"template":"","format":"standard","meta":{"footnotes":""},"categories":[4],"tags":[11,15,4142,1011,27,12,25],"class_list":{"0":"post-232916","1":"post","2":"type-post","3":"status-publish","4":"format-standard","5":"has-post-thumbnail","7":"category-france","8":"tag-actualites","9":"tag-algerie","10":"tag-boualem-sansal","11":"tag-fr","12":"tag-france","13":"tag-news","14":"tag-republique-francaise"},"share_on_mastodon":{"url":"https:\/\/pubeurope.com\/@fr\/114812674977559499","error":""},"_links":{"self":[{"href":"https:\/\/www.europesays.com\/fr\/wp-json\/wp\/v2\/posts\/232916","targetHints":{"allow":["GET"]}}],"collection":[{"href":"https:\/\/www.europesays.com\/fr\/wp-json\/wp\/v2\/posts"}],"about":[{"href":"https:\/\/www.europesays.com\/fr\/wp-json\/wp\/v2\/types\/post"}],"author":[{"embeddable":true,"href":"https:\/\/www.europesays.com\/fr\/wp-json\/wp\/v2\/users\/2"}],"replies":[{"embeddable":true,"href":"https:\/\/www.europesays.com\/fr\/wp-json\/wp\/v2\/comments?post=232916"}],"version-history":[{"count":0,"href":"https:\/\/www.europesays.com\/fr\/wp-json\/wp\/v2\/posts\/232916\/revisions"}],"wp:featuredmedia":[{"embeddable":true,"href":"https:\/\/www.europesays.com\/fr\/wp-json\/wp\/v2\/media\/232917"}],"wp:attachment":[{"href":"https:\/\/www.europesays.com\/fr\/wp-json\/wp\/v2\/media?parent=232916"}],"wp:term":[{"taxonomy":"category","embeddable":true,"href":"https:\/\/www.europesays.com\/fr\/wp-json\/wp\/v2\/categories?post=232916"},{"taxonomy":"post_tag","embeddable":true,"href":"https:\/\/www.europesays.com\/fr\/wp-json\/wp\/v2\/tags?post=232916"}],"curies":[{"name":"wp","href":"https:\/\/api.w.org\/{rel}","templated":true}]}}