{"id":232918,"date":"2025-07-07T15:32:09","date_gmt":"2025-07-07T15:32:09","guid":{"rendered":"https:\/\/www.europesays.com\/fr\/232918\/"},"modified":"2025-07-07T15:32:09","modified_gmt":"2025-07-07T15:32:09","slug":"non-lieu-prononce-pour-edouard-philippe-agnes-buzyn-et-olivier-veran-liberation","status":"publish","type":"post","link":"https:\/\/www.europesays.com\/fr\/232918\/","title":{"rendered":"non-lieu prononc\u00e9 pour Edouard Philippe, Agn\u00e8s Buzyn et Olivier V\u00e9ran \u2013 Lib\u00e9ration"},"content":{"rendered":"<p class=\"sc-ksZaOG ehjQrN text-element\">La Cour de justice de la R\u00e9publique (CJR) a d\u00e9clar\u00e9 ce lundi 7 juillet un non-lieu \u00e0 l\u2019encontre d\u2019Edouard Philippe, Agn\u00e8s Buzyn et Olivier V\u00e9ran pour <a href=\"https:\/\/www.liberation.fr\/societe\/sante\/stock-des-masques-communication-gestion-de-lepidemie-la-justice-reconnait-les-fautes-du-gouvernement-20220628_K6UJ6GFSSNE7PANEV4SJMGAXJ4\/\" target=\"_blank\" rel=\"noreferrer nofollow noopener\" title=\"https:\/\/www.liberation.fr\/societe\/sante\/stock-des-masques-communication-gestion-de-lepidemie-la-justice-reconnait-les-fautes-du-gouvernement-20220628_K6UJ6GFSSNE7PANEV4SJMGAXJ4\/\">leur gestion de l\u2019\u00e9pid\u00e9mie de Covid-19<\/a>. \u00abLa commission d\u2019instruction de la Cour de justice de la R\u00e9publique (CJR) a rendu une d\u00e9cision de non-lieu\u00bb, conform\u00e9ment au \u00ab<a href=\"https:\/\/www.liberation.fr\/societe\/sante\/gestion-du-covid-19-non-lieu-requis-pour-edouard-philippe-agnes-buzyn-et-olivier-veran-20250521_HMEWU2HFOFAZXLJJ5JPVP4VVN4\/\" target=\"_blank\" rel=\"noreferrer nofollow noopener\" title=\"https:\/\/www.liberation.fr\/societe\/sante\/gestion-du-covid-19-non-lieu-requis-pour-edouard-philippe-agnes-buzyn-et-olivier-veran-20250521_HMEWU2HFOFAZXLJJ5JPVP4VVN4\/\">r\u00e9quisitoire d\u00e9finitif du minist\u00e8re public<\/a> en date du 20 mai\u00bb, a annonc\u00e9 R\u00e9my Heitz, procureur g\u00e9n\u00e9ral pr\u00e8s la Cour de cassation, dans un bref communiqu\u00e9, sans d\u00e9tailler les motivations des magistrats.<\/p>\n<p class=\"sc-ksZaOG ehjQrN text-element\">Il n\u2019y aura donc pas de proc\u00e8s sur la gestion du Covid en France. La CJR, <a href=\"https:\/\/www.liberation.fr\/societe\/police-justice\/la-cour-de-justice-de-la-republique-une-juridiction-juge-et-partie-20231106_BSFA5UW5EZD5HG75QCFBRFJ2EM\/\" target=\"_blank\" rel=\"noreferrer nofollow noopener\" title=\"https:\/\/www.liberation.fr\/societe\/police-justice\/la-cour-de-justice-de-la-republique-une-juridiction-juge-et-partie-20231106_BSFA5UW5EZD5HG75QCFBRFJ2EM\/\">r\u00e9put\u00e9e pour sa mansu\u00e9tude<\/a>, est la seule juridiction habilit\u00e9e \u00e0 poursuivre et juger les membres du gouvernement pour les crimes et d\u00e9lits commis dans l\u2019exercice de leurs fonctions.<\/p>\n<p class=\"sc-ksZaOG ehjQrN text-element\">Agn\u00e8s Buzyn puis Olivier V\u00e9ran \u00e9taient ministre de la Sant\u00e9 au d\u00e9but de la pand\u00e9mie, dans le gouvernement dirig\u00e9 par le Premier ministre Edouard Philippe. <a href=\"https:\/\/www.liberation.fr\/france\/2020\/07\/13\/gestion-de-l-epidemie-une-vague-de-plaintes-contre-le-gouvernement_1794178\/\" target=\"_blank\" rel=\"nofollow noopener\" title=\"https:\/\/www.liberation.fr\/france\/2020\/07\/13\/gestion-de-l-epidemie-une-vague-de-plaintes-contre-le-gouvernement_1794178\/\">D\u00e8s juillet 2020<\/a>, la Cour de justice de la R\u00e9publique (CJR) avait re\u00e7u pas moins de 90 plaintes mettant en cause la gestion publique de la pand\u00e9mie &#8211; notamment quant \u00e0 la p\u00e9nurie initiale de masques. Neuf avaient \u00e9t\u00e9 jug\u00e9es recevables. Le 7 juillet 2020, <a href=\"https:\/\/www.liberation.fr\/france\/2020\/07\/05\/covid-19-trois-ministres-bientot-sous-le-coup-d-une-information-judiciaire_1793380\/\" target=\"_blank\" rel=\"nofollow noopener\" title=\"https:\/\/www.liberation.fr\/france\/2020\/07\/05\/covid-19-trois-ministres-bientot-sous-le-coup-d-une-information-judiciaire_1793380\/\">une information judiciaire a \u00e9t\u00e9 ouverte<\/a> \u00e0 l\u2019encontre de l\u2019ex-Premier ministre Edouard Philippe et de ses deux ministres de la Sant\u00e9 successifs, Agn\u00e8s Buzyn et Olivier V\u00e9ran, pour \u00ababstention de combattre un sinistre\u00bb, d\u00e9lit passible de deux ans de prison et 30 000 euros d\u2019amende.<\/p>\n<p class=\"sc-ksZaOG ehjQrN text-element\"><a href=\"http:\/\/liberation.fr\/societe\/police-justice\/agnes-buzyn-mise-en-examen-pour-sa-gestion-initiale-de-la-pandemie-de-covid-19-20210910_7HO7ZPZANJDTNJ6GEFIZGTWZ34\/\" target=\"_blank\" rel=\"nofollow noopener\" title=\"http:\/\/liberation.fr\/societe\/police-justice\/agnes-buzyn-mise-en-examen-pour-sa-gestion-initiale-de-la-pandemie-de-covid-19-20210910_7HO7ZPZANJDTNJ6GEFIZGTWZ34\/\">Le 10 septembre 2021<\/a>, \u00e0 l\u2019issue d\u2019une audition marathon entam\u00e9e dans la matin\u00e9e devant les magistrats de la Cour de justice de la R\u00e9publique (CJR), Agn\u00e8s Buzyn, ministre de la Sant\u00e9 de 2017 \u00e0 2020, a \u00e9t\u00e9 mise en examen pour \u00abmise en danger de la vie d\u2019autrui\u00bb, \u00e0 propos de sa gestion de la pand\u00e9mie de Covid 19. Elle a \u00e9galement \u00e9t\u00e9 plac\u00e9e sous le statut de t\u00e9moin assist\u00e9 pour \u00ababstention volontaire de combattre un sinistre\u00bb dans ce m\u00eame dossier. L\u2019affaire avait occasionn\u00e9 des <a href=\"https:\/\/www.liberation.fr\/societe\/police-justice\/gestion-du-covid-edouard-philippe-reagit-aux-accusations-dagnes-buzyn-20221102_PPB3TJN27FH5RN33ST5M2VP2XI\/\" target=\"_blank\" rel=\"nofollow noopener\" title=\"https:\/\/www.liberation.fr\/societe\/police-justice\/gestion-du-covid-edouard-philippe-reagit-aux-accusations-dagnes-buzyn-20221102_PPB3TJN27FH5RN33ST5M2VP2XI\/\">passes d\u2019armes par presse interpos\u00e9e<\/a> entre Agn\u00e8s Buzyn et Edouard Philippe, notamment.<\/p>\n<p class=\"sc-ksZaOG ehjQrN text-element\">Mais la <a href=\"https:\/\/www.liberation.fr\/societe\/sante\/la-mise-examen-dagnes-buzyn-pour-sa-gestion-du-covid-19-annulee-par-la-cour-de-cassation-20230120_DFWP4PQZ6REEPAQLKEKCXWZRMM\/\" target=\"_blank\" rel=\"nofollow noopener\">mise en examen de l\u2019ancienne ministre de la Sant\u00e9 avait finalement \u00e9t\u00e9 annul\u00e9e par la Cour de cassation<\/a> d\u00e9but 2023, estimant qu\u2019\u00abaucun des textes [\u2026] pour mettre en examen l\u2019ancienne ministre de la Sant\u00e9 ne pr\u00e9voit d\u2019obligation particuli\u00e8re de prudence ou de s\u00e9curit\u00e9\u00bb. Il est notamment reproch\u00e9 \u00e0 Agn\u00e8s Buzyn d\u2019avoir quitt\u00e9 ses fonctions de ministre pour se lancer dans les \u00e9lections municipales \u00e0 Paris au tout d\u00e9but de la pand\u00e9mie. Devant la CJR, le parquet g\u00e9n\u00e9ral a relev\u00e9 qu\u2019elle avait quitt\u00e9 ses fonctions le 16 f\u00e9vrier 2020, \u00abdate \u00e0 laquelle aucun sinistre au sens du code p\u00e9nal n\u2019\u00e9tait encore caract\u00e9ris\u00e9\u00bb en France, le premier d\u00e9c\u00e8s d\u2019un malade contamin\u00e9 \u00e9tant \u00abintervenu le 25 f\u00e9vrier 2020\u00bb.<\/p>\n<p class=\"sc-ksZaOG ehjQrN text-element\">Surtout, l\u2019enqu\u00eate de la Cour de justice de la R\u00e9publique, forte de 25 000 pi\u00e8ces, <a href=\"https:\/\/www.liberation.fr\/societe\/sante\/les-juges-et-lassassin-ou-la-gestion-erratique-des-six-premiers-mois-de-la-crise-du-covid-20250126_5ZCFMVLGTJGOLJ7WHL6PREK6BU\/\" target=\"_blank\" rel=\"nofollow noopener\" title=\"https:\/\/www.liberation.fr\/societe\/sante\/les-juges-et-lassassin-ou-la-gestion-erratique-des-six-premiers-mois-de-la-crise-du-covid-20250126_5ZCFMVLGTJGOLJ7WHL6PREK6BU\/\">a servi de base \u00e0 un livre, Les Juges et l\u2019Assassin (Flammarion)<\/a>, documentaire gla\u00e7ant au c\u0153ur du pouvoir et de l\u2019administration, r\u00e9v\u00e9lant des \u00abfailles b\u00e9antes au sein de l\u2019appareil sanitaire hexagonal\u00bb en 2020. Des failles donc, mais pas de responsabilit\u00e9 individuelle.<\/p>\n<p class=\"sc-ksZaOG ehjQrN text-element\"><a href=\"https:\/\/www.liberation.fr\/societe\/sante\/gestion-du-covid-19-lenquete-sur-agnes-buzyn-olivier-veran-et-edouard-philippe-est-terminee-aucune-mise-en-examen-20241230_7XERHRGOKVFDPJDBICG6J2KB2M\/?redirected=1\" target=\"_blank\" rel=\"nofollow noopener\" title=\"https:\/\/www.liberation.fr\/societe\/sante\/gestion-du-covid-19-lenquete-sur-agnes-buzyn-olivier-veran-et-edouard-philippe-est-terminee-aucune-mise-en-examen-20241230_7XERHRGOKVFDPJDBICG6J2KB2M\/?redirected=1\">L\u2019enqu\u00eate s\u2019est close sans nouvelle mise en examen en d\u00e9cembre 2024<\/a>. \u00abLes investigations \u00e9tablissent que de nombreuses initiatives ont \u00e9t\u00e9 prises par le gouvernement pour combattre la pand\u00e9mie de Covid-19, faisant obstacle \u00e0 ce que l\u2019infraction d\u2019abstention volontaire de combattre un sinistre soit constitu\u00e9e \u00e0 l\u2019encontre d\u2019Edouard Philippe et d\u2019Olivier V\u00e9ran\u00bb, avait expliqu\u00e9 dans un communiqu\u00e9 R\u00e9my Heitz, procureur g\u00e9n\u00e9ral pr\u00e8s la Cour de cassation, pour expliquer ses r\u00e9quisitions d\u2019un non-lieu g\u00e9n\u00e9ralis\u00e9.<\/p>\n<p class=\"sc-ksZaOG ehjQrN text-element\"><b>Mise \u00e0 jour \u00e0 15 h 28 <\/b>avec la confirmation du non-lieu.<\/p>\n","protected":false},"excerpt":{"rendered":"La Cour de justice de la R\u00e9publique (CJR) a d\u00e9clar\u00e9 ce lundi 7 juillet un non-lieu \u00e0 l\u2019encontre&hellip;\n","protected":false},"author":2,"featured_media":232919,"comment_status":"","ping_status":"","sticky":false,"template":"","format":"standard","meta":{"footnotes":""},"categories":[2],"tags":[11,37157,4356,4357,3080,1011,27,12,37158],"class_list":{"0":"post-232918","1":"post","2":"type-post","3":"status-publish","4":"format-standard","5":"has-post-thumbnail","7":"category-actualites","8":"tag-actualites","9":"tag-agnes-buzyn","10":"tag-coronavirus","11":"tag-covid-19","12":"tag-edouard-philippe","13":"tag-fr","14":"tag-france","15":"tag-news","16":"tag-olivier-veran"},"share_on_mastodon":{"url":"https:\/\/pubeurope.com\/@fr\/114812678531853955","error":""},"_links":{"self":[{"href":"https:\/\/www.europesays.com\/fr\/wp-json\/wp\/v2\/posts\/232918","targetHints":{"allow":["GET"]}}],"collection":[{"href":"https:\/\/www.europesays.com\/fr\/wp-json\/wp\/v2\/posts"}],"about":[{"href":"https:\/\/www.europesays.com\/fr\/wp-json\/wp\/v2\/types\/post"}],"author":[{"embeddable":true,"href":"https:\/\/www.europesays.com\/fr\/wp-json\/wp\/v2\/users\/2"}],"replies":[{"embeddable":true,"href":"https:\/\/www.europesays.com\/fr\/wp-json\/wp\/v2\/comments?post=232918"}],"version-history":[{"count":0,"href":"https:\/\/www.europesays.com\/fr\/wp-json\/wp\/v2\/posts\/232918\/revisions"}],"wp:featuredmedia":[{"embeddable":true,"href":"https:\/\/www.europesays.com\/fr\/wp-json\/wp\/v2\/media\/232919"}],"wp:attachment":[{"href":"https:\/\/www.europesays.com\/fr\/wp-json\/wp\/v2\/media?parent=232918"}],"wp:term":[{"taxonomy":"category","embeddable":true,"href":"https:\/\/www.europesays.com\/fr\/wp-json\/wp\/v2\/categories?post=232918"},{"taxonomy":"post_tag","embeddable":true,"href":"https:\/\/www.europesays.com\/fr\/wp-json\/wp\/v2\/tags?post=232918"}],"curies":[{"name":"wp","href":"https:\/\/api.w.org\/{rel}","templated":true}]}}