{"id":232922,"date":"2025-07-07T15:36:14","date_gmt":"2025-07-07T15:36:14","guid":{"rendered":"https:\/\/www.europesays.com\/fr\/232922\/"},"modified":"2025-07-07T15:36:14","modified_gmt":"2025-07-07T15:36:14","slug":"tir-sept-medailles-pour-les-lorrains-dont-un-titre-pour-ange-arnoux-st-nancy","status":"publish","type":"post","link":"https:\/\/www.europesays.com\/fr\/232922\/","title":{"rendered":"Tir. Sept m\u00e9dailles pour les Lorrains dont un titre pour Ange Arnoux (ST Nancy)"},"content":{"rendered":"<p>Championnats de France 25\/50 m\u00e8tres<\/p>\n<p>Au CNTS de Ch\u00e2teauroux<\/p>\n<p>L\u2019escadron parti d\u00e9fendre les couleurs de la Lorraine aux championnats de France 25\/50 m\u00e8tres n\u2019est pas rentr\u00e9 bredouille de la banlieue de Ch\u00e2teauroux. Il a ramen\u00e9 sept m\u00e9dailles dans ses bagages, auxquelles on peut ajouter de nombreuses places d\u2019honneur et de finalistes.<\/p>\n<p>Ce sont principalement les carabiniers qui ont contribu\u00e9 \u00e0 cette moisson. \u00c0 commencer par la cadette Ange Arnoux qui a d\u00e9croch\u00e9 le seul titre de cette \u00e9dition 2025. La jeune Vosgienne licenci\u00e9e \u00e0 la Soci\u00e9t\u00e9 de Tir de Nancy s\u2019est impos\u00e9e dans la discipline du 60 balles couch\u00e9.<\/p>\n<p>Ce contenu est bloqu\u00e9 car vous n&rsquo;avez pas accept\u00e9 les cookies et autres traceurs.<\/p>\n<p>En cliquant sur \u00ab J\u2019accepte \u00bb, les cookies et autres traceurs seront d\u00e9pos\u00e9s et vous pourrez visualiser les contenus  (<a href=\"\" class=\"consentModule_policy\" target=\"_blank\" title=\"Consulter la politique de protection des donn\u00e9es du fournisseur\">plus d&rsquo;informations<\/a>).<\/p>\n<p>En cliquant sur \u00ab J\u2019accepte tous les cookies \u00bb, vous autorisez des d\u00e9p\u00f4ts de cookies et autres traceurs pour le stockage de vos donn\u00e9es sur nos sites et applications \u00e0 des fins de personnalisation et de ciblage publicitaire.<\/p>\n<p class=\"consentModule_secondaryText\">Vous gardez la possibilit\u00e9 de retirer votre consentement \u00e0 tout moment en consultant notre <a href=\"https:\/\/www.estrepublicain.fr\/protection-des-donnees\" target=\"_blank\" title=\"Consulter notre politique de protection des donn\u00e9es\" rel=\"noopener\">politique de protection des donn\u00e9es<\/a>. <br \/>&#13;<br \/>\n            <a href=\"https:\/\/www.estrepublicain.fr\/sport\/2025\/07\/07\/javascript:Didomi.notice.show()\" class=\"consentModule_cmp\" target=\"_blank\" rel=\"noopener\">G\u00e9rer mes choix<\/a>&#13;\n        <\/p>\n<p>&#13;<br \/>\n                        J&rsquo;accepte&#13;<br \/>\n            J&rsquo;accepte tous les cookies&#13;\n        <\/p>\n<p>La Mosellane Jade Bordet (Bitche) et le Lun\u00e9villois (licenci\u00e9 \u00e0 Nitting) Lucas Kryzs se sont par\u00e9s de bronze dans l\u2019\u00e9preuve du 3 positions, tout comme le minime de Volmerange Tim\u00e9o Bellamy. Dans cette m\u00eame sp\u00e9cialit\u00e9 du 3&#215;20, l\u2019\u00e9quipe cadette du ST Nancy (avec Anger Arnoux, Ana\u00eblle Thomas et Enora Graebling) est \u00e9galement mont\u00e9e sur la troisi\u00e8me marche du podium.<\/p>\n<p>Du c\u00f4t\u00e9 des pistoliers, c\u2019est encore le club de Nancy qui s\u2019est distingu\u00e9. Thibaut Hagen est devenu vice-champion de France junior au tir de pr\u00e9cision \u00e0 25 m\u00e8tres, tandis que l\u2019\u00e9quipe senior 1, compos\u00e9e de David Lorain, Thomas Delacourt et\u00a0Pierre Valentin, a pris la deuxi\u00e8me place au pistolet standard.<\/p>\n","protected":false},"excerpt":{"rendered":"Championnats de France 25\/50 m\u00e8tres Au CNTS de Ch\u00e2teauroux L\u2019escadron parti d\u00e9fendre les couleurs de la Lorraine aux&hellip;\n","protected":false},"author":2,"featured_media":232923,"comment_status":"","ping_status":"","sticky":false,"template":"","format":"standard","meta":{"footnotes":""},"categories":[9635],"tags":[1111,11,3602,1707,1704,1706,1705,10174,1777,674,107,1701,1011,27,775,1702,1703,12,25,517,1700,9805],"class_list":{"0":"post-232922","1":"post","2":"type-post","3":"status-publish","4":"format-standard","5":"has-post-thumbnail","7":"category-nancy","8":"tag-actu","9":"tag-actualites","10":"tag-edition-bar-le-duc","11":"tag-edition-luneville","12":"tag-edition-nancy-et-agglomeration","13":"tag-edition-pont-a-mousson","14":"tag-edition-toul","15":"tag-edition-verdun","16":"tag-eu","17":"tag-europe","18":"tag-fil-info","19":"tag-fil-info-sport","20":"tag-fr","21":"tag-france","22":"tag-grand-est","23":"tag-nancy","24":"tag-nancy-ville-54b","25":"tag-news","26":"tag-republique-francaise","27":"tag-sport","28":"tag-sport-lorrain","29":"tag-tir"},"share_on_mastodon":{"url":"https:\/\/pubeurope.com\/@fr\/114812694189870728","error":""},"_links":{"self":[{"href":"https:\/\/www.europesays.com\/fr\/wp-json\/wp\/v2\/posts\/232922","targetHints":{"allow":["GET"]}}],"collection":[{"href":"https:\/\/www.europesays.com\/fr\/wp-json\/wp\/v2\/posts"}],"about":[{"href":"https:\/\/www.europesays.com\/fr\/wp-json\/wp\/v2\/types\/post"}],"author":[{"embeddable":true,"href":"https:\/\/www.europesays.com\/fr\/wp-json\/wp\/v2\/users\/2"}],"replies":[{"embeddable":true,"href":"https:\/\/www.europesays.com\/fr\/wp-json\/wp\/v2\/comments?post=232922"}],"version-history":[{"count":0,"href":"https:\/\/www.europesays.com\/fr\/wp-json\/wp\/v2\/posts\/232922\/revisions"}],"wp:featuredmedia":[{"embeddable":true,"href":"https:\/\/www.europesays.com\/fr\/wp-json\/wp\/v2\/media\/232923"}],"wp:attachment":[{"href":"https:\/\/www.europesays.com\/fr\/wp-json\/wp\/v2\/media?parent=232922"}],"wp:term":[{"taxonomy":"category","embeddable":true,"href":"https:\/\/www.europesays.com\/fr\/wp-json\/wp\/v2\/categories?post=232922"},{"taxonomy":"post_tag","embeddable":true,"href":"https:\/\/www.europesays.com\/fr\/wp-json\/wp\/v2\/tags?post=232922"}],"curies":[{"name":"wp","href":"https:\/\/api.w.org\/{rel}","templated":true}]}}