{"id":232928,"date":"2025-07-07T15:40:10","date_gmt":"2025-07-07T15:40:10","guid":{"rendered":"https:\/\/www.europesays.com\/fr\/232928\/"},"modified":"2025-07-07T15:40:10","modified_gmt":"2025-07-07T15:40:10","slug":"trois-soirees-musicales-a-sainte-anne-pour-ses-30-ans","status":"publish","type":"post","link":"https:\/\/www.europesays.com\/fr\/232928\/","title":{"rendered":"trois soir\u00e9es musicales \u00e0 Sainte-Anne pour ses 30 ans\u00a0!"},"content":{"rendered":"<p>            Par<br \/>\n        <strong><br \/>\n            <a href=\"https:\/\/actu.fr\/auteur\/t-delbreil\" title=\"Consulter tous les articles de Th\u00e9o Delbreil\" rel=\"nofollow noopener\" target=\"_blank\">Th\u00e9o Delbreil<\/a><br \/>\n        <\/strong><\/p>\n<p>        Publi\u00e9 le<\/p>\n<p>            7 juil. 2025 \u00e0 16h43        <\/p>\n<p>La <strong>place Saint-Anne<\/strong> se transforme en une ar\u00e8ne de <strong>concert<\/strong> \u00e0 ciel ouvert ! Ce <strong>mardi 8 juillet<\/strong>, <strong>mercredi 9 juillet<\/strong> et <strong>jeudi 10 juillet<\/strong>, l\u2019association <strong>Quartier Nouveau Sainte-Anne<\/strong> propose la <strong>30e \u00e9dition<\/strong> des <strong>Nuits de Sainte-Anne<\/strong> avec <strong>trois soir\u00e9es musicales<\/strong> gratuites.<\/p>\n<p>    <a href=\"https:\/\/www.google.com\/maps\/embed?pb=!1m18!1m12!1m3!1d2888.816631081013!2d3.871737275107687!3d43.61035945520216!2m3!1f0!2f0!3f0!3m2!1i1024!2i768!4f13.1!3m3!1m2!1s0x12b6afa8205696ad%3A0xa80b8144a1b7013a!2sPl.%20Sainte-Anne%2C%2034000%20Montpellier!5e0!3m2!1sfr!2sfr!4v1751796857369!5m2!1sfr!2sfr\" title=\"Ouvrie le lien\" rel=\"nofollow noopener\" target=\"_blank\">Cliquez ici pour visualiser le contenu<\/a><\/p>\n<p class=\" wall-content\"><strong>Animer le quartier\u00a0<\/strong><\/p>\n<p class=\" wall-content\">\u00ab Le but de cette manifestation est d\u2019<strong>animer le quartier, la culture et la f\u00eate dans la rue<\/strong> \u00bb, souligne l\u2019association. Parce que 30 ans, \u00e7a se c\u00e9l\u00e8bre comme il se doit, cinq dates ont \u00e9t\u00e9 annonc\u00e9 pour cette \u00e9dition 2025, dont deux qui ont d\u00e9j\u00e0 eu lieu le 30 juin et le 1er juillet.\u00a0<\/p>\n<p class=\" wall-content\">\u00ab Nous voulons <strong>valoriser les musiciens<\/strong>, mais aussi <strong>valoriser la musique<\/strong>, \u00bb affirme les organisateurs. En ce sens, les soir\u00e9es musicales sont <strong>gratuites et libre d\u2019entr\u00e9e<\/strong> sur la place Sainte-Anne, les 8, 9 et 10 juillet, \u00e0 partir de 21h et jusqu\u2019\u00e0 environ 23h30.<\/p>\n<p>Un programme en partenariat avec le Jam de Montpellier<\/p>\n<p class=\" wall-content\">Pour ces trois derni\u00e8res dates, l\u2019association fait appel \u00e0 la salle de concert et <strong>\u00e9cole de musique Jam<\/strong> pour un programme vari\u00e9 entre salsa, swing, jazz, chorale a capella et bien plus !\u00a0<\/p>\n<p>Vid\u00e9os : en ce moment sur Actu<\/p>\n<p class=\" wall-content\">Mardi 8 juillet, ce sera nuit de salsa cubaine avec le groupe <strong>Somos Gente<\/strong>. Ambiance chaleureuse assur\u00e9e avec le chanteur <strong>Carlos Maikel<\/strong>.\u00a0<\/p>\n<p>    <img   decoding=\"async\" loading=\"lazy\" src=\"https:\/\/www.europesays.com\/fr\/wp-content\/uploads\/2025\/07\/22572c5f2848666572c5f2848dc572v-960x640.jpg\" alt=\"Le groupe les Barbeaux se produit samedi 14\u00a0juin 2025 sur la sc\u00e8ne install\u00e9e place de la mairie de Briouze (Orne).\" width=\"960\" height=\"640\"\/><br \/>\n    Le groupe les Barbeaux conclu le show le jeudi 10 juillet. (\u00a9Photo fournie \u00e0 la r\u00e9daction)<\/p>\n<p class=\" wall-content\">Mercredi 9 juillet, place aux danses cumbia et rumba avec le groupe \u00e9mergent <strong>Que Tengo<\/strong> et la chanteuse hispano-marocaine <strong>Ambar Gonzalez Bouab<\/strong>. Quand la musique afrolatine rencontre le soukous et se m\u00eale \u00e0 la lourdeur du hip-hop.\u00a0<\/p>\n<p class=\" wall-content\">Enfin, jeudi 10 juillet, on termine avec une nuit de chansons m\u00e9tiss\u00e9es. Depuis plus de 20 ans, le groupe <strong>Les Barbeaux<\/strong> sillonnent les routes et font escale sur le place Saint-Anne pour nous offrir leurs meilleurs tubes, entre ska, rock et influences \u00e9lectro-balkaniques !\u00a0<\/p>\n<p class=\" wall-content\">Suivez toute l\u2019actualit\u00e9 de vos villes et m\u00e9dias favoris en vous inscrivant \u00e0 <a href=\"https:\/\/moncompte.actu.fr\" title=\"D\u00e9couvez Mon Actu\" rel=\"nofollow noopener\" data-trk=\"{&quot;cta&quot;:{&quot;action&quot;:&quot;https:\\\/\\\/moncompte.actu.fr&quot;,&quot;category&quot;:&quot;mon compte&quot;,&quot;from&quot;:&quot;article footer&quot;,&quot;name&quot;:&quot;Mon actu&quot;,&quot;type&quot;:&quot;cta&quot;}}\" target=\"_blank\">Mon Actu<\/a>.<\/p>\n","protected":false},"excerpt":{"rendered":"Par Th\u00e9o Delbreil Publi\u00e9 le 7 juil. 2025 \u00e0 16h43 La place Saint-Anne se transforme en une ar\u00e8ne&hellip;\n","protected":false},"author":2,"featured_media":232929,"comment_status":"","ping_status":"","sticky":false,"template":"","format":"standard","meta":{"footnotes":""},"categories":[9599],"tags":[1111,11,1697,1777,674,1011,27,1652,2208,12,2680,25],"class_list":{"0":"post-232928","1":"post","2":"type-post","3":"status-publish","4":"format-standard","5":"has-post-thumbnail","7":"category-montpellier","8":"tag-actu","9":"tag-actualites","10":"tag-concert","11":"tag-eu","12":"tag-europe","13":"tag-fr","14":"tag-france","15":"tag-loisirs-culture","16":"tag-montpellier","17":"tag-news","18":"tag-occitanie","19":"tag-republique-francaise"},"share_on_mastodon":{"url":"https:\/\/pubeurope.com\/@fr\/114812709999934289","error":""},"_links":{"self":[{"href":"https:\/\/www.europesays.com\/fr\/wp-json\/wp\/v2\/posts\/232928","targetHints":{"allow":["GET"]}}],"collection":[{"href":"https:\/\/www.europesays.com\/fr\/wp-json\/wp\/v2\/posts"}],"about":[{"href":"https:\/\/www.europesays.com\/fr\/wp-json\/wp\/v2\/types\/post"}],"author":[{"embeddable":true,"href":"https:\/\/www.europesays.com\/fr\/wp-json\/wp\/v2\/users\/2"}],"replies":[{"embeddable":true,"href":"https:\/\/www.europesays.com\/fr\/wp-json\/wp\/v2\/comments?post=232928"}],"version-history":[{"count":0,"href":"https:\/\/www.europesays.com\/fr\/wp-json\/wp\/v2\/posts\/232928\/revisions"}],"wp:featuredmedia":[{"embeddable":true,"href":"https:\/\/www.europesays.com\/fr\/wp-json\/wp\/v2\/media\/232929"}],"wp:attachment":[{"href":"https:\/\/www.europesays.com\/fr\/wp-json\/wp\/v2\/media?parent=232928"}],"wp:term":[{"taxonomy":"category","embeddable":true,"href":"https:\/\/www.europesays.com\/fr\/wp-json\/wp\/v2\/categories?post=232928"},{"taxonomy":"post_tag","embeddable":true,"href":"https:\/\/www.europesays.com\/fr\/wp-json\/wp\/v2\/tags?post=232928"}],"curies":[{"name":"wp","href":"https:\/\/api.w.org\/{rel}","templated":true}]}}