{"id":232934,"date":"2025-07-07T15:44:12","date_gmt":"2025-07-07T15:44:12","guid":{"rendered":"https:\/\/www.europesays.com\/fr\/232934\/"},"modified":"2025-07-07T15:44:12","modified_gmt":"2025-07-07T15:44:12","slug":"grenoble-des-grandes-marques-a-petits-prix-en-stock-limite-de-ce-centre-commercial","status":"publish","type":"post","link":"https:\/\/www.europesays.com\/fr\/232934\/","title":{"rendered":"Grenoble. Des grandes marques \u00e0 petits prix en stock limit\u00e9 de ce centre commercial"},"content":{"rendered":"<p>            Par<br \/>\n        <strong><br \/>\n            <a href=\"https:\/\/actu.fr\/auteur\/lisa-rodrigues\" title=\"Consulter tous les articles de Lisa Rodrigues\" rel=\"nofollow noopener\" target=\"_blank\">Lisa Rodrigues<\/a><br \/>\n        <\/strong><\/p>\n<p>        Publi\u00e9 le<\/p>\n<p>            7 juil. 2025 \u00e0 16h39        <\/p>\n<p>Le ph\u00e9nom\u00e8ne prend de l\u2019ampleur \u00e0 <a href=\"https:\/\/actu.fr\/auvergne-rhone-alpes\/grenoble_38185\" rel=\"nofollow noopener\" target=\"_blank\">Grenoble<\/a> et ses environs. Cela fait plusieurs mois que des magasins \u00e9ph\u00e9m\u00e8res proposent de <strong>grandes marques \u00e0 petits prix<\/strong>, attirant une client\u00e8le importante.<br \/>Cette fois-ci, ce sont des marques comme Puma, Adidas, Converse, Reebok ou Columbia qui sont annonc\u00e9s dans ce centre commercial de l\u2019agglom\u00e9ration grenobloise. Et ce, pour un temps limit\u00e9 : <strong>six jours seulement<\/strong>\u00a0sur le d\u00e9but du mois de juillet, en plein pendant la p\u00e9riode des <a href=\"https:\/\/actu.fr\/tag\/soldes\" rel=\"nofollow noopener\" target=\"_blank\">soldes<\/a>.<\/p>\n<p>D\u00e9marrage mercredi 9 juillet<\/p>\n<p class=\" wall-content\">Il faudra donc se rendre au <strong>centre commercial Carrefour<\/strong> de <a href=\"https:\/\/actu.fr\/auvergne-rhone-alpes\/saint-egreve_38382\" rel=\"nofollow noopener\" target=\"_blank\">Saint-\u00c9gr\u00e8ve<\/a>.<\/p>\n<p>    <a href=\"https:\/\/www.google.com\/maps\/embed?pb=!1m18!1m12!1m3!1d2809.4138748991772!2d5.660640075028007!3d45.239422971071136!2m3!1f0!2f0!3f0!3m2!1i1024!2i768!4f13.1!3m3!1m2!1s0x478af18ec99968fd%3A0x9c0da4d303cedfac!2sCarrefour%20Saint%20Egr%C3%A8ve!5e0!3m2!1sfr!2sfr!4v1751879059648!5m2!1sfr!2sfr\" title=\"Ouvrie le lien\" rel=\"nofollow noopener\" target=\"_blank\">Cliquez ici pour visualiser le contenu<\/a><\/p>\n<p class=\" wall-content\">C\u2019est l\u00e0 que va s\u2019installer le <strong>Hangar Ventes priv\u00e9es<\/strong>, <a href=\"https:\/\/actu.fr\/occitanie\/labege_31254\/chaussures-vetements-le-hangar-ventes-privees-s-installe-pour-4-jours-pres-de-toulouse_60060622.html\" rel=\"nofollow noopener\" target=\"_blank\">magasin itin\u00e9rant<\/a> faisant le tour de France pour proposer de grandes ventes \u00e9ph\u00e9m\u00e8res de produits de marques \u00e0 prix cass\u00e9s. L\u2019enseigne va s\u2019installer sur pr\u00e8s de <strong>180m\u00b2 de surface de vente<\/strong> \u00e0 l\u2019int\u00e9rieur de la galerie marchande, au niveau de la Porte 3 \u00e0 c\u00f4t\u00e9 de la boutique Oka\u00efdi.<\/p>\n<p class=\" wall-content\"><a href=\"https:\/\/www.instagram.com\/reel\/DLwzxxxJQU8\/embed\" title=\"Ouvrir le lien sur Instagram\" rel=\"nofollow noopener\" target=\"_blank\">Visualiser le contenu sur Instagram<\/a><\/p>\n<p class=\" wall-content\">La vente d\u00e9marre mercredi 9 juillet et doit se terminer lundi 14 juillet.<\/p>\n<p>Entre 5 et 60 euros<\/p>\n<p class=\" wall-content\">C\u00f4t\u00e9 prix, le Hangar annonce des articles vendus entre 5 et 60 euros maximum. Notamment des <strong>baskets<\/strong>, mais aussi des <strong>v\u00eatements<\/strong> et quelques accessoires pour les hommes, femmes et enfants attendent les amateurs de bonnes affaires.<\/p>\n<p class=\" wall-content\">L\u2019enseigne pr\u00e9vient : c\u2019est <strong>premier arriv\u00e9, premier servi<\/strong>, les stocks \u00e9tant limit\u00e9s.<\/p>\n<p>Le Hangar Ventes priv\u00e9es Grenoble \u2013 Saint-\u00c9gr\u00e8ve, du mercredi 9 juillet au lundi 14 juillet au centre commercial Carrefour Saint-\u00c9gr\u00e8ve, de 9h30 \u00e0 19h30 (non-stop).<\/p>\n<p class=\" wall-content\">Suivez toute l\u2019actualit\u00e9 de vos villes et m\u00e9dias favoris en vous inscrivant \u00e0 <a href=\"https:\/\/moncompte.actu.fr\" title=\"D\u00e9couvez Mon Actu\" rel=\"nofollow noopener\" data-trk=\"{&quot;cta&quot;:{&quot;action&quot;:&quot;https:\\\/\\\/moncompte.actu.fr&quot;,&quot;category&quot;:&quot;mon compte&quot;,&quot;from&quot;:&quot;article footer&quot;,&quot;name&quot;:&quot;Mon actu&quot;,&quot;type&quot;:&quot;cta&quot;}}\" target=\"_blank\">Mon Actu<\/a>.<\/p>\n<p>                    <script async src=\"\/\/www.instagram.com\/embed.js\"><\/script><\/p>\n","protected":false},"excerpt":{"rendered":"Par Lisa Rodrigues Publi\u00e9 le 7 juil. 2025 \u00e0 16h39 Le ph\u00e9nom\u00e8ne prend de l\u2019ampleur \u00e0 Grenoble et&hellip;\n","protected":false},"author":2,"featured_media":232935,"comment_status":"","ping_status":"","sticky":false,"template":"","format":"standard","meta":{"footnotes":""},"categories":[9566],"tags":[1111,11,2430,677,215,1777,674,1011,27,2731,12,25,104,11772],"class_list":{"0":"post-232934","1":"post","2":"type-post","3":"status-publish","4":"format-standard","5":"has-post-thumbnail","7":"category-grenoble","8":"tag-actu","9":"tag-actualites","10":"tag-auvergne-rhone-alpes","11":"tag-bons-plans","12":"tag-commerce","13":"tag-eu","14":"tag-europe","15":"tag-fr","16":"tag-france","17":"tag-grenoble","18":"tag-news","19":"tag-republique-francaise","20":"tag-societe","21":"tag-soldes"},"share_on_mastodon":{"url":"https:\/\/pubeurope.com\/@fr\/114812726044325155","error":""},"_links":{"self":[{"href":"https:\/\/www.europesays.com\/fr\/wp-json\/wp\/v2\/posts\/232934","targetHints":{"allow":["GET"]}}],"collection":[{"href":"https:\/\/www.europesays.com\/fr\/wp-json\/wp\/v2\/posts"}],"about":[{"href":"https:\/\/www.europesays.com\/fr\/wp-json\/wp\/v2\/types\/post"}],"author":[{"embeddable":true,"href":"https:\/\/www.europesays.com\/fr\/wp-json\/wp\/v2\/users\/2"}],"replies":[{"embeddable":true,"href":"https:\/\/www.europesays.com\/fr\/wp-json\/wp\/v2\/comments?post=232934"}],"version-history":[{"count":0,"href":"https:\/\/www.europesays.com\/fr\/wp-json\/wp\/v2\/posts\/232934\/revisions"}],"wp:featuredmedia":[{"embeddable":true,"href":"https:\/\/www.europesays.com\/fr\/wp-json\/wp\/v2\/media\/232935"}],"wp:attachment":[{"href":"https:\/\/www.europesays.com\/fr\/wp-json\/wp\/v2\/media?parent=232934"}],"wp:term":[{"taxonomy":"category","embeddable":true,"href":"https:\/\/www.europesays.com\/fr\/wp-json\/wp\/v2\/categories?post=232934"},{"taxonomy":"post_tag","embeddable":true,"href":"https:\/\/www.europesays.com\/fr\/wp-json\/wp\/v2\/tags?post=232934"}],"curies":[{"name":"wp","href":"https:\/\/api.w.org\/{rel}","templated":true}]}}