{"id":232936,"date":"2025-07-07T15:45:18","date_gmt":"2025-07-07T15:45:18","guid":{"rendered":"https:\/\/www.europesays.com\/fr\/232936\/"},"modified":"2025-07-07T15:45:18","modified_gmt":"2025-07-07T15:45:18","slug":"pres-dune-vingtaine-de-pompiers-interviennent","status":"publish","type":"post","link":"https:\/\/www.europesays.com\/fr\/232936\/","title":{"rendered":"pr\u00e8s d&rsquo;une vingtaine de pompiers interviennent"},"content":{"rendered":"<p>            Par<br \/>\n        <strong><br \/>\n            <a href=\"https:\/\/actu.fr\/auteur\/brian-legoff\" title=\"Consulter tous les articles de Brian Le Goff\" rel=\"nofollow noopener\" target=\"_blank\">Brian Le Goff<\/a><br \/>\n        <\/strong><\/p>\n<p>        Publi\u00e9 le<\/p>\n<p>            7 juil. 2025 \u00e0 9h52        <\/p>\n<p>Ils ont \u00e9t\u00e9 appel\u00e9s<strong> juste avant 20h.<\/strong> \u00c0 <a href=\"https:\/\/actu.fr\/rennes\/\" rel=\"nofollow noopener\" target=\"_blank\">Rennes<\/a>, <strong>dimanche 6\u00a0juillet 2025,<\/strong> les <a href=\"https:\/\/actu.fr\/tag\/pompiers\" rel=\"nofollow noopener\" target=\"_blank\">pompiers<\/a> ont \u00e9t\u00e9 d\u00e9p\u00each\u00e9s sur l\u2019<a href=\"https:\/\/actu.fr\/tag\/incendie\" rel=\"nofollow noopener\" target=\"_blank\">incendie<\/a> d\u2019un appartement, situ\u00e9 au <strong>266, rue de Foug\u00e8res.<\/strong><\/p>\n<p>Deux victimes secourues<\/p>\n<p class=\" wall-content\">Selon le centre op\u00e9rationnel d\u2019incendie et de secours, le logement se situait au <strong>rez-de-chauss\u00e9e<\/strong> d\u2019un petit collectif et <strong>15 m\u00b2 ont \u00e9t\u00e9 br\u00fbl\u00e9s<\/strong> par les flammes.<\/p>\n<p>    <img   decoding=\"async\" loading=\"lazy\" src=\"https:\/\/www.europesays.com\/fr\/wp-content\/uploads\/2025\/07\/incendie-feu-dappartement-rue-de-fougeres-rennes-6-juillet-2025-1-960x640.jpg\" alt=\"Le feu a aussi impact\u00e9 l'appartement \u00e0 l'\u00e9tage sup\u00e9rieur.\" width=\"960\" height=\"640\"\/><br \/>\n    Le feu a aussi impact\u00e9 l\u2019appartement \u00e0 l\u2019\u00e9tage sup\u00e9rieur. (\u00a9 Transmis \u00e0 actu Rennes)<\/p>\n<p class=\" wall-content\"><strong>Deux victimes<\/strong> ont \u00e9t\u00e9 secourues par les pompiers. Elles sont indemnes et ont \u00e9t\u00e9 relog\u00e9es par des amis.<\/p>\n<p class=\" wall-content\">Dix-huit pompiers ont \u00e9t\u00e9 mobilis\u00e9s sur l\u2019op\u00e9ration.<\/p>\n<p>Vid\u00e9os : en ce moment sur Actu<\/p>\n<p class=\" wall-content\">Suivez toute l\u2019actualit\u00e9 de vos villes et m\u00e9dias favoris en vous inscrivant \u00e0 <a href=\"https:\/\/moncompte.actu.fr\" title=\"D\u00e9couvez Mon Actu\" rel=\"nofollow noopener\" data-trk=\"{&quot;cta&quot;:{&quot;action&quot;:&quot;https:\\\/\\\/moncompte.actu.fr&quot;,&quot;category&quot;:&quot;mon compte&quot;,&quot;from&quot;:&quot;article footer&quot;,&quot;name&quot;:&quot;Mon actu&quot;,&quot;type&quot;:&quot;cta&quot;}}\" target=\"_blank\">Mon Actu<\/a>.<\/p>\n","protected":false},"excerpt":{"rendered":"Par Brian Le Goff Publi\u00e9 le 7 juil. 2025 \u00e0 9h52 Ils ont \u00e9t\u00e9 appel\u00e9s juste avant 20h.&hellip;\n","protected":false},"author":2,"featured_media":232937,"comment_status":"","ping_status":"","sticky":false,"template":"","format":"standard","meta":{"footnotes":""},"categories":[2821],"tags":[1111,11,829,1777,674,118,1011,27,1310,12,1311,584,25],"class_list":{"0":"post-232936","1":"post","2":"type-post","3":"status-publish","4":"format-standard","5":"has-post-thumbnail","7":"category-rennes","8":"tag-actu","9":"tag-actualites","10":"tag-bretagne","11":"tag-eu","12":"tag-europe","13":"tag-faits-divers","14":"tag-fr","15":"tag-france","16":"tag-incendie","17":"tag-news","18":"tag-pompiers","19":"tag-rennes","20":"tag-republique-francaise"},"share_on_mastodon":{"url":"https:\/\/pubeurope.com\/@fr\/114812729833727302","error":""},"_links":{"self":[{"href":"https:\/\/www.europesays.com\/fr\/wp-json\/wp\/v2\/posts\/232936","targetHints":{"allow":["GET"]}}],"collection":[{"href":"https:\/\/www.europesays.com\/fr\/wp-json\/wp\/v2\/posts"}],"about":[{"href":"https:\/\/www.europesays.com\/fr\/wp-json\/wp\/v2\/types\/post"}],"author":[{"embeddable":true,"href":"https:\/\/www.europesays.com\/fr\/wp-json\/wp\/v2\/users\/2"}],"replies":[{"embeddable":true,"href":"https:\/\/www.europesays.com\/fr\/wp-json\/wp\/v2\/comments?post=232936"}],"version-history":[{"count":0,"href":"https:\/\/www.europesays.com\/fr\/wp-json\/wp\/v2\/posts\/232936\/revisions"}],"wp:featuredmedia":[{"embeddable":true,"href":"https:\/\/www.europesays.com\/fr\/wp-json\/wp\/v2\/media\/232937"}],"wp:attachment":[{"href":"https:\/\/www.europesays.com\/fr\/wp-json\/wp\/v2\/media?parent=232936"}],"wp:term":[{"taxonomy":"category","embeddable":true,"href":"https:\/\/www.europesays.com\/fr\/wp-json\/wp\/v2\/categories?post=232936"},{"taxonomy":"post_tag","embeddable":true,"href":"https:\/\/www.europesays.com\/fr\/wp-json\/wp\/v2\/tags?post=232936"}],"curies":[{"name":"wp","href":"https:\/\/api.w.org\/{rel}","templated":true}]}}