{"id":232940,"date":"2025-07-07T15:47:11","date_gmt":"2025-07-07T15:47:11","guid":{"rendered":"https:\/\/www.europesays.com\/fr\/232940\/"},"modified":"2025-07-07T15:47:11","modified_gmt":"2025-07-07T15:47:11","slug":"lectures-jeux-et-films-au-frais","status":"publish","type":"post","link":"https:\/\/www.europesays.com\/fr\/232940\/","title":{"rendered":"lectures, jeux et films au frais"},"content":{"rendered":"<p>La m\u00e9diath\u00e8que-ludoth\u00e8que Trait d\u2019union \u00e0 Reichstett prend son rythme estival jusqu\u2019au 31\u00a0ao\u00fbt. L\u2019\u00e9quipe se relaiera pour accueillir et conseiller les petits et les grands, tout l\u2019\u00e9t\u00e9. Des livres, de la musique, <a href=\"https:\/\/www.dna.fr\/culture-loisirs\/2023\/03\/14\/des-jeux-pour-tous-a-la-mediatheque\" target=\"_blank\" rel=\"noopener\">des jeux de soci\u00e9t\u00e9<\/a> et des films sont \u00e0 disposition, et pour mieux en profiter, les quantit\u00e9s de pr\u00eats seront doubl\u00e9es. Sur place, on pourra \u00e9galement lire et jouer, car les gros coussins, canap\u00e9s et tapis color\u00e9s attendent les amateurs. Les puzzles collaboratifs vont \u00eatre remis \u00e0 l\u2019honneur sur la grande table, toujours un grand succ\u00e8s aupr\u00e8s des amateurs qui les terminent de plus en plus vite.<\/p>\n<p>Sans oublier, la s\u00e9ance de Cin\u00e9 m\u00f4mes ce jeudi 10\u00a0juillet \u00e0 14\u00a0h, pour les enfants \u00e0 partir de 5 ans, sur inscription.<\/p>\n<p class=\"note\">M\u00e9diath\u00e8que-ludoth\u00e8que Trait d\u2019union\u00a0: ouverte du mardi au vendredi\u00a0: 9\u00a0h-14\u00a0h et samedi\u00a0: 10\u00a0h-13h. 3, rue des Muguets &#8211; 03\u00a088\u00a020\u00a045\u00a037 &#8211; mediatheque@reichstett.fr<\/p>\n","protected":false},"excerpt":{"rendered":"La m\u00e9diath\u00e8que-ludoth\u00e8que Trait d\u2019union \u00e0 Reichstett prend son rythme estival jusqu\u2019au 31\u00a0ao\u00fbt. L\u2019\u00e9quipe se relaiera pour accueillir et&hellip;\n","protected":false},"author":2,"featured_media":232941,"comment_status":"","ping_status":"","sticky":false,"template":"","format":"standard","meta":{"footnotes":""},"categories":[2820],"tags":[1111,11,1687,2880,27337,1777,674,107,1011,27,775,12,7092,25,640,3265],"class_list":{"0":"post-232940","1":"post","2":"type-post","3":"status-publish","4":"format-standard","5":"has-post-thumbnail","7":"category-strasbourg","8":"tag-actu","9":"tag-actualites","10":"tag-culture-loisirs","11":"tag-edition-strasbourg","12":"tag-estivales","13":"tag-eu","14":"tag-europe","15":"tag-fil-info","16":"tag-fr","17":"tag-france","18":"tag-grand-est","19":"tag-news","20":"tag-reichstett","21":"tag-republique-francaise","22":"tag-strasbourg","23":"tag-strasbourg-nord"},"share_on_mastodon":{"url":"https:\/\/pubeurope.com\/@fr\/114812737612678839","error":""},"_links":{"self":[{"href":"https:\/\/www.europesays.com\/fr\/wp-json\/wp\/v2\/posts\/232940","targetHints":{"allow":["GET"]}}],"collection":[{"href":"https:\/\/www.europesays.com\/fr\/wp-json\/wp\/v2\/posts"}],"about":[{"href":"https:\/\/www.europesays.com\/fr\/wp-json\/wp\/v2\/types\/post"}],"author":[{"embeddable":true,"href":"https:\/\/www.europesays.com\/fr\/wp-json\/wp\/v2\/users\/2"}],"replies":[{"embeddable":true,"href":"https:\/\/www.europesays.com\/fr\/wp-json\/wp\/v2\/comments?post=232940"}],"version-history":[{"count":0,"href":"https:\/\/www.europesays.com\/fr\/wp-json\/wp\/v2\/posts\/232940\/revisions"}],"wp:featuredmedia":[{"embeddable":true,"href":"https:\/\/www.europesays.com\/fr\/wp-json\/wp\/v2\/media\/232941"}],"wp:attachment":[{"href":"https:\/\/www.europesays.com\/fr\/wp-json\/wp\/v2\/media?parent=232940"}],"wp:term":[{"taxonomy":"category","embeddable":true,"href":"https:\/\/www.europesays.com\/fr\/wp-json\/wp\/v2\/categories?post=232940"},{"taxonomy":"post_tag","embeddable":true,"href":"https:\/\/www.europesays.com\/fr\/wp-json\/wp\/v2\/tags?post=232940"}],"curies":[{"name":"wp","href":"https:\/\/api.w.org\/{rel}","templated":true}]}}