{"id":232958,"date":"2025-07-07T15:58:20","date_gmt":"2025-07-07T15:58:20","guid":{"rendered":"https:\/\/www.europesays.com\/fr\/232958\/"},"modified":"2025-07-07T15:58:20","modified_gmt":"2025-07-07T15:58:20","slug":"lille-une-equipe-du-tour-de-france-se-fait-derober-onze-velos","status":"publish","type":"post","link":"https:\/\/www.europesays.com\/fr\/232958\/","title":{"rendered":"Lille : une \u00e9quipe du Tour de France se fait d\u00e9rober onze v\u00e9los"},"content":{"rendered":"<p>\tLille : une \u00e9quipe du Tour de France se fait d\u00e9rober onze v\u00e9los &#8211; Valeurs actuelles<\/p>\n<p>            la boutique <img decoding=\"async\" class=\"lazy\" src=\"https:\/\/www.valeursactuelles.com\/assets\/themes\/krea-theme\/images\/valeurs-actuelles-yellow.svg\" title=\"Valeurs actuelles\"\/><\/p>\n<p>                                                            <img decoding=\"async\" class=\"lazy\" src=\"https:\/\/www.europesays.com\/fr\/wp-content\/uploads\/2025\/06\/VA_HS39_001B.jpg\"\/><\/p>\n<p>                                                    Voir le produit<\/p>\n<p>                                                            <img decoding=\"async\" class=\"lazy\" src=\"https:\/\/www.europesays.com\/fr\/wp-content\/uploads\/2025\/06\/WhatsApp-Image-2024-05-28-a-11.48.56_25edefee-1.jpg\"\/><\/p>\n<p>                                                    Voir le produit<\/p>\n<p>                                                            <img decoding=\"async\" class=\"lazy\" src=\"https:\/\/www.europesays.com\/fr\/wp-content\/uploads\/2025\/06\/SM017_001.jpg\"\/><\/p>\n<p>                                                    Voir le produit<\/p>\n","protected":false},"excerpt":{"rendered":"Lille : une \u00e9quipe du Tour de France se fait d\u00e9rober onze v\u00e9los &#8211; Valeurs actuelles la boutique&hellip;\n","protected":false},"author":2,"featured_media":232959,"comment_status":"","ping_status":"","sticky":false,"template":"","format":"standard","meta":{"footnotes":""},"categories":[2815],"tags":[1111,11,1777,674,1011,27,811,1307,12,1072,25,210,208,1175],"class_list":{"0":"post-232958","1":"post","2":"type-post","3":"status-publish","4":"format-standard","5":"has-post-thumbnail","7":"category-lille","8":"tag-actu","9":"tag-actualites","10":"tag-eu","11":"tag-europe","12":"tag-fr","13":"tag-france","14":"tag-hauts-de-france","15":"tag-lille","16":"tag-news","17":"tag-police","18":"tag-republique-francaise","19":"tag-tour-de-france","20":"tag-velo","21":"tag-vol"},"share_on_mastodon":{"url":"https:\/\/pubeurope.com\/@fr\/114812780909180274","error":""},"_links":{"self":[{"href":"https:\/\/www.europesays.com\/fr\/wp-json\/wp\/v2\/posts\/232958","targetHints":{"allow":["GET"]}}],"collection":[{"href":"https:\/\/www.europesays.com\/fr\/wp-json\/wp\/v2\/posts"}],"about":[{"href":"https:\/\/www.europesays.com\/fr\/wp-json\/wp\/v2\/types\/post"}],"author":[{"embeddable":true,"href":"https:\/\/www.europesays.com\/fr\/wp-json\/wp\/v2\/users\/2"}],"replies":[{"embeddable":true,"href":"https:\/\/www.europesays.com\/fr\/wp-json\/wp\/v2\/comments?post=232958"}],"version-history":[{"count":0,"href":"https:\/\/www.europesays.com\/fr\/wp-json\/wp\/v2\/posts\/232958\/revisions"}],"wp:featuredmedia":[{"embeddable":true,"href":"https:\/\/www.europesays.com\/fr\/wp-json\/wp\/v2\/media\/232959"}],"wp:attachment":[{"href":"https:\/\/www.europesays.com\/fr\/wp-json\/wp\/v2\/media?parent=232958"}],"wp:term":[{"taxonomy":"category","embeddable":true,"href":"https:\/\/www.europesays.com\/fr\/wp-json\/wp\/v2\/categories?post=232958"},{"taxonomy":"post_tag","embeddable":true,"href":"https:\/\/www.europesays.com\/fr\/wp-json\/wp\/v2\/tags?post=232958"}],"curies":[{"name":"wp","href":"https:\/\/api.w.org\/{rel}","templated":true}]}}