{"id":232962,"date":"2025-07-07T16:03:11","date_gmt":"2025-07-07T16:03:11","guid":{"rendered":"https:\/\/www.europesays.com\/fr\/232962\/"},"modified":"2025-07-07T16:03:11","modified_gmt":"2025-07-07T16:03:11","slug":"rtm-a-marseille-dix-stations-de-metro-fermees-en-urgence-voici-ce-quil-se-passe","status":"publish","type":"post","link":"https:\/\/www.europesays.com\/fr\/232962\/","title":{"rendered":"RTM \u00e0 Marseille. Dix stations de m\u00e9tro ferm\u00e9es en urgence, voici ce qu&rsquo;il se passe"},"content":{"rendered":"<p>            Par<br \/>\n        <strong><br \/>\n            <a href=\"https:\/\/actu.fr\/auteur\/thibault-nadal-actu-fr\" title=\"Consulter tous les articles de Thibault Nadal\" rel=\"nofollow noopener\" target=\"_blank\">Thibault Nadal<\/a><br \/>\n        <\/strong><\/p>\n<p>        Publi\u00e9 le<\/p>\n<p>            7 juil. 2025 \u00e0 17h37        <\/p>\n<p>Fin de journ\u00e9e difficile dans les transports. Ce lundi 7\u00a0juillet 2025, la majeure partie de la ligne 1 du m\u00e9tro \u00e0 <a href=\"https:\/\/actu.fr\/marseille\/\" rel=\"nofollow noopener\" target=\"_blank\">Marseille<\/a> est interrompue en raison \u00ab\u2009d\u2019un incident technique\u2009\u00bb. Au total, <strong>dix stations<\/strong> ne sont pas desservies, indique <a href=\"https:\/\/actu.fr\/tag\/rtm\" rel=\"nofollow noopener\" target=\"_blank\">la RTM<\/a> sur <a href=\"https:\/\/www.rtm.fr\/infos-trafic\/2183118058287137168\" rel=\"nofollow noopener\" target=\"_blank\">son compte<\/a>.<\/p>\n<p>Un incident technique<\/p>\n<p class=\" wall-content\">Il \u00e9tait 17h30 quand la RTM a indiqu\u00e9 que le trafic \u00e9tait en partie interrompu sur la ligne 1 du m\u00e9tro en pleine heure de pointe.<\/p>\n<p class=\" wall-content\">La raison\u2009? <strong>\u00ab\u2009Un incident technique station Baille\u2009\u00bb<\/strong>, pr\u00e9cise la R\u00e9gie des transports m\u00e9tropolitains. Par cons\u00e9quent, \u00ab\u2009la ligne c<strong>ircule uniquement entre La Rose et Saint-Charles\u2009\u00bb<\/strong>.<\/p>\n<p class=\" wall-content\">\n<p>Aucune heure de reprise annonc\u00e9e<\/p>\n<p class=\" wall-content\"><strong>Dix stations<\/strong> sont donc ferm\u00e9es au public\u2009: Colbert, Vieux-Port, Estrangin, Castellane, Baille, La Timone, La Blancarde, Louis Armand, Saint-Barnab\u00e9 et La Fourrag\u00e8re.<\/p>\n<p class=\" wall-content\">Pour le moment, aucune heure de reprise du trafic n\u2019a \u00e9t\u00e9 annonc\u00e9e. \u00ab\u2009La ligne sera r\u00e9tablie <strong>d\u00e8s que les conditions le permettront<\/strong>\u2009\u00bb, conclut la RTM.<\/p>\n<p class=\" wall-content\">Suivez toute l\u2019actualit\u00e9 de vos villes et m\u00e9dias favoris en vous inscrivant \u00e0 <a href=\"https:\/\/moncompte.actu.fr\" title=\"D\u00e9couvez Mon Actu\" rel=\"nofollow noopener\" data-trk=\"{&quot;cta&quot;:{&quot;action&quot;:&quot;https:\\\/\\\/moncompte.actu.fr&quot;,&quot;category&quot;:&quot;mon compte&quot;,&quot;from&quot;:&quot;article footer&quot;,&quot;name&quot;:&quot;Mon actu&quot;,&quot;type&quot;:&quot;cta&quot;}}\" target=\"_blank\">Mon Actu<\/a>.<\/p>\n","protected":false},"excerpt":{"rendered":"Par Thibault Nadal Publi\u00e9 le 7 juil. 2025 \u00e0 17h37 Fin de journ\u00e9e difficile dans les transports. Ce&hellip;\n","protected":false},"author":2,"featured_media":232963,"comment_status":"","ping_status":"","sticky":false,"template":"","format":"standard","meta":{"footnotes":""},"categories":[2814],"tags":[1111,11,1777,674,1011,27,884,12,882,25,10783,104,2803],"class_list":{"0":"post-232962","1":"post","2":"type-post","3":"status-publish","4":"format-standard","5":"has-post-thumbnail","7":"category-marseille","8":"tag-actu","9":"tag-actualites","10":"tag-eu","11":"tag-europe","12":"tag-fr","13":"tag-france","14":"tag-marseille","15":"tag-news","16":"tag-provence-alpes-cote-dazur","17":"tag-republique-francaise","18":"tag-rtm","19":"tag-societe","20":"tag-transport"},"share_on_mastodon":{"url":"https:\/\/pubeurope.com\/@fr\/114812800434853533","error":""},"_links":{"self":[{"href":"https:\/\/www.europesays.com\/fr\/wp-json\/wp\/v2\/posts\/232962","targetHints":{"allow":["GET"]}}],"collection":[{"href":"https:\/\/www.europesays.com\/fr\/wp-json\/wp\/v2\/posts"}],"about":[{"href":"https:\/\/www.europesays.com\/fr\/wp-json\/wp\/v2\/types\/post"}],"author":[{"embeddable":true,"href":"https:\/\/www.europesays.com\/fr\/wp-json\/wp\/v2\/users\/2"}],"replies":[{"embeddable":true,"href":"https:\/\/www.europesays.com\/fr\/wp-json\/wp\/v2\/comments?post=232962"}],"version-history":[{"count":0,"href":"https:\/\/www.europesays.com\/fr\/wp-json\/wp\/v2\/posts\/232962\/revisions"}],"wp:featuredmedia":[{"embeddable":true,"href":"https:\/\/www.europesays.com\/fr\/wp-json\/wp\/v2\/media\/232963"}],"wp:attachment":[{"href":"https:\/\/www.europesays.com\/fr\/wp-json\/wp\/v2\/media?parent=232962"}],"wp:term":[{"taxonomy":"category","embeddable":true,"href":"https:\/\/www.europesays.com\/fr\/wp-json\/wp\/v2\/categories?post=232962"},{"taxonomy":"post_tag","embeddable":true,"href":"https:\/\/www.europesays.com\/fr\/wp-json\/wp\/v2\/tags?post=232962"}],"curies":[{"name":"wp","href":"https:\/\/api.w.org\/{rel}","templated":true}]}}