{"id":232966,"date":"2025-07-07T16:05:21","date_gmt":"2025-07-07T16:05:21","guid":{"rendered":"https:\/\/www.europesays.com\/fr\/232966\/"},"modified":"2025-07-07T16:05:21","modified_gmt":"2025-07-07T16:05:21","slug":"tcl-a-lyon-la-nouvelle-ligne-de-bateau-coupee-en-urgence-voici-pourquoi","status":"publish","type":"post","link":"https:\/\/www.europesays.com\/fr\/232966\/","title":{"rendered":"TCL \u00e0 Lyon. La nouvelle ligne de bateau coup\u00e9e en urgence, voici pourquoi"},"content":{"rendered":"<p>            Par<br \/>\n        <strong><br \/>\n            <a href=\"https:\/\/actu.fr\/auteur\/julien-damboise\" title=\"Consulter tous les articles de Julien Damboise\" rel=\"nofollow noopener\" target=\"_blank\">Julien Damboise<\/a><br \/>\n        <\/strong><\/p>\n<p>        Publi\u00e9 le<\/p>\n<p>            7 juil. 2025 \u00e0 17h49        <\/p>\n<p>Une <strong>panne<\/strong> impacte actuellement, ce lundi 7 juillet 2025, le r\u00e9seau <a href=\"https:\/\/actu.fr\/tag\/transports-en-commun-lyonnais-tcl\" rel=\"nofollow noopener\" target=\"_blank\">TCL<\/a> de la m\u00e9tropole de <a href=\"https:\/\/actu.fr\/auvergne-rhone-alpes\/lyon_69123\" rel=\"nofollow noopener\" target=\"_blank\">Lyon<\/a>. C\u2019est la ligne de la navette fluviale, la NAVI1 qui vogue depuis quelques semaines sur la Sa\u00f4ne, qui est coup\u00e9e \u00e0 cause d\u2019un <strong>probl\u00e8me sur un bateau<\/strong>.<\/p>\n<p>Panne de bateau<\/p>\n<p class=\" wall-content\">La ligne qui dessert quatre arr\u00eats, Vaise-Industrie, Saint-Vincent, Terrasses Presqu\u2019\u00eele et Confluence, est <strong>coup\u00e9e depuis 17 h 30<\/strong> ce lundi 7 juillet.<\/p>\n<p class=\" wall-content\">TCL \u00e9voque la panne d\u2019un bateau, sans toutefois donner plus d\u2019indications.<\/p>\n<p class=\" wall-content\">Une reprise de la circulation est esp\u00e9r\u00e9e pour 18 h 30 environ.<\/p>\n<p>Inaugur\u00e9e mi-juin<\/p>\n<p class=\" wall-content\">Pour rappel, la NAVI1 avait \u00e9t\u00e9 <a href=\"https:\/\/actu.fr\/auvergne-rhone-alpes\/lyon_69123\/lyon-le-premier-bateau-tcl-mis-a-l-eau-ce-que-vaut-ce-nouveau-service-sur-la-saone_62790853.html\" rel=\"nofollow noopener\" target=\"_blank\">inaugur\u00e9e en grandes pompes mi-juin<\/a>. Les navettes \u00ab\u00a0Navig\u00f4nes\u00a0\u00bb sont compos\u00e9es de deux bateaux au diesel, qui seront remplac\u00e9s cet automne (4,2 millions d\u2019euros par bateau).<\/p>\n<p>Vid\u00e9os : en ce moment sur Actu<\/p>\n<p class=\" wall-content\">Deux autres navettes viendront am\u00e9liorer la fr\u00e9quence en avril 2026.<\/p>\n<p class=\" wall-content\">Suivez toute l\u2019actualit\u00e9 de vos villes et m\u00e9dias favoris en vous inscrivant \u00e0 <a href=\"https:\/\/moncompte.actu.fr\" title=\"D\u00e9couvez Mon Actu\" rel=\"nofollow noopener\" data-trk=\"{&quot;cta&quot;:{&quot;action&quot;:&quot;https:\\\/\\\/moncompte.actu.fr&quot;,&quot;category&quot;:&quot;mon compte&quot;,&quot;from&quot;:&quot;article footer&quot;,&quot;name&quot;:&quot;Mon actu&quot;,&quot;type&quot;:&quot;cta&quot;}}\" target=\"_blank\">Mon Actu<\/a>.<\/p>\n<ul class=\"ac-article-tag wall-content\">\n<li><a href=\"https:\/\/actu.fr\/tag\/transport\" data-trk=\"{&quot;cta&quot;:{&quot;action&quot;:&quot;Transport&quot;,&quot;category&quot;:&quot;tag&quot;,&quot;from&quot;:&quot;article footer&quot;,&quot;name&quot;:&quot;Transport&quot;,&quot;type&quot;:&quot;cta&quot;}}\" rel=\"nofollow noopener\" target=\"_blank\">#Transport<\/a><\/li>\n<li><a href=\"https:\/\/actu.fr\/tag\/transports-en-commun-lyonnais-tcl\" data-trk=\"{&quot;cta&quot;:{&quot;action&quot;:&quot;Transports en commun lyonnais (TCL)&quot;,&quot;category&quot;:&quot;tag&quot;,&quot;from&quot;:&quot;article footer&quot;,&quot;name&quot;:&quot;Transports en commun lyonnais (TCL)&quot;,&quot;type&quot;:&quot;cta&quot;}}\" rel=\"nofollow noopener\" target=\"_blank\">#Transports en commun lyonnais (TCL)<\/a><\/li>\n<\/ul>\n","protected":false},"excerpt":{"rendered":"Par Julien Damboise Publi\u00e9 le 7 juil. 2025 \u00e0 17h49 Une panne impacte actuellement, ce lundi 7 juillet&hellip;\n","protected":false},"author":2,"featured_media":232967,"comment_status":"","ping_status":"","sticky":false,"template":"","format":"standard","meta":{"footnotes":""},"categories":[1889],"tags":[1111,11,2430,1777,674,1011,27,2428,12,25,104,2803,5787],"class_list":{"0":"post-232966","1":"post","2":"type-post","3":"status-publish","4":"format-standard","5":"has-post-thumbnail","7":"category-lyon","8":"tag-actu","9":"tag-actualites","10":"tag-auvergne-rhone-alpes","11":"tag-eu","12":"tag-europe","13":"tag-fr","14":"tag-france","15":"tag-lyon","16":"tag-news","17":"tag-republique-francaise","18":"tag-societe","19":"tag-transport","20":"tag-transports-en-commun-lyonnais-tcl"},"share_on_mastodon":{"url":"https:\/\/pubeurope.com\/@fr\/114812808362970380","error":""},"_links":{"self":[{"href":"https:\/\/www.europesays.com\/fr\/wp-json\/wp\/v2\/posts\/232966","targetHints":{"allow":["GET"]}}],"collection":[{"href":"https:\/\/www.europesays.com\/fr\/wp-json\/wp\/v2\/posts"}],"about":[{"href":"https:\/\/www.europesays.com\/fr\/wp-json\/wp\/v2\/types\/post"}],"author":[{"embeddable":true,"href":"https:\/\/www.europesays.com\/fr\/wp-json\/wp\/v2\/users\/2"}],"replies":[{"embeddable":true,"href":"https:\/\/www.europesays.com\/fr\/wp-json\/wp\/v2\/comments?post=232966"}],"version-history":[{"count":0,"href":"https:\/\/www.europesays.com\/fr\/wp-json\/wp\/v2\/posts\/232966\/revisions"}],"wp:featuredmedia":[{"embeddable":true,"href":"https:\/\/www.europesays.com\/fr\/wp-json\/wp\/v2\/media\/232967"}],"wp:attachment":[{"href":"https:\/\/www.europesays.com\/fr\/wp-json\/wp\/v2\/media?parent=232966"}],"wp:term":[{"taxonomy":"category","embeddable":true,"href":"https:\/\/www.europesays.com\/fr\/wp-json\/wp\/v2\/categories?post=232966"},{"taxonomy":"post_tag","embeddable":true,"href":"https:\/\/www.europesays.com\/fr\/wp-json\/wp\/v2\/tags?post=232966"}],"curies":[{"name":"wp","href":"https:\/\/api.w.org\/{rel}","templated":true}]}}