{"id":232968,"date":"2025-07-07T16:08:09","date_gmt":"2025-07-07T16:08:09","guid":{"rendered":"https:\/\/www.europesays.com\/fr\/232968\/"},"modified":"2025-07-07T16:08:09","modified_gmt":"2025-07-07T16:08:09","slug":"la-circulation-des-voitures-et-des-bus-modifiee-tout-lete","status":"publish","type":"post","link":"https:\/\/www.europesays.com\/fr\/232968\/","title":{"rendered":"la circulation des voitures et des bus modifi\u00e9e tout l&rsquo;\u00e9t\u00e9"},"content":{"rendered":"<p>            Par<br \/>\n        <strong><br \/>\n            <a href=\"https:\/\/actu.fr\/auteur\/redaction-paris\" title=\"Consulter tous les articles de R\u00e9daction Paris\" rel=\"nofollow noopener\" target=\"_blank\">R\u00e9daction Paris<\/a><br \/>\n        <\/strong><\/p>\n<p>        Publi\u00e9 le<\/p>\n<p>            7 juil. 2025 \u00e0 17h42        <\/p>\n<p>Dans les tuyaux de la mairie depuis 2022, <a href=\"https:\/\/actu.fr\/ile-de-france\/paris_75056\/tensions-autour-du-futur-reamenagement-de-la-place-felix-eboue-a-paris_55279916.html\" rel=\"nofollow noopener\" target=\"_blank\">la r\u00e9novation de la place F\u00e9lix-\u00c9bou\u00e9<\/a> dans le 12e arrondissement de Paris avance. L\u2019\u00e9tape 4 des <a href=\"https:\/\/actu.fr\/tag\/travaux\" rel=\"nofollow noopener\" target=\"_blank\">travaux<\/a> a \u00e9t\u00e9 lanc\u00e9e ce lundi 7\u00a0juillet 2025. Une nouvelle salve qui va entra\u00eener des <strong>modifications de la circulation<\/strong>.\u00a0<a href=\"https:\/\/actu.fr\/paris\/dernieres-actus\" rel=\"nofollow noopener\" target=\"_blank\">actu Paris<\/a> fait le point.<\/p>\n<p>Les acc\u00e8s au parking \u00e9galement impact\u00e9s<\/p>\n<p class=\" wall-content\">Selon les informations communiqu\u00e9es par la municipalit\u00e9, le chantier va durer du <strong>7\u00a0juillet au 29\u00a0ao\u00fbt 2025<\/strong> et sera divis\u00e9 en quatre temps afin de ne pas couper compl\u00e8tement la circulation.<\/p>\n<p class=\" wall-content\"><strong>Du 7 au 23\u00a0juillet\u2009:<\/strong> la circulation sera interrompue entre le d\u00e9bouch\u00e9 de l\u2019avenue Daumesnil \u00e0 l\u2019est, et le boulevard de Reuilly. L\u2019avenue Daumesnil sera mise en impasse.<\/p>\n<p class=\" wall-content\"><strong>Du 24\u00a0juillet au 10\u00a0ao\u00fbt\u2009:<\/strong> la circulation sera interrompue entre la rue Taine et la place. Depuis le boulevard de Reuilly, au sud, il sera uniquement possible de tourner vers la rue Taine.<\/p>\n<p class=\" wall-content\"><strong>Du 11 au 17\u00a0ao\u00fbt\u2009:<\/strong> la circulation sera interrompue entre les d\u00e9bouch\u00e9s de l\u2019avenue Daumesnil et la rue de Reuilly, \u00e0 l\u2019ouest de la place. Depuis l\u2019avenue Daumesnil, il sera uniquement possible de tourner vers la rue Taine, au sud.<\/p>\n<p>Vid\u00e9os : en ce moment sur Actu<\/p>\n<p class=\" wall-content\"><strong>Du 18 au 29\u00a0ao\u00fbt\u2009:<\/strong> la circulation sera interrompue entre le d\u00e9bouch\u00e9 de la rue de Reuilly, \u00e0 l\u2019ouest et le boulevard de Reuilly, \u00e0 l\u2019est. Depuis la rue de Reuilly, il sera uniquement possible de tourner vers l\u2019avenue Daumesnil, et la rue Taine, au sud. Depuis l\u2019avenue Daumesnil, au sud, il sera uniquement possible de tourner vers le boulevard de Reuilly, \u00e0 l\u2019est.<\/p>\n<p class=\" wall-content\">Attention, les <strong>acc\u00e8s au parking<\/strong> seront ponctuellement restreints et les lignes de bus\u00a029, 46, 64 et 71 seront perturb\u00e9es pendant la dur\u00e9e des travaux.<\/p>\n<p class=\" wall-content\">Suivez toute l\u2019actualit\u00e9 de vos villes et m\u00e9dias favoris en vous inscrivant \u00e0 <a href=\"https:\/\/moncompte.actu.fr\" title=\"D\u00e9couvez Mon Actu\" rel=\"nofollow noopener\" data-trk=\"{&quot;cta&quot;:{&quot;action&quot;:&quot;https:\\\/\\\/moncompte.actu.fr&quot;,&quot;category&quot;:&quot;mon compte&quot;,&quot;from&quot;:&quot;article footer&quot;,&quot;name&quot;:&quot;Mon actu&quot;,&quot;type&quot;:&quot;cta&quot;}}\" target=\"_blank\">Mon Actu<\/a>.<\/p>\n","protected":false},"excerpt":{"rendered":"Par R\u00e9daction Paris Publi\u00e9 le 7 juil. 2025 \u00e0 17h42 Dans les tuyaux de la mairie depuis 2022,&hellip;\n","protected":false},"author":2,"featured_media":232969,"comment_status":"","ping_status":"","sticky":false,"template":"","format":"standard","meta":{"footnotes":""},"categories":[1888],"tags":[1111,1928,11,1927,3542,1777,674,1011,27,12,1926,626,1925,25,104,2086],"class_list":{"0":"post-232968","1":"post","2":"type-post","3":"status-publish","4":"format-standard","5":"has-post-thumbnail","7":"category-paris","8":"tag-actu","9":"tag-actu-paris","10":"tag-actualites","11":"tag-actualites-paris","12":"tag-circulation","13":"tag-eu","14":"tag-europe","15":"tag-fr","16":"tag-france","17":"tag-news","18":"tag-news-paris","19":"tag-paris","20":"tag-paris-news","21":"tag-republique-francaise","22":"tag-societe","23":"tag-travaux"},"share_on_mastodon":{"url":"https:\/\/pubeurope.com\/@fr\/114812820296688320","error":""},"_links":{"self":[{"href":"https:\/\/www.europesays.com\/fr\/wp-json\/wp\/v2\/posts\/232968","targetHints":{"allow":["GET"]}}],"collection":[{"href":"https:\/\/www.europesays.com\/fr\/wp-json\/wp\/v2\/posts"}],"about":[{"href":"https:\/\/www.europesays.com\/fr\/wp-json\/wp\/v2\/types\/post"}],"author":[{"embeddable":true,"href":"https:\/\/www.europesays.com\/fr\/wp-json\/wp\/v2\/users\/2"}],"replies":[{"embeddable":true,"href":"https:\/\/www.europesays.com\/fr\/wp-json\/wp\/v2\/comments?post=232968"}],"version-history":[{"count":0,"href":"https:\/\/www.europesays.com\/fr\/wp-json\/wp\/v2\/posts\/232968\/revisions"}],"wp:featuredmedia":[{"embeddable":true,"href":"https:\/\/www.europesays.com\/fr\/wp-json\/wp\/v2\/media\/232969"}],"wp:attachment":[{"href":"https:\/\/www.europesays.com\/fr\/wp-json\/wp\/v2\/media?parent=232968"}],"wp:term":[{"taxonomy":"category","embeddable":true,"href":"https:\/\/www.europesays.com\/fr\/wp-json\/wp\/v2\/categories?post=232968"},{"taxonomy":"post_tag","embeddable":true,"href":"https:\/\/www.europesays.com\/fr\/wp-json\/wp\/v2\/tags?post=232968"}],"curies":[{"name":"wp","href":"https:\/\/api.w.org\/{rel}","templated":true}]}}