{"id":232970,"date":"2025-07-07T16:09:10","date_gmt":"2025-07-07T16:09:10","guid":{"rendered":"https:\/\/www.europesays.com\/fr\/232970\/"},"modified":"2025-07-07T16:09:10","modified_gmt":"2025-07-07T16:09:10","slug":"les-nouvelles-adresses-a-decouvrir-a-paris-pendant-la-fashion-week-haute-couture","status":"publish","type":"post","link":"https:\/\/www.europesays.com\/fr\/232970\/","title":{"rendered":"Les nouvelles adresses \u00e0 d\u00e9couvrir \u00e0 Paris pendant la Fashion Week haute couture"},"content":{"rendered":"<p>Casa Pregonda \u00e0 ParisMickael A. Bandassak<\/p>\n<p><strong>Ou \u00e0 la japonaise chez HANADA<\/strong><\/p>\n<p>D\u00e9j\u00e0 \u00e0 l&rsquo;initiative de <a href=\"https:\/\/www.vogue.fr\/lifestyle\/article\/sushi-shunei-le-nouveau-restaurant-japonais-de-montmartre\" target=\"_blank\" rel=\"noopener\"><strong>Sushi Shunei<\/strong><\/a> et <a href=\"https:\/\/www.vogue.fr\/article\/sushi-yoshinaga-le-nouveau-restaurant-japonais-a-connaitre-a-paris\" target=\"_blank\" rel=\"noopener\"><strong>Sushi Yoshinaga<\/strong><\/a>, <strong>Paul Dupuy<\/strong> s&rsquo;associe, cet \u00e9t\u00e9, \u00e0 <strong>Masayoshi Hanada<\/strong> pour inaugurer ce nouvel omakase ultra confidentiel. Situ\u00e9 Quai de Voltaire, \u00e0 l\u2019abri des regards indiscrets, le lieu \u00e9ponyme a d&rsquo;ailleurs proscrit l\u2019utilisation des t\u00e9l\u00e9phones. Comme pour rappeler que l\u2019important se d\u00e9roule dans l\u2019assiette. Ne pouvant accueillir qu\u2019une dizaine de personnes, le ma\u00eetre sushi y r\u00e9alise, chaque soir, un menu selon ses envies et mettant en exergue son savoir-faire nippon sans pareil. Accoud\u00e9s au comptoir en hinoki massif, les visiteurs y d\u00e9gustent du tofu cr\u00e9meux, du poisson savamment marin\u00e9, des cr\u00e8mes d\u2019oeufs au caviar ou encore des bouillons iod\u00e9s avant de passer aux choses s\u00e9rieuses. Model\u00e9s minute, les nigiris s\u2019encha\u00eenent coiff\u00e9s de s\u00e9riole, de dorade, de thon gras, de crevettes crues\u2026 Le tout accompagn\u00e9 de crus fins, de th\u00e9 ou de sak\u00e9. Avant que le repas ne s\u2019ach\u00e8ve avec une glace au matcha.<br \/><a data-offer-url=\"https:\/\/sushihanada.com\/\" class=\"external-link\" data-event-click=\"{&quot;element&quot;:&quot;ExternalLink&quot;,&quot;outgoingURL&quot;:&quot;https:\/\/sushihanada.com\/&quot;}\" href=\"https:\/\/sushihanada.com\/\" rel=\"nofollow noopener\" target=\"_blank\">A r\u00e9server ici<\/a><\/p>\n<p>Hanada \u00e0 Paris11H45\/FLORENT MICHEL<\/p>\n<p><strong>Boire des cocktails sign\u00e9s Cravan chez OGATA<\/strong><\/p>\n<p>Du\u00a09 au 13 juillet, <strong>Shinichiro Ogata<\/strong>, le fondateur du concept store nippon \u00e9ponyme, invite\u00a0<strong>Cravan<\/strong>\u00a0a rejoindre son bar install\u00e9 au dernier \u00e9tage.\u00a0Fond\u00e9 par <strong>Franck Audoux<\/strong>, ce restaurant expert en cocktails y d\u00e9cline, \u00e0 cette occasion,\u00a0trois nouvelles boissons. Inspir\u00e9es par les cocktails en bouteille <strong>Cravan<\/strong> et les th\u00e9s issus de la T. Collection d&rsquo;<strong>OGATA<\/strong>, elles seront accompagn\u00e9es,\u00a0en prime, de 5 assiettes signature dans\u00a0un esprit Izakaya.<br \/><a data-offer-url=\"https:\/\/ogata.com\/paris\/\" class=\"external-link\" data-event-click=\"{&quot;element&quot;:&quot;ExternalLink&quot;,&quot;outgoingURL&quot;:&quot;https:\/\/ogata.com\/paris\/&quot;}\" href=\"https:\/\/ogata.com\/paris\/\" rel=\"nofollow noopener\" target=\"_blank\">A d\u00e9couvrir ici<\/a><\/p>\n<p>CRAVAN X OGATA<\/p>\n<p>CRAVAN X OGATA<\/p>\n<p><strong>Faire la nocturne \u201cLa nuit de la Mode\u201d au mus\u00e9e du Louvre<\/strong><\/p>\n<p>Ce 10 Juillet, de 18h45 \u00e0 22h30, le mus\u00e9e du Louvre c\u00e9l\u00e8bre la mode le temps d&rsquo;une nocturne in\u00e9dite. Pour cl\u00f4turer la Fashion Week, les visiteurs y auront acc\u00e8s \u00e0 l&rsquo;exposition Louvre Couture, \u00e0 des conf\u00e9rences men\u00e9es par <strong>Lo\u00efc Prigent<\/strong> et <strong>Olivier Gabet<\/strong> ou encore des performances de <strong>Jordan Roth<\/strong>.<br \/><a data-offer-url=\"https:\/\/www.louvre.fr\/expositions-et-evenements\/evenements-activites\/la-nuit-de-la-mode\" class=\"external-link\" data-event-click=\"{&quot;element&quot;:&quot;ExternalLink&quot;,&quot;outgoingURL&quot;:&quot;https:\/\/www.louvre.fr\/expositions-et-evenements\/evenements-activites\/la-nuit-de-la-mode&quot;}\" href=\"https:\/\/www.louvre.fr\/expositions-et-evenements\/evenements-activites\/la-nuit-de-la-mode\" rel=\"nofollow noopener\" target=\"_blank\">A d\u00e9couvrir ici<\/a><\/p>\n","protected":false},"excerpt":{"rendered":"Casa Pregonda \u00e0 ParisMickael A. Bandassak Ou \u00e0 la japonaise chez HANADA D\u00e9j\u00e0 \u00e0 l&rsquo;initiative de Sushi Shunei&hellip;\n","protected":false},"author":2,"featured_media":232971,"comment_status":"","ping_status":"","sticky":false,"template":"","format":"standard","meta":{"footnotes":""},"categories":[1888],"tags":[1111,1928,11,1927,1777,674,1011,27,12,1926,626,1925,25,25951,721],"class_list":{"0":"post-232970","1":"post","2":"type-post","3":"status-publish","4":"format-standard","5":"has-post-thumbnail","7":"category-paris","8":"tag-actu","9":"tag-actu-paris","10":"tag-actualites","11":"tag-actualites-paris","12":"tag-eu","13":"tag-europe","14":"tag-fr","15":"tag-france","16":"tag-news","17":"tag-news-paris","18":"tag-paris","19":"tag-paris-news","20":"tag-republique-francaise","21":"tag-splitscreenimageleftinset","22":"tag-web"},"share_on_mastodon":{"url":"https:\/\/pubeurope.com\/@fr\/114812823991194879","error":""},"_links":{"self":[{"href":"https:\/\/www.europesays.com\/fr\/wp-json\/wp\/v2\/posts\/232970","targetHints":{"allow":["GET"]}}],"collection":[{"href":"https:\/\/www.europesays.com\/fr\/wp-json\/wp\/v2\/posts"}],"about":[{"href":"https:\/\/www.europesays.com\/fr\/wp-json\/wp\/v2\/types\/post"}],"author":[{"embeddable":true,"href":"https:\/\/www.europesays.com\/fr\/wp-json\/wp\/v2\/users\/2"}],"replies":[{"embeddable":true,"href":"https:\/\/www.europesays.com\/fr\/wp-json\/wp\/v2\/comments?post=232970"}],"version-history":[{"count":0,"href":"https:\/\/www.europesays.com\/fr\/wp-json\/wp\/v2\/posts\/232970\/revisions"}],"wp:featuredmedia":[{"embeddable":true,"href":"https:\/\/www.europesays.com\/fr\/wp-json\/wp\/v2\/media\/232971"}],"wp:attachment":[{"href":"https:\/\/www.europesays.com\/fr\/wp-json\/wp\/v2\/media?parent=232970"}],"wp:term":[{"taxonomy":"category","embeddable":true,"href":"https:\/\/www.europesays.com\/fr\/wp-json\/wp\/v2\/categories?post=232970"},{"taxonomy":"post_tag","embeddable":true,"href":"https:\/\/www.europesays.com\/fr\/wp-json\/wp\/v2\/tags?post=232970"}],"curies":[{"name":"wp","href":"https:\/\/api.w.org\/{rel}","templated":true}]}}