{"id":232976,"date":"2025-07-07T16:12:10","date_gmt":"2025-07-07T16:12:10","guid":{"rendered":"https:\/\/www.europesays.com\/fr\/232976\/"},"modified":"2025-07-07T16:12:10","modified_gmt":"2025-07-07T16:12:10","slug":"en-russie-un-record-de-coupures-dacces-a-linternet-mobile-qui-interroge","status":"publish","type":"post","link":"https:\/\/www.europesays.com\/fr\/232976\/","title":{"rendered":"En Russie, un record de coupures d\u2019acc\u00e8s \u00e0 l\u2019Internet mobile qui interroge"},"content":{"rendered":"\n<p>Avec 655 coupures d\u2019Internet mobile enregistr\u00e9es en juin 2025, contre seulement 69 en mai, la Russie est devenue le pays le plus touch\u00e9 au monde par ce type d\u2019interruptions, selon l\u2019organisation \u00e0 but non lucratif de suivi des blocages russe Na Svyazi, <a class=\"ithalc\" data-ithal=\"lien_externe\" data-ithalc=\"[nav_article]\" target=\"_blank\" href=\"https:\/\/theins.ru\/news\/282643\" rel=\"noopener\">cit\u00e9e par le m\u00e9dia ind\u00e9pendant russe <strong>The Insider<\/strong><\/a><strong>.<\/strong><\/p>\n<p>\u00c0 l\u2019\u00e9chelle mondiale, l\u2019ONG am\u00e9ricaine Access Now ne recensait que \u201c296 coupures dans 54\u00a0pays pour l\u2019ensemble de l\u2019ann\u00e9e 2024\u201d. La Russie surpasse d\u00e9sormais largement des pays comme la Birmanie, l\u2019Inde ou le Pakistan, jusqu\u2019ici plus coutumiers de ces pratiques.<\/p>\n<p>Les autorit\u00e9s russes justifient ces coupures par \u201cla n\u00e9cessit\u00e9 de prot\u00e9ger la population contre les attaques de drones ukrainiens\u201d, qui utilisent \u201cle r\u00e9seau mobile russe pour ajuster leur trajectoire ou transmettre des donn\u00e9es en temps r\u00e9el\u201d. Mais pour Mikha\u00efl Klimarev, directeur de l\u2019ONG\u00a0Obchtchestvo Zachtchiti Interneta (\u201cSoci\u00e9t\u00e9 de d\u00e9fense d\u2019internet\u201d) <a class=\"ithalc\" data-ithal=\"lien_externe\" data-ithalc=\"[nav_article]\" target=\"_blank\" href=\"https:\/\/www.dw.com\/ru\/zizn-pri-satdaune-v-rossii-vse-case-otklucaut-mobilnyj-internet\/a-72690364\" rel=\"noopener\">interrog\u00e9 par l\u2019\u00e9dition russe de la <strong>Deutsche Welle<\/strong><\/a><strong>, <\/strong>\u201cce n\u2019est qu\u2019une technologie d\u2019appoint. M\u00eame sans r\u00e9seau, les drones continuent leur vol selon la trajectoire programm\u00e9e \u00e0 l\u2019avance\u201d.<\/p>\n<p> \u201cUn mal n\u00e9cessaire pour prot\u00e9ger\u201d <\/p>\n<p>Jusqu\u2019en 2025, ces pratiques restaient rares sur le territoire russe. Cependant, \u201cl\u2019ennemi [ukrainien] a visiblement intensifi\u00e9 leur usage de ce r\u00e9seau\u201d, av<\/p>\n","protected":false},"excerpt":{"rendered":"Avec 655 coupures d\u2019Internet mobile enregistr\u00e9es en juin 2025, contre seulement 69 en mai, la Russie est devenue&hellip;\n","protected":false},"author":2,"featured_media":232977,"comment_status":"","ping_status":"","sticky":false,"template":"","format":"standard","meta":{"footnotes":""},"categories":[1591],"tags":[11,674,1887,131,310,12,1885,1886,132,1857,220],"class_list":{"0":"post-232976","1":"post","2":"type-post","3":"status-publish","4":"format-standard","5":"has-post-thumbnail","7":"category-russie","8":"tag-actualites","9":"tag-europe","10":"tag-federation-de-russie","11":"tag-guerre-en-ukraine","12":"tag-internet","13":"tag-news","14":"tag-russia","15":"tag-russian-federation","16":"tag-russie","17":"tag-sociu00e9tu00e9","18":"tag-ukraine"},"share_on_mastodon":{"url":"https:\/\/pubeurope.com\/@fr\/114812835910784007","error":""},"_links":{"self":[{"href":"https:\/\/www.europesays.com\/fr\/wp-json\/wp\/v2\/posts\/232976","targetHints":{"allow":["GET"]}}],"collection":[{"href":"https:\/\/www.europesays.com\/fr\/wp-json\/wp\/v2\/posts"}],"about":[{"href":"https:\/\/www.europesays.com\/fr\/wp-json\/wp\/v2\/types\/post"}],"author":[{"embeddable":true,"href":"https:\/\/www.europesays.com\/fr\/wp-json\/wp\/v2\/users\/2"}],"replies":[{"embeddable":true,"href":"https:\/\/www.europesays.com\/fr\/wp-json\/wp\/v2\/comments?post=232976"}],"version-history":[{"count":0,"href":"https:\/\/www.europesays.com\/fr\/wp-json\/wp\/v2\/posts\/232976\/revisions"}],"wp:featuredmedia":[{"embeddable":true,"href":"https:\/\/www.europesays.com\/fr\/wp-json\/wp\/v2\/media\/232977"}],"wp:attachment":[{"href":"https:\/\/www.europesays.com\/fr\/wp-json\/wp\/v2\/media?parent=232976"}],"wp:term":[{"taxonomy":"category","embeddable":true,"href":"https:\/\/www.europesays.com\/fr\/wp-json\/wp\/v2\/categories?post=232976"},{"taxonomy":"post_tag","embeddable":true,"href":"https:\/\/www.europesays.com\/fr\/wp-json\/wp\/v2\/tags?post=232976"}],"curies":[{"name":"wp","href":"https:\/\/api.w.org\/{rel}","templated":true}]}}