{"id":232978,"date":"2025-07-07T16:13:11","date_gmt":"2025-07-07T16:13:11","guid":{"rendered":"https:\/\/www.europesays.com\/fr\/232978\/"},"modified":"2025-07-07T16:13:11","modified_gmt":"2025-07-07T16:13:11","slug":"guerre-en-ukraine-nous-entendons-bien-faire-plier-poutine-affirme-le-ministre-des-affaires-etrangeres-jean-noel-barrot","status":"publish","type":"post","link":"https:\/\/www.europesays.com\/fr\/232978\/","title":{"rendered":"Guerre en Ukraine : \u00ab\u00a0Nous entendons bien faire plier\u00a0\u00bb Poutine, affirme le ministre des Affaires \u00e9trang\u00e8res, Jean-No\u00ebl Barrot"},"content":{"rendered":"<ul class=\"jsx-862013697 ArticleChapo__List\">\n<li class=\"jsx-862013697 ArticleChapo__List_Item flex\">Le chef de la diplomatie fran\u00e7aise Jean-No\u00ebl Barrot s&rsquo;est exprim\u00e9 ce lundi depuis Rennes, en Ille-et-Vilaine.<\/li>\n<li class=\"jsx-862013697 ArticleChapo__List_Item flex\">De nouvelles sanctions vont \u00eatre vot\u00e9es au niveau europ\u00e9en contre la Russie en coordination avec les \u00c9tats-Unis.<\/li>\n<\/ul>\n<p data-module=\"article-paragraph\" class=\"jsx-3046738180 Paragraph\">Alors que Moscou a une nouvelle fois frapp\u00e9 l&rsquo;Ukraine durant la nuit de dimanche \u00e0 lundi, notamment \u00e0 Odessa, le ministre de l&rsquo;Europe et des Affaires \u00e9trang\u00e8res, <a href=\"https:\/\/www.tf1info.fr\/international\/en-direct-guerre-ukraine-russie-le-moratoire-sur-les-frappes-energetiques-doit-bientot-prendre-fin-le-kremlin-refuse-de-dire-quand-zelensky-poutine-trump-les-informations-du-jeudi-17-avril-2025-2365612.html\" target=\"_blank\" rel=\"noopener\">Jean-No\u00ebl Barrot<\/a> annonce ce lundi que l&rsquo;Europe va prendre de nouvelles sanctions contre le pays de Vladimir Poutine. \u00ab\u00a0En coordination avec les efforts men\u00e9s par les s\u00e9nateurs am\u00e9ricains, l&rsquo;Europe s&rsquo;appr\u00eate \u00e0 prendre, sur des propositions fran\u00e7aises, les sanctions les plus lourdes prises depuis trois ans\u00a0\u00bb, a-t-il d\u00e9clar\u00e9 depuis Rennes.<\/p>\n<p data-module=\"article-paragraph\" class=\"jsx-3046738180 Paragraph Paragraph__End\"><a href=\"https:\/\/www.tf1info.fr\/international\/en-direct-guerre-en-ukraine-russie-poutine-zelensky-attaque-drones-dernieres-informations-aujourd-hui-lundi-7-juillet-2025-2381305.html\" target=\"_blank\" rel=\"noopener\">Ces nouvelles sanctions<\/a> visent \u00e0 \u00ab\u00a0directement ass\u00e9cher les ressources qui permettent \u00e0 Vladimir Poutine de poursuivre sa guerre\u00a0\u00bb, d\u00e9taille le ministre, \u00e9voquant en particulier les \u00ab\u00a0recettes p\u00e9troli\u00e8res et acteurs financiers russes ou dans d&rsquo;autres pays\u00a0\u00bb.\u00a0<\/p>\n<p><a href=\"https:\/\/www.tf1info.fr\/international\/en-direct-guerre-en-ukraine-russie-poutine-zelensky-attaque-drones-dernieres-informations-aujourd-hui-dimanche-6-juillet-2025-2381193.html\" rel=\"noopener\" class=\"jsx-3308031228 Link flex\" target=\"_blank\"><img decoding=\"async\" src=\"https:\/\/www.europesays.com\/fr\/wp-content\/uploads\/2025\/07\/ukraine-russie-drapeaux-illus-87b0bf-0@1x.jpeg\" alt=\"iStock\" loading=\"lazy\" importance=\"low\" fetchpriority=\"low\" class=\"\" aria-hidden=\"true\"\/><\/p>\n<p class=\"jsx-3657663356 ReadMoreArticle__Title\">Lire aussi<\/p>\n<p class=\"jsx-3657663356\">EN DIRECT &#8211; Guerre en Ukraine : la Russie revendique la prise de 2 localit\u00e9s dans l&rsquo;est du pays<\/p>\n<p><\/a><\/p>\n<p data-module=\"article-paragraph\" class=\"jsx-3046738180 Paragraph\">Pour le ministre, ces sanctions sont une cons\u00e9quence de l&rsquo;augmentation des frappes russes sur le sol ukrainiens alors que les \u00c9tats-Unis, l&rsquo;Europe et l&rsquo;Ukraine ont accept\u00e9 le principe d&rsquo;un cessez-le-feu. \u00ab\u00a0Les frappes de la Russie sur l&rsquo;Ukraine ont \u00e9t\u00e9 multipli\u00e9es par cinq\u00a0\u00bb, accuse-t-il, estimant que \u00ab\u00a0cela ne peut plus durer, cela doit cesser\u00a0\u00bb.\u00a0<\/p>\n<p data-module=\"article-paragraph\" class=\"jsx-3046738180 Paragraph Paragraph__End\">Enfin, Jean-No\u00ebl Barrot accuse \u00e9galement de ne viser que des civils, car Vladimir Poutine \u00ab\u00a0ne progresse plus\u00a0\u00bb au niveau militaire, selon lui. \u00ab\u00a0Nous entendons bien le faire plier\u00a0\u00bb, a-t-il promis.<\/p>\n<p>Raphael BAZILE<\/p>\n","protected":false},"excerpt":{"rendered":"Le chef de la diplomatie fran\u00e7aise Jean-No\u00ebl Barrot s&rsquo;est exprim\u00e9 ce lundi depuis Rennes, en Ille-et-Vilaine. De nouvelles&hellip;\n","protected":false},"author":2,"featured_media":232979,"comment_status":"","ping_status":"","sticky":false,"template":"","format":"standard","meta":{"footnotes":""},"categories":[1590],"tags":[1111,11,1921,73,1777,674,28083,1922,2121,37193,12,132,220,1917,133,1920],"class_list":{"0":"post-232978","1":"post","2":"type-post","3":"status-publish","4":"format-standard","5":"has-post-thumbnail","7":"category-ukraine","8":"tag-actu","9":"tag-actualites","10":"tag-article-video","11":"tag-etats-unis","12":"tag-eu","13":"tag-europe","14":"tag-guerre-en-ukraine-une-treve-sera-t-elle-possible","15":"tag-info","16":"tag-jean-noel-barrot","17":"tag-lci-direct","18":"tag-news","19":"tag-russie","20":"tag-ukraine","21":"tag-ukraine-4-annee-de-guerre","22":"tag-video","23":"tag-video-international"},"share_on_mastodon":{"url":"https:\/\/pubeurope.com\/@fr\/114812839772747736","error":""},"_links":{"self":[{"href":"https:\/\/www.europesays.com\/fr\/wp-json\/wp\/v2\/posts\/232978","targetHints":{"allow":["GET"]}}],"collection":[{"href":"https:\/\/www.europesays.com\/fr\/wp-json\/wp\/v2\/posts"}],"about":[{"href":"https:\/\/www.europesays.com\/fr\/wp-json\/wp\/v2\/types\/post"}],"author":[{"embeddable":true,"href":"https:\/\/www.europesays.com\/fr\/wp-json\/wp\/v2\/users\/2"}],"replies":[{"embeddable":true,"href":"https:\/\/www.europesays.com\/fr\/wp-json\/wp\/v2\/comments?post=232978"}],"version-history":[{"count":0,"href":"https:\/\/www.europesays.com\/fr\/wp-json\/wp\/v2\/posts\/232978\/revisions"}],"wp:featuredmedia":[{"embeddable":true,"href":"https:\/\/www.europesays.com\/fr\/wp-json\/wp\/v2\/media\/232979"}],"wp:attachment":[{"href":"https:\/\/www.europesays.com\/fr\/wp-json\/wp\/v2\/media?parent=232978"}],"wp:term":[{"taxonomy":"category","embeddable":true,"href":"https:\/\/www.europesays.com\/fr\/wp-json\/wp\/v2\/categories?post=232978"},{"taxonomy":"post_tag","embeddable":true,"href":"https:\/\/www.europesays.com\/fr\/wp-json\/wp\/v2\/tags?post=232978"}],"curies":[{"name":"wp","href":"https:\/\/api.w.org\/{rel}","templated":true}]}}