{"id":232981,"date":"2025-07-07T16:15:10","date_gmt":"2025-07-07T16:15:10","guid":{"rendered":"https:\/\/www.europesays.com\/fr\/232981\/"},"modified":"2025-07-07T16:15:10","modified_gmt":"2025-07-07T16:15:10","slug":"chimie-dow-va-fermer-des-sites-en-allemagne-et-au-royaume-uni","status":"publish","type":"post","link":"https:\/\/www.europesays.com\/fr\/232981\/","title":{"rendered":"Chimie: Dow va fermer des sites en Allemagne et au Royaume-Uni"},"content":{"rendered":"<p class=\"wysiwyg-h2\">Dow a annonc\u00e9 lundi la fermeture de trois sites europ\u00e9ens, deux en Allemagne et un au Royaume-Uni. Les mesures entra\u00eeneront la suppression de pas moins de 800 emplois, le groupe p\u00e9trochimique am\u00e9ricain les justifiant par un environnement complexe dans la r\u00e9gion.<\/p>\n<p>&lsquo;Notre industrie en Europe continue de faire face \u00e0 des dynamiques de march\u00e9 difficiles&rsquo;, a expliqu\u00e9 dans un communiqu\u00e9 Jim Fitterling, le PDG de Dow, mentionnant notamment des co\u00fbts de production \u00e9lev\u00e9s en Europe. En Allemagne, l&rsquo;usine de production d&rsquo;\u00e9thyl\u00e8ne de B\u00f6hlen (Saxe) devrait \u00eatre ferm\u00e9e au 4e trimestre 2027, pr\u00e9cise le communiqu\u00e9, tout comme un site de production de vinyle et chlore \u00e0 Schkopau (Saxe-Anhalt).<\/p>\n<p>La fermeture du site de production de silicones de Barry (Pays de Galles), au Royaume-Uni, devrait, elle, \u00eatre finalis\u00e9e mi-2026. Environ 800 postes seront concern\u00e9s par ces mesures, pr\u00e9cise le groupe, qui fait \u00e9tat de &lsquo;d\u00e9fis structurels dans la r\u00e9gion&rsquo;. Dow &#8211; qui emploie 36&rsquo;000 personnes dans le monde &#8211; avait annonc\u00e9 des mesures d&rsquo;\u00e9conomies en avril pour s&rsquo;ajuster \u00e0 une conjoncture d\u00e9favorable, notamment en repoussant un projet colossal d&rsquo;usine au Canada, \u00e0 Fort Saskatchewan, en banlieue d&rsquo;Edmonton.<\/p>\n<p>Le groupe avait alors \u00e9voqu\u00e9 la fermeture de sites europ\u00e9ens, mais sans pr\u00e9ciser le nombre de postes concern\u00e9s. Tr\u00e8s sensible au cycle \u00e9conomique, Dow est pris en \u00e9tau entre un mouvement de baisses de prix, sur fond de ralentissement de l&rsquo;activit\u00e9, et une hausse de ses co\u00fbts d&rsquo;approvisionnement.<\/p>\n<p>En janvier, il avait d\u00e9j\u00e0 annonc\u00e9 un plan pr\u00e9voyant de r\u00e9duire ses effectifs d&rsquo;environ 1.500 personnes dans le monde. En 2023, 2.000 postes avaient \u00e9t\u00e9 supprim\u00e9s. Bruxelles doit annoncer dans la semaine un plan de soutien pour la chimie dans l&rsquo;Union europ\u00e9enne, fragilis\u00e9e notamment par les co\u00fbts de l&rsquo;\u00e9nergie plus \u00e9lev\u00e9s en Europe et les surcapacit\u00e9s mondiales, selon les acteurs du secteur.<\/p>\n<p> \/ATS<\/p>\n","protected":false},"excerpt":{"rendered":"Dow a annonc\u00e9 lundi la fermeture de trois sites europ\u00e9ens, deux en Allemagne et un au Royaume-Uni. Les&hellip;\n","protected":false},"author":2,"featured_media":232982,"comment_status":"","ping_status":"","sticky":false,"template":"","format":"standard","meta":{"footnotes":""},"categories":[1588],"tags":[11,1829,1832,1836,1827,1777,674,1830,1831,1826,1844,1840,1839,1841,1838,12,1843,1828,1834,1825,1833,1822,1823,473,1853,1824,1837,1851,1850,1852,1835,1842],"class_list":{"0":"post-232981","1":"post","2":"type-post","3":"status-publish","4":"format-standard","5":"has-post-thumbnail","7":"category-royaume-uni","8":"tag-actualites","9":"tag-ajoie","10":"tag-animation","11":"tag-bienne","12":"tag-delemont","13":"tag-eu","14":"tag-europe","15":"tag-franches-montagnes","16":"tag-frequence","17":"tag-jura","18":"tag-jura-bernois","19":"tag-la-chaux-de-fonds","20":"tag-moutier","21":"tag-neuchatel","22":"tag-neuveville","23":"tag-news","24":"tag-payerne","25":"tag-porrentruy","26":"tag-publicite","27":"tag-radio","28":"tag-redaction","29":"tag-rfj","30":"tag-rjb","31":"tag-royaume-uni","32":"tag-royaume-uni-de-grande-bretagne-et-dirlande-du-nord","33":"tag-rtn","34":"tag-tavannes","35":"tag-uk","36":"tag-united-kingdom","37":"tag-united-kingdom-of-great-britain-and-northern-ireland","38":"tag-vallon-de-st-imier","39":"tag-yverdon"},"share_on_mastodon":{"url":"https:\/\/pubeurope.com\/@fr\/114812848165467710","error":""},"_links":{"self":[{"href":"https:\/\/www.europesays.com\/fr\/wp-json\/wp\/v2\/posts\/232981","targetHints":{"allow":["GET"]}}],"collection":[{"href":"https:\/\/www.europesays.com\/fr\/wp-json\/wp\/v2\/posts"}],"about":[{"href":"https:\/\/www.europesays.com\/fr\/wp-json\/wp\/v2\/types\/post"}],"author":[{"embeddable":true,"href":"https:\/\/www.europesays.com\/fr\/wp-json\/wp\/v2\/users\/2"}],"replies":[{"embeddable":true,"href":"https:\/\/www.europesays.com\/fr\/wp-json\/wp\/v2\/comments?post=232981"}],"version-history":[{"count":0,"href":"https:\/\/www.europesays.com\/fr\/wp-json\/wp\/v2\/posts\/232981\/revisions"}],"wp:featuredmedia":[{"embeddable":true,"href":"https:\/\/www.europesays.com\/fr\/wp-json\/wp\/v2\/media\/232982"}],"wp:attachment":[{"href":"https:\/\/www.europesays.com\/fr\/wp-json\/wp\/v2\/media?parent=232981"}],"wp:term":[{"taxonomy":"category","embeddable":true,"href":"https:\/\/www.europesays.com\/fr\/wp-json\/wp\/v2\/categories?post=232981"},{"taxonomy":"post_tag","embeddable":true,"href":"https:\/\/www.europesays.com\/fr\/wp-json\/wp\/v2\/tags?post=232981"}],"curies":[{"name":"wp","href":"https:\/\/api.w.org\/{rel}","templated":true}]}}