{"id":232983,"date":"2025-07-07T16:16:09","date_gmt":"2025-07-07T16:16:09","guid":{"rendered":"https:\/\/www.europesays.com\/fr\/232983\/"},"modified":"2025-07-07T16:16:09","modified_gmt":"2025-07-07T16:16:09","slug":"lallemagne-nest-plus-la-premiere-destination-des-demandeurs-dasile-en-europe-lexpress","status":"publish","type":"post","link":"https:\/\/www.europesays.com\/fr\/232983\/","title":{"rendered":"L\u2019Allemagne n\u2019est plus la premi\u00e8re destination des demandeurs d\u2019asile en Europe \u2013 L&rsquo;Express"},"content":{"rendered":"<p class=\"paragraph article-body-paragraph article__item   article-body-paragraph--first \">Le nombre de <a href=\"https:\/\/www.lexpress.fr\/informations\/immigration-titres-de-sejour-et-expulsions-en-hausse-demande-en-baisse-lan-dernier-4TSO65EV2JCLPMOMAVKW3ZZLKQ\/\" target=\"_self\" rel=\"nofollow noopener\" title=\"https:\/\/www.lexpress.fr\/informations\/immigration-titres-de-sejour-et-expulsions-en-hausse-demande-en-baisse-lan-dernier-4TSO65EV2JCLPMOMAVKW3ZZLKQ\/\">demandes d\u2019asile<\/a> a consid\u00e9rablement baiss\u00e9 en Allemagne au cours des six premiers mois de l\u2019ann\u00e9e 2025, rapportent des m\u00e9dias allemands. Selon le journal <a href=\"https:\/\/www.welt.de\/politik\/ausland\/article256350498\/eu-bericht-zahl-der-asylantraege-in-deutschland-drastisch-gesunken.html\" target=\"_self\" rel=\"nofollow noopener\" title=\"https:\/\/www.welt.de\/politik\/ausland\/article256350498\/eu-bericht-zahl-der-asylantraege-in-deutschland-drastisch-gesunken.html\">Welt am Sonntag<\/a>, qui cite des donn\u00e9es non publi\u00e9es \u00e0 ce jour de l\u2019Agence europ\u00e9enne pour l\u2019asile (AEE), 65 495 demandes d\u2019asile ont \u00e9t\u00e9 d\u00e9pos\u00e9es en <a href=\"https:\/\/www.lexpress.fr\/monde\/europe\/en-allemagne-la-coalition-de-friedrich-merz-deja-divisee-sur-le-prix-de-lelectricite-NHYP6Q7YIZEGZIMJBT3YH4W7JQ\/\" target=\"_self\" rel=\"nofollow noopener\" title=\"https:\/\/www.lexpress.fr\/monde\/europe\/en-allemagne-la-coalition-de-friedrich-merz-deja-divisee-sur-le-prix-de-lelectricite-NHYP6Q7YIZEGZIMJBT3YH4W7JQ\/\">Allemagne<\/a> entre le 1er janvier et le 30 juin 2025. Cela repr\u00e9sente une baisse de 43 % par rapport \u00e0 la m\u00eame p\u00e9riode l\u2019ann\u00e9e derni\u00e8re.<\/p>\n<p class=\"paragraph article-body-paragraph article__item   \">Le m\u00e9dia Tagesschau cite, lui, des chiffres de l\u2019Office f\u00e9d\u00e9ral allemand pour les migrations et les r\u00e9fugi\u00e9s, soit 61 336 demandes d\u2019asile d\u00e9pos\u00e9es en Allemagne au cours du premier semestre 2025. Un chiffre repris aussi par Die Welt, inf\u00e9rieur de 44,9 % \u00e0 l\u2019ann\u00e9e pr\u00e9c\u00e9dente.<\/p>\n<p>L\u2019Allemagne n\u2019est plus en t\u00eate des destinations d\u2019asile en Europe<\/p>\n<p class=\"paragraph article-body-paragraph article__item   \">Pour la premi\u00e8re fois depuis des ann\u00e9es, l\u2019Allemagne n\u2019est plus en t\u00eate des pays europ\u00e9ens pour les demandes d\u2019asile. Le pays recule \u00e0 la troisi\u00e8me place, derri\u00e8re l\u2019Espagne (76 020) et la France (75 428), mais juste devant l\u2019Italie (62 534).<\/p>\n<\/p>\n<p class=\"paragraph article-body-paragraph article__item   \">La baisse des demandes d\u2019asile n\u2019est pourtant <a href=\"https:\/\/www.lexpress.fr\/monde\/suede-le-nombre-de-demandes-dasile-octroyees-en-2024-au-plus-bas-depuis-40-ans-FZAQC3K2CZDKVF3EAS7VWJMPS4\/\" target=\"_self\" rel=\"nofollow noopener\" title=\"https:\/\/www.lexpress.fr\/monde\/suede-le-nombre-de-demandes-dasile-octroyees-en-2024-au-plus-bas-depuis-40-ans-FZAQC3K2CZDKVF3EAS7VWJMPS4\/\">pas exclusive \u00e0 l\u2019Allemagne<\/a>. Dans toute l\u2019Europe (Suisse et Norv\u00e8ge inclues), le journal Welt relate un total de 388 299 demandes d\u00e9pos\u00e9es, soit une baisse de 23 % par rapport au premier semestre de 2024.<\/p>\n<p><strong class=\"article-body-link-list__item text-gray-800 article-body-link-list__item--one-item\">LIRE AUSSI : <a class=\"article-body-link-list__item-link\" href=\"https:\/\/www.lexpress.fr\/societe\/on-gagne-de-largent-cest-notre-metier-le-business-derriere-lassistance-aux-etrangers-G4OSLNUSQNC4RHBEFSCDJDSAAI\/\" target=\"_blank\" rel=\"noreferrer nofollow noopener\">\u00ab\u00a0On gagne de l&rsquo;argent, c\u2019est notre m\u00e9tier\u00a0\u00bb : le business derri\u00e8re l\u2019assistance aux \u00e9trangers<\/a><\/strong><\/p>\n<p class=\"paragraph article-body-paragraph article__item   \">En Europe, les demandeurs d\u2019asile provenaient d\u00e9but 2025 majoritairement du <a href=\"https:\/\/www.lexpress.fr\/podcasts\/laloupe\/au-venezuela-le-regime-de-maduro-menace-par-le-retour-de-trump-UNLGGXEPWRCCXDGPP54FMUSYVY\/\" target=\"_self\" rel=\"nofollow noopener\" title=\"https:\/\/www.lexpress.fr\/podcasts\/laloupe\/au-venezuela-le-regime-de-maduro-menace-par-le-retour-de-trump-UNLGGXEPWRCCXDGPP54FMUSYVY\/\">Venezuela<\/a> (48 413), d\u2019Afghanistan (41 127) et de <a href=\"https:\/\/www.lexpress.fr\/idees-et-debats\/les-chretiens-sont-en-voie-de-disparition-en-syrie-par-omar-youssef-souleimane-RSGP44UINREODFNEDCL4ADNZPY\/\" target=\"_self\" rel=\"nofollow noopener\" title=\"https:\/\/www.lexpress.fr\/idees-et-debats\/les-chretiens-sont-en-voie-de-disparition-en-syrie-par-omar-youssef-souleimane-RSGP44UINREODFNEDCL4ADNZPY\/\">Syrie<\/a> (23 307). L\u2019Allemagne reste donc privil\u00e9gi\u00e9e par deux des principales nationalit\u00e9s de demandeurs d\u2019asile en Europe, la majorit\u00e9 \u00e9tant originaire d\u2019Afghanistan (22 % des demandes), de Syrie (20 %) et de Turquie (11 %).<\/p>\n<p>La politique migratoire, facteur de d\u00e9clin<\/p>\n<p class=\"paragraph article-body-paragraph article__item   \">Cit\u00e9 par le journal Die Welt, l\u2019eurod\u00e9put\u00e9e Lena D\u00fcpont (CDU) reconna\u00eet dans ce d\u00e9clin le r\u00e9sultat d\u2019un ensemble de mesures cibl\u00e9es. Mis \u00e0 part les effets saisonniers et \u00ab\u00a0la coop\u00e9ration accrue entre les pays tiers et l\u2019agence frontali\u00e8re de l\u2019UE Frontex\u00a0\u00bb, c\u2019est surtout une avanc\u00e9e dans \u00ab\u00a0les accords de partenariat avec les principaux pays d\u2019Afrique du Nord\u00a0\u00bb, relate le journal.<\/p>\n<p class=\"paragraph article-body-paragraph article__item   \">L\u2019eurod\u00e9put\u00e9e fait r\u00e9f\u00e9rence aux <a href=\"https:\/\/www.lexpress.fr\/monde\/afrique\/accord-migratoire-ue-tunisie-meloni-et-saied-partagent-la-meme-vision-du-monde-N7DYYDPO2VHCFL7N3UPQBNO6FA\/\" target=\"_self\" rel=\"nofollow noopener\" title=\"https:\/\/www.lexpress.fr\/monde\/afrique\/accord-migratoire-ue-tunisie-meloni-et-saied-partagent-la-meme-vision-du-monde-N7DYYDPO2VHCFL7N3UPQBNO6FA\/\">accords sign\u00e9s<\/a> entre la Commission europ\u00e9enne et des pays tiers, tels que la Tunisie et <a href=\"https:\/\/www.lexpress.fr\/monde\/partenariat-strategique-ue-egypte-pour-74-mds-deuros-HNFV4IIODJCQJFX4LCX4E3KA4E\/\" target=\"_self\" rel=\"nofollow noopener\" title=\"https:\/\/www.lexpress.fr\/monde\/partenariat-strategique-ue-egypte-pour-74-mds-deuros-HNFV4IIODJCQJFX4LCX4E3KA4E\/\">l\u2019Egypte<\/a>. Ces derniers peuvent utiliser les pr\u00eats et les investissements de l\u2019UE pour am\u00e9liorer les syst\u00e8mes nationaux de sant\u00e9 et d\u2019\u00e9ducation des pays concern\u00e9s, ainsi que pour renforcer leurs agences de s\u00e9curit\u00e9 et leur protection des fronti\u00e8res. L\u2019objectif est de consolider les \u00e9conomies de ces pays et de r\u00e9duire les facteurs de migration vers l\u2019Europe.<\/p>\n<p><strong class=\"article-body-link-list__item text-gray-800 article-body-link-list__item--one-item\">LIRE AUSSI : <a class=\"article-body-link-list__item-link\" href=\"https:\/\/www.lexpress.fr\/idees-et-debats\/najat-vallaud-belkacem-benjamin-michallet-en-realite-la-france-attire-peu-les-demandeurs-dasile-4W6XODD7BBGJZAT5OSJ6IKUCYQ\/\" target=\"_blank\" rel=\"noreferrer nofollow noopener\">Najat Vallaud-Belkacem &#8211; Benjamin Michallet : \u00ab\u00a0En r\u00e9alit\u00e9, la France attire peu les demandeurs d\u2019asile\u00a0\u00bb<\/a><\/strong><\/p>\n<p class=\"paragraph article-body-paragraph article__item   \">Cit\u00e9 dans le journal <a href=\"https:\/\/www.bild.de\/politik\/inland\/migrationswende-zeigt-wirkung-deutschland-nicht-mehr-asyl-spitzenreiter-6868ba02d009353a0c9605f4\" target=\"_self\" rel=\"nofollow noopener\" title=\"https:\/\/www.bild.de\/politik\/inland\/migrationswende-zeigt-wirkung-deutschland-nicht-mehr-asyl-spitzenreiter-6868ba02d009353a0c9605f4\">Bild<\/a>, le ministre allemand de l\u2019Int\u00e9rieur, Alexander Dobrindt (CSU), voit dans ces chiffres le \u00ab\u00a0succ\u00e8s net du <a href=\"https:\/\/www.lexpress.fr\/monde\/europe\/allemagne-le-tour-de-vis-migratoire-du-gouvernement-merz-WL6N6TM42BA27NKFIDU3EURELY\/\" target=\"_self\" rel=\"nofollow noopener\" title=\"https:\/\/www.lexpress.fr\/monde\/europe\/allemagne-le-tour-de-vis-migratoire-du-gouvernement-merz-WL6N6TM42BA27NKFIDU3EURELY\/\">tournant migratoire<\/a>\u00a0\u00bb du gouvernement allemand et dit poursuivre \u00ab\u00a0r\u00e9solument le chemin pour inverser le cours de la migration.\u00a0\u00bb Ce d\u00e9clin des demandes d\u2019asile en Allemagne et en Europe survient dans une p\u00e9riode <a href=\"https:\/\/www.lexpress.fr\/monde\/europe\/nouvelle-loi-immigration-en-europe-pourquoi-ce-projet-sannonce-complique-C33GIRL32RGG5MAI4UYMDTOC7U\/\" target=\"_self\" rel=\"nofollow noopener\" title=\"https:\/\/www.lexpress.fr\/monde\/europe\/nouvelle-loi-immigration-en-europe-pourquoi-ce-projet-sannonce-complique-C33GIRL32RGG5MAI4UYMDTOC7U\/\">d\u2019intensification des politiques migratoires<\/a> des pays membres de l\u2019UE.<\/p>\n","protected":false},"excerpt":{"rendered":"Le nombre de demandes d\u2019asile a consid\u00e9rablement baiss\u00e9 en Allemagne au cours des six premiers mois de l\u2019ann\u00e9e&hellip;\n","protected":false},"author":2,"featured_media":232984,"comment_status":"","ping_status":"","sticky":false,"template":"","format":"standard","meta":{"footnotes":""},"categories":[1587],"tags":[11,672,1804,1805,1803,1777,674,1801,74,12,1802],"class_list":{"0":"post-232983","1":"post","2":"type-post","3":"status-publish","4":"format-standard","5":"has-post-thumbnail","7":"category-allemagne","8":"tag-actualites","9":"tag-allemagne","10":"tag-bundesrepublik-deutschland","11":"tag-de","12":"tag-deutschland","13":"tag-eu","14":"tag-europe","15":"tag-germany","16":"tag-monde","17":"tag-news","18":"tag-republique-federale-dallemagne"},"share_on_mastodon":{"url":"https:\/\/pubeurope.com\/@fr\/114812851504489351","error":""},"_links":{"self":[{"href":"https:\/\/www.europesays.com\/fr\/wp-json\/wp\/v2\/posts\/232983","targetHints":{"allow":["GET"]}}],"collection":[{"href":"https:\/\/www.europesays.com\/fr\/wp-json\/wp\/v2\/posts"}],"about":[{"href":"https:\/\/www.europesays.com\/fr\/wp-json\/wp\/v2\/types\/post"}],"author":[{"embeddable":true,"href":"https:\/\/www.europesays.com\/fr\/wp-json\/wp\/v2\/users\/2"}],"replies":[{"embeddable":true,"href":"https:\/\/www.europesays.com\/fr\/wp-json\/wp\/v2\/comments?post=232983"}],"version-history":[{"count":0,"href":"https:\/\/www.europesays.com\/fr\/wp-json\/wp\/v2\/posts\/232983\/revisions"}],"wp:featuredmedia":[{"embeddable":true,"href":"https:\/\/www.europesays.com\/fr\/wp-json\/wp\/v2\/media\/232984"}],"wp:attachment":[{"href":"https:\/\/www.europesays.com\/fr\/wp-json\/wp\/v2\/media?parent=232983"}],"wp:term":[{"taxonomy":"category","embeddable":true,"href":"https:\/\/www.europesays.com\/fr\/wp-json\/wp\/v2\/categories?post=232983"},{"taxonomy":"post_tag","embeddable":true,"href":"https:\/\/www.europesays.com\/fr\/wp-json\/wp\/v2\/tags?post=232983"}],"curies":[{"name":"wp","href":"https:\/\/api.w.org\/{rel}","templated":true}]}}