{"id":232985,"date":"2025-07-07T16:17:09","date_gmt":"2025-07-07T16:17:09","guid":{"rendered":"https:\/\/www.europesays.com\/fr\/232985\/"},"modified":"2025-07-07T16:17:09","modified_gmt":"2025-07-07T16:17:09","slug":"rien-ne-va-plus-entre-lunion-europeenne-et-la-chine","status":"publish","type":"post","link":"https:\/\/www.europesays.com\/fr\/232985\/","title":{"rendered":"rien ne va plus entre l\u2019Union europ\u00e9enne et la Chine"},"content":{"rendered":"<p><strong>D\u00c9CRYPTAGE &#8211; <\/strong>Commerce, terres rares, guerre en Ukraine\u2026 Les tensions s\u2019accroissent avant un sommet bilat\u00e9ral pr\u00e9vu fin juillet.<\/p>\n<p class=\"fig-paragraph\">Peu apr\u00e8s le d\u00e9clenchement de la guerre commerciale de\u00a0<a href=\"http:\/\/www.lefigaro.fr\/flash-eco\/droits-de-douane-bon-echange-telephonique-dimanche-entre-ursula-von-der-leyen-et-donald-trump-20250707\" target=\"_blank\" data-fig-type=\"NewsFlash\" rel=\"noopener nofollow\" data-gtm-custom-categorie=\"navigation\" data-gtm-custom-action=\"crossclick\" data-gtm-custom-label=\"Contextuel\" data-gtm-event=\"customEventSPE\" data-fig-domain=\"LEFIGARO\">Donald Trump<\/a>, le gouvernement chinois esp\u00e9rait, fin avril, que ses relations avec l\u2019Union europ\u00e9enne apporteraient en contrepoint une \u00ab\u00a0pr\u00e9cieuse stabilit\u00e9\u00a0\u00bb au monde. Le prochain sommet bilat\u00e9ral, pr\u00e9vu fin juillet, devait c\u00e9l\u00e9brer le cinquantenaire des relations diplomatiques entre l\u2019Europe et la Chine, avec l\u2019adoption d\u2019un agenda commun sur le changement climatique. Las, la lune de miel a vite tourn\u00e9 au vinaigre. Les deux puissances ne sont d\u2019accord sur rien. Et les tensions se multiplient \u00e0 l\u2019approche de l\u2019\u00e9v\u00e9nement.<\/p>\n<p class=\"fig-paragraph\">Lors d\u2019une visite \u00e0 Bruxelles la semaine derni\u00e8re pour pr\u00e9parer le sommet, le ministre chinois des Affaires \u00e9trang\u00e8res, Wang Yi, aurait\u00a0<a href=\"http:\/\/www.lefigaro.fr\/international\/la-chine-aurait-dit-a-l-ue-qu-elle-n-acceptera-pas-une-defaite-de-la-russie-contre-l-ukraine-pekin-dement-20250704\" data-fig-type=\"NewsFlash\" data-gtm-custom-categorie=\"navigation\" data-gtm-custom-action=\"crossclick\" data-gtm-custom-label=\"Contextuel\" data-gtm-event=\"customEventSPE\" data-fig-domain=\"LEFIGARO\" rel=\"nofollow noopener\" target=\"_blank\">confi\u00e9 \u00e0 ses interlocuteurs<\/a>\u00a0que P\u00e9kin n\u2019avait aucune intention de mod\u00e9rer son soutien \u00e0 Moscou, par crainte que la fin de la guerre en Ukraine ne laisse \u00e0 Donald Trump les mains libres pour se concentrer sur sa relation avec la Chine. La confidence, qui s\u2019est retrouv\u00e9e dans le South\u2026<\/p>\n<p class=\"fig-premium-paywall__infos\">\n        Cet article est r\u00e9serv\u00e9 aux abonn\u00e9s.        Il vous reste 86% \u00e0 d\u00e9couvrir.\n    <\/p>\n<p>                <img  data- alt=\"Le Figaro\" class=\"fig-img--complete fig-img\"\/><\/p>\n<p class=\"fig-premium-paywall__title\">Vous avez envie de lire la suite ?<\/p>\n<p class=\"fig-premium-paywall__subtitle\">D\u00e9bloquez tous les articles imm\u00e9diatement.<\/p>\n<p class=\"fig-premium-paywall__connect\">\n                D\u00e9j\u00e0 abonn\u00e9\u00a0?                <a class=\"fig-premium-paywall__connect-link\" href=\"https:\/\/connect.lefigaro.fr\/login?client=horizon_web&amp;type=main&amp;redirect_uri=https%3A%2F%2Fwww.lefigaro.fr%2Fconjoncture%2Fun-partenaire-tres-difficile-rien-ne-va-plus-entre-l-union-europeenne-et-la-chine-20250707\" data-js-gtm=\"{&quot;customCategorie&quot;: &quot;conversion&quot;, &quot;customAction&quot;: &quot;before_Landing_Connexion_paywall_auto&quot;, &quot;customLabel&quot;: &quot;bGVmaWdhcm8uZnJfXzFmMDViMzBiLTljNDUtNjE2Mi04NDJlLTYxZTdjZTVjYTMyM19fQXJ0aWNsZQ==_\u00abUn partenaire tr\u00e8s difficile\u00bb\u00a0: rien ne va plus entre l\u2019Union europ\u00e9enne et la Chine_414&quot;, &quot;customIDSPE&quot;: &quot;bGVmaWdhcm8uZnJfXzFmMDViMzBiLTljNDUtNjE2Mi04NDJlLTYxZTdjZTVjYTMyM19fQXJ0aWNsZQ==&quot;, &quot;event&quot;: &quot;customEventSPE&quot;}\" rel=\"nofollow noopener\" target=\"_blank\"><br \/>\n                    Connectez-vous<br \/>\n                <\/a>\n            <\/p>\n","protected":false},"excerpt":{"rendered":"D\u00c9CRYPTAGE &#8211; Commerce, terres rares, guerre en Ukraine\u2026 Les tensions s\u2019accroissent avant un sommet bilat\u00e9ral pr\u00e9vu fin juillet.&hellip;\n","protected":false},"author":2,"featured_media":232986,"comment_status":"","ping_status":"","sticky":false,"template":"","format":"standard","meta":{"footnotes":""},"categories":[1586],"tags":[11,309,1777,674,1011,27,12,25],"class_list":{"0":"post-232985","1":"post","2":"type-post","3":"status-publish","4":"format-standard","5":"has-post-thumbnail","7":"category-europe","8":"tag-actualites","9":"tag-chine","10":"tag-eu","11":"tag-europe","12":"tag-fr","13":"tag-france","14":"tag-news","15":"tag-republique-francaise"},"share_on_mastodon":{"url":"","error":""},"_links":{"self":[{"href":"https:\/\/www.europesays.com\/fr\/wp-json\/wp\/v2\/posts\/232985","targetHints":{"allow":["GET"]}}],"collection":[{"href":"https:\/\/www.europesays.com\/fr\/wp-json\/wp\/v2\/posts"}],"about":[{"href":"https:\/\/www.europesays.com\/fr\/wp-json\/wp\/v2\/types\/post"}],"author":[{"embeddable":true,"href":"https:\/\/www.europesays.com\/fr\/wp-json\/wp\/v2\/users\/2"}],"replies":[{"embeddable":true,"href":"https:\/\/www.europesays.com\/fr\/wp-json\/wp\/v2\/comments?post=232985"}],"version-history":[{"count":0,"href":"https:\/\/www.europesays.com\/fr\/wp-json\/wp\/v2\/posts\/232985\/revisions"}],"wp:featuredmedia":[{"embeddable":true,"href":"https:\/\/www.europesays.com\/fr\/wp-json\/wp\/v2\/media\/232986"}],"wp:attachment":[{"href":"https:\/\/www.europesays.com\/fr\/wp-json\/wp\/v2\/media?parent=232985"}],"wp:term":[{"taxonomy":"category","embeddable":true,"href":"https:\/\/www.europesays.com\/fr\/wp-json\/wp\/v2\/categories?post=232985"},{"taxonomy":"post_tag","embeddable":true,"href":"https:\/\/www.europesays.com\/fr\/wp-json\/wp\/v2\/tags?post=232985"}],"curies":[{"name":"wp","href":"https:\/\/api.w.org\/{rel}","templated":true}]}}