{"id":232987,"date":"2025-07-07T16:18:08","date_gmt":"2025-07-07T16:18:08","guid":{"rendered":"https:\/\/www.europesays.com\/fr\/232987\/"},"modified":"2025-07-07T16:18:08","modified_gmt":"2025-07-07T16:18:08","slug":"en-bulgarie-ce-sont-les-annees-de-crise-qui-ont-le-plus-contribue-a-lintegration-europeenne","status":"publish","type":"post","link":"https:\/\/www.europesays.com\/fr\/232987\/","title":{"rendered":"En Bulgarie, ce sont les ann\u00e9es de \u201ccrise\u201d qui ont le plus contribu\u00e9 \u00e0 l\u2019int\u00e9gration europ\u00e9enne"},"content":{"rendered":"\n<p>Parfois, quelques ann\u00e9es de \u201ccrise\u201d valent beaucoup plus que des d\u00e9cennies de \u201cstabilit\u00e9\u201d politique. Du moins, lorsqu\u2019il s\u2019agit d\u2019int\u00e9gration europ\u00e9enne\u00a0: c\u2019est le constat que fait ce 7\u00a0juillet Liouben Obretenov, l\u2019un des \u00e9ditorialistes<a href=\"https:\/\/clubz.bg\/163457\" rel=\"nofollow noopener\" target=\"_blank\"> du journal en ligne <strong>Club Z<\/strong><\/a><strong>,<\/strong> install\u00e9 \u00e0 Sofia et proche de la droite lib\u00e9rale en Bulgarie. Il estime que ce constat s\u2019applique parfaitement \u00e0 son pays, plong\u00e9 depuis bient\u00f4t cinq ans dans une profonde crise politique.<\/p>\n<p>Durant ces cinq derni\u00e8res ann\u00e9es, qui ont vu passer sept scrutins l\u00e9gislatifs, <a href=\"https:\/\/www.courrierinternational.com\/article\/politique-la-bulgarie-se-dote-enfin-d-un-gouvernement-tout-aussi-improbable-que-les-precedents_226659\" rel=\"nofollow noopener\" target=\"_blank\">une coalition improbable entre ennemis politiques<\/a> et plusieurs gouvernements par int\u00e9rim, les turbulences politiques n\u2019ont jamais faibli.<\/p>\n<p>Il s\u2019agit, tous les observateurs en conviennent, d\u2019une crise totalement in\u00e9dite dans l\u2019histoire r\u00e9cente de la Bulgarie, membre de l\u2019Otan depuis 2004 et de l\u2019Union europ\u00e9enne depuis 2007, et qui se targue d\u2019avoir ainsi fait un \u201cchoix civilisationnel\u201d apr\u00e8s des ann\u00e9es de d\u00e9pendance \u00e0 l\u2019\u00e9gard de l\u2019Union sovi\u00e9tique.<\/p>\n<p>Or, en ces quelques ann\u00e9es de crise, la Bulgarie a bien plus progress\u00e9 sur son chemin europ\u00e9en qu\u2019en plus d\u2019une d\u00e9cennie sous les diff\u00e9rents gouvernements de l\u2019ancien Premier ministre conservateur Bo\u00efko Borissov, pourtant fervent partisan de la \u201cvoie euro-atlantiste\u201d du pays. De fait, le 1er\u00a0janvier dernier, la B<\/p>\n","protected":false},"excerpt":{"rendered":"Parfois, quelques ann\u00e9es de \u201ccrise\u201d valent beaucoup plus que des d\u00e9cennies de \u201cstabilit\u00e9\u201d politique. Du moins, lorsqu\u2019il s\u2019agit&hellip;\n","protected":false},"author":2,"featured_media":232988,"comment_status":"","ping_status":"","sticky":false,"template":"","format":"standard","meta":{"footnotes":""},"categories":[1586],"tags":[11,9043,5124,1777,450,674,1779,1011,27,1892,12,25,1778,364,2475],"class_list":{"0":"post-232987","1":"post","2":"type-post","3":"status-publish","4":"format-standard","5":"has-post-thumbnail","7":"category-europe","8":"tag-actualites","9":"tag-bulgarie","10":"tag-espace-schengen","11":"tag-eu","12":"tag-euro","13":"tag-europe","14":"tag-european-union","15":"tag-fr","16":"tag-france","17":"tag-gu00e9opolitique","18":"tag-news","19":"tag-republique-francaise","20":"tag-ue","21":"tag-union-europeenne","22":"tag-union-europu00e9enne"},"share_on_mastodon":{"url":"https:\/\/pubeurope.com\/@fr\/114812859667960114","error":""},"_links":{"self":[{"href":"https:\/\/www.europesays.com\/fr\/wp-json\/wp\/v2\/posts\/232987","targetHints":{"allow":["GET"]}}],"collection":[{"href":"https:\/\/www.europesays.com\/fr\/wp-json\/wp\/v2\/posts"}],"about":[{"href":"https:\/\/www.europesays.com\/fr\/wp-json\/wp\/v2\/types\/post"}],"author":[{"embeddable":true,"href":"https:\/\/www.europesays.com\/fr\/wp-json\/wp\/v2\/users\/2"}],"replies":[{"embeddable":true,"href":"https:\/\/www.europesays.com\/fr\/wp-json\/wp\/v2\/comments?post=232987"}],"version-history":[{"count":0,"href":"https:\/\/www.europesays.com\/fr\/wp-json\/wp\/v2\/posts\/232987\/revisions"}],"wp:featuredmedia":[{"embeddable":true,"href":"https:\/\/www.europesays.com\/fr\/wp-json\/wp\/v2\/media\/232988"}],"wp:attachment":[{"href":"https:\/\/www.europesays.com\/fr\/wp-json\/wp\/v2\/media?parent=232987"}],"wp:term":[{"taxonomy":"category","embeddable":true,"href":"https:\/\/www.europesays.com\/fr\/wp-json\/wp\/v2\/categories?post=232987"},{"taxonomy":"post_tag","embeddable":true,"href":"https:\/\/www.europesays.com\/fr\/wp-json\/wp\/v2\/tags?post=232987"}],"curies":[{"name":"wp","href":"https:\/\/api.w.org\/{rel}","templated":true}]}}