{"id":232989,"date":"2025-07-07T16:19:09","date_gmt":"2025-07-07T16:19:09","guid":{"rendered":"https:\/\/www.europesays.com\/fr\/232989\/"},"modified":"2025-07-07T16:19:09","modified_gmt":"2025-07-07T16:19:09","slug":"le-depute-lr-olivier-marleix-a-mis-fin-a-ses-jours","status":"publish","type":"post","link":"https:\/\/www.europesays.com\/fr\/232989\/","title":{"rendered":"Le d\u00e9put\u00e9 LR Olivier Marleix a mis fin \u00e0 ses jours"},"content":{"rendered":"<p>Olivier Marleix, \u00e9lu <a href=\"https:\/\/www.20minutes.fr\/politique\/lr\/\" target=\"_blank\" class=\"color-ultramarine c-link\" rel=\"noopener\">Les R\u00e9publicains<\/a> qui avait pr\u00e9sid\u00e9 le groupe des d\u00e9put\u00e9s de droite de\u00a02022 \u00e0\u00a02024 et ancien conseiller de <a href=\"https:\/\/www.20minutes.fr\/politique\/nicolas_sarkozy\/\" target=\"_blank\" class=\"color-ultramarine c-link\" rel=\"noopener\">Nicolas Sarkozy<\/a> \u00e0 l\u2019\u00c9lys\u00e9e, a mis fin \u00e0 ses jours lundi dans des circonstances qui n\u2019ont pas \u00e9t\u00e9 pr\u00e9cis\u00e9es, ont indiqu\u00e9 \u00e0 l\u2019AFP des sources parlementaires concordantes.<\/p>\n<\/p>\n<p>Le d\u00e9put\u00e9 d\u2019<a href=\"https:\/\/www.20minutes.fr\/dossier\/eure_et_loire\" target=\"_blank\" class=\"color-ultramarine c-link\" rel=\"noopener\">Eure-et-Loir <\/a>a \u00e9t\u00e9 retrouv\u00e9 sans vie \u00e0 son domicile d\u2019Anet, selon le procureur de la R\u00e9publique de Chartres Fr\u00e9d\u00e9ric Chevallier. Olivier Marleix a \u00e9t\u00e9 \u00ab\u00a0retrouv\u00e9 dans une pi\u00e8ce du haut, pendu\u00a0\u00bb, a-t-il dit.<\/p>\n<p>Ag\u00e9 de 54 ans et proche de l\u2019ex-Premier ministre <a href=\"https:\/\/www.20minutes.fr\/dossier\/michel_barnier\" target=\"_blank\" class=\"color-ultramarine c-link\" rel=\"noopener\">Michel Barnier<\/a>, Olivier Marleix avait soutenu ce printemps la candidature de Bruno Retailleau \u00e0 la pr\u00e9sidence des R\u00e9publicains face \u00e0 Laurent Wauquiez qui lui avait succ\u00e9d\u00e9 l\u2019an dernier \u00e0 la pr\u00e9sidence des d\u00e9put\u00e9s LR.<\/p>\n<p>Hommages et minute de silence<\/p>\n<p>En fin d\u2019apr\u00e8s-midi l\u2019Assembl\u00e9e nationale a suspendu bri\u00e8vement ses travaux en apprenant la nouvelle, avant d\u2019observer une minute de silence. \u00ab\u00a0Nous n\u2019oublierons pas l\u2019homme de conviction, d\u00e9fenseur inlassable de l\u2019int\u00e9r\u00eat g\u00e9n\u00e9ral dont la vision tirait vers le haut le d\u00e9bat public\u00a0\u00bb, a dit le pr\u00e9sident du groupe LR \u00e0 l\u2019Assembl\u00e9e nationale <a href=\"https:\/\/www.20minutes.fr\/dossier\/laurent_wauquiez\" target=\"_blank\" class=\"color-ultramarine c-link\" rel=\"noopener\">Laurent Wauquiez<\/a>. Le maire de Nice <a href=\"https:\/\/www.20minutes.fr\/dossier\/christian_estrosi\" target=\"_blank\" class=\"color-ultramarine c-link\" rel=\"noopener\">Christian Estrosi<\/a> a salu\u00e9 \u00ab\u00a0un homme courageux, engag\u00e9, \u00e9clair\u00e9. Un vrai gaulliste\u00a0\u00bb.<\/p>\n<p><a href=\"https:\/\/www.20minutes.fr\/politique\/marine-le-pen\/\" target=\"_blank\" class=\"color-ultramarine c-link\" rel=\"noopener\">Marine Le\u00a0Pen<\/a> a salu\u00e9 lundi la m\u00e9moire d&rsquo;\u00ab\u00a0un \u00e9lu de terrain, rigoureux, engag\u00e9 au service de ses id\u00e9es\u00a0\u00bb, le chef de file de LFI <a href=\"https:\/\/www.20minutes.fr\/politique\/manuel-bompard\/\" target=\"_blank\" class=\"color-ultramarine c-link\" rel=\"noopener\">Manuel Bompard<\/a> rendant pour sa part hommage \u00e0 \u00ab\u00a0un adversaire politique toujours respectueux, une voix singuli\u00e8re\u00a0\u00bb.<\/p>\n","protected":false},"excerpt":{"rendered":"Olivier Marleix, \u00e9lu Les R\u00e9publicains qui avait pr\u00e9sid\u00e9 le groupe des d\u00e9put\u00e9s de droite de\u00a02022 \u00e0\u00a02024 et ancien&hellip;\n","protected":false},"author":2,"featured_media":232990,"comment_status":"","ping_status":"","sticky":false,"template":"","format":"standard","meta":{"footnotes":""},"categories":[2],"tags":[47,11,3983,1011,27,8335,12,316,25,2072,5748],"class_list":{"0":"post-232989","1":"post","2":"type-post","3":"status-publish","4":"format-standard","5":"has-post-thumbnail","7":"category-actualites","8":"tag-actualite","9":"tag-actualites","10":"tag-deces","11":"tag-fr","12":"tag-france","13":"tag-les-republicains-lr","14":"tag-news","15":"tag-politique","16":"tag-republique-francaise","17":"tag-sante-mentale","18":"tag-suicide"},"share_on_mastodon":{"url":"https:\/\/pubeurope.com\/@fr\/114812863380312006","error":""},"_links":{"self":[{"href":"https:\/\/www.europesays.com\/fr\/wp-json\/wp\/v2\/posts\/232989","targetHints":{"allow":["GET"]}}],"collection":[{"href":"https:\/\/www.europesays.com\/fr\/wp-json\/wp\/v2\/posts"}],"about":[{"href":"https:\/\/www.europesays.com\/fr\/wp-json\/wp\/v2\/types\/post"}],"author":[{"embeddable":true,"href":"https:\/\/www.europesays.com\/fr\/wp-json\/wp\/v2\/users\/2"}],"replies":[{"embeddable":true,"href":"https:\/\/www.europesays.com\/fr\/wp-json\/wp\/v2\/comments?post=232989"}],"version-history":[{"count":0,"href":"https:\/\/www.europesays.com\/fr\/wp-json\/wp\/v2\/posts\/232989\/revisions"}],"wp:featuredmedia":[{"embeddable":true,"href":"https:\/\/www.europesays.com\/fr\/wp-json\/wp\/v2\/media\/232990"}],"wp:attachment":[{"href":"https:\/\/www.europesays.com\/fr\/wp-json\/wp\/v2\/media?parent=232989"}],"wp:term":[{"taxonomy":"category","embeddable":true,"href":"https:\/\/www.europesays.com\/fr\/wp-json\/wp\/v2\/categories?post=232989"},{"taxonomy":"post_tag","embeddable":true,"href":"https:\/\/www.europesays.com\/fr\/wp-json\/wp\/v2\/tags?post=232989"}],"curies":[{"name":"wp","href":"https:\/\/api.w.org\/{rel}","templated":true}]}}