{"id":232997,"date":"2025-07-07T16:24:13","date_gmt":"2025-07-07T16:24:13","guid":{"rendered":"https:\/\/www.europesays.com\/fr\/232997\/"},"modified":"2025-07-07T16:24:13","modified_gmt":"2025-07-07T16:24:13","slug":"top-14-les-piques-dugo-mola-touches-dhumour-neymar-le-top-des-declas-de-la-saison","status":"publish","type":"post","link":"https:\/\/www.europesays.com\/fr\/232997\/","title":{"rendered":"Top 14 \u2013 Les piques d\u2019Ugo Mola, touches d\u2019humour, Neymar\u2026 Le top des d\u00e9clas de la saison"},"content":{"rendered":"<p>\n                D\u00e9clarations piquantes, hommages \u00e9mouvants et sorties pleines de second degr\u00e9, les entra\u00eeneurs et joueurs du Top 14 ont rythm\u00e9 la saison 2024-2025 bien au-del\u00e0 du terrain. D\u2019Ugo Mola \u00e0 Ronan O\u2019Gara, en passant par Uini Atonio ou Gr\u00e9gory Patat, retour sur les phrases marquantes du championnat\n            <\/p>\n<blockquote><p>\nIl y a certains endroits, cela leur ferait du bien dans l\u2019\u00e9quipe qu\u2019ils se foutent dans la tribune\n<\/p><\/blockquote>\n<p>Questionn\u00e9 \u00e0 l\u2019issue de la victoire toulousaine \u00e0 Vannes (18-43), lors de la premi\u00e8re journ\u00e9e, et sur l\u2019absence sur le banc du manager du RCV\u00a0Jean-N\u00f6el Spitzer, suspendu plusieurs semaines par la commission de discipline, l\u2019entra\u00eeneur des Rouge et Noir avait lanc\u00e9 une petite pique \u00e0 Ronan O\u2019Gara, son homologue du Stade rochelais, sans le citer. De quoi lancer le match entre les deux clubs de la 2e journ\u00e9e. \u00ab\u00a0Il y a entra\u00eeneur et entra\u00eeneur. Et Jean-No\u00ebl est un entra\u00eeneur qui compte. Il y a certains endroits, cela leur ferait du bien dans l\u2019\u00e9quipe qu\u2019ils se foutent dans la tribune. [\u2026] Vous n\u2019avez qu\u2019\u00e0 regarder ce qui s\u2019est pass\u00e9 aujourd\u2019hui. Ce n\u2019est pas compliqu\u00e9, il y a des gens respectueux, Jean-No\u00ebl fait partie de ces personnes-l\u00e0.\u00a0\u00bb<\/p>\n<p><strong>Lire aussi : <a href=\"https:\/\/www.rugbyrama.fr\/2024\/09\/08\/top-14-jai-beaucoup-dadmiration-pour-ce-public-lhommage-de-thomas-ramos-toulouse-aux-supporters-vannetais-de-la-rabine-12184899.php\" target=\"_self\" rel=\"nofollow noopener\">\u00ab\u00a0J\u2019ai beaucoup d\u2019admiration pour ce public\u00a0\u00bb : l\u2019hommage de Thomas Ramos (Toulouse) aux supporters vannetais de La Rabine<\/a><\/strong><\/p>\n<blockquote><p>\nLes \u00e9quipes viendront moins ici en vacances\n<\/p><\/blockquote>\n<p>Grande premi\u00e8re pour le RC Vannes lors de la troisi\u00e8me journ\u00e9e. <strong><a href=\"https:\/\/www.rugbyrama.fr\/2024\/09\/21\/top-14-victoire-historique-pour-vannes-face-a-lyon-12212588.php\" target=\"_self\" rel=\"nofollow noopener\">Vainqueurs de Lyon \u00e0 La Rabine (30-20)<\/a><\/strong>, les Bretons ont remport\u00e9 leur toute premi\u00e8re victoire en Top 14. Un moment qui restera dans les livres d\u2019histoire, mais surtout le moyen de lancer leur saison. Karl Ch\u00e2teau, apr\u00e8s la rencontre : \u00ab\u00a0Nous allons peut-\u00eatre \u00eatre un peu plus respect\u00e9s et les autres \u00e9quipes viendront moins ici en vacances. Nous sommes soutenus par toute une ville et tout un territoire. Mais comme je le disais avant, il y a beaucoup d\u2019articles, dans le Midol, etc., sur le public sympa, sur <strong><a href=\"http:\/\/www.rugbyrama.fr\/2024\/09\/21\/top-14-avion-bus-velib-comment-les-clubs-sorganisent-ils-pour-voyager-jusqua-vannes-12207847.php\" target=\"_self\" rel=\"nofollow noopener\">c<\/a><a href=\"https:\/\/www.rugbyrama.fr\/2024\/09\/21\/top-14-avion-bus-velib-comment-les-clubs-sorganisent-ils-pour-voyager-jusqua-vannes-12207847.php\" target=\"_self\" rel=\"nofollow noopener\">omment chaque club va se rendre en Bretagne<\/a><\/strong>. On a l\u2019impression que tout le monde vient en p\u00e8lerinage se faire plaisir et on ne veut pas seulement \u00eatre le folklore breton mais une vraie belle \u00e9quipe.\u00a0\u00bb<\/p>\n<blockquote><p>\nCe n\u2019est pas honteux de dire que Paris joue le maintien\n<\/p><\/blockquote>\n<p>L\u2019\u00e9claircie aper\u00e7ue dans le ciel parisien lors de la huiti\u00e8me journ\u00e9e apr\u00e8s la victoire contre Clermont (36-6) s\u2019est rapidement dissip\u00e9e. Apr\u00e8s leur d\u00e9faite face au Stade rochelais (18-35), les pensionnaires de Jean-Bouin retrouvent la 13\u00e8me place synonyme de barrage en fin de saison. <a href=\"https:\/\/www.rugbyrama.fr\/2024\/11\/03\/top-14-morgan-parra-stade-francais-aujourdhui-ce-nest-pas-honteux-de-dire-que-paris-joue-le-maintien-12300677.php\" target=\"_self\" rel=\"nofollow noopener\"><strong>Pour Morgan Parra, entra\u00eeneur des 3\/4 des soldats roses, le Stade fran\u00e7ais va devoir commencer \u00e0 s\u2019interroger quant \u00e0 sa survie dans l\u2019\u00e9lite.<\/strong><\/a> \u00ab\u00a0Aujourd\u2019hui, ce n\u2019est pas honteux de dire que Paris joue le maintien. Je ne dis pas qu\u2019on est en danger compl\u00e8tement et qu\u2019on a le couteau sous la gorge. On est encore ma\u00eetres de notre destin. C\u2019est un grand mot de dire qu\u2019on joue le maintien compl\u00e8tement, mais, oui, actuellement, on est 13e. \u00c7a, c\u2019est la v\u00e9rit\u00e9.\u00a0\u00bb<\/p>\n<p>        <img decoding=\"async\" class=\"std-img__img responsive-img\" src=\"https:\/\/www.europesays.com\/fr\/wp-content\/uploads\/2025\/07\/1751905452_509_image.jpg\" alt=\"Morgan Parra \u00e9tait inquiet de la tournure de la saison des Parisiens\"\/><\/p>\n<p>                Morgan Parra \u00e9tait inquiet de la tournure de la saison des Parisiens<br \/>\n                                    Icon Sport &#8211; Johnny Fidelin<\/p>\n<blockquote><p>\nJe n\u2019aurai pas le temps d\u2019aller \u00e0 Lourdes\n<\/p><\/blockquote>\n<p>Le Stade fran\u00e7ais s\u2019est rassur\u00e9 avant No\u00ebl. Gr\u00e2ce \u00e0 une victoire face \u00e0 Perpignan (24-7), les Parisiens se sont \u00e9loign\u00e9s de la zone rouge. Mais pour le Boxing day, le Stade fran\u00e7ais se d\u00e9place \u00e0 Toulouse, un d\u00e9fi colossal. <strong><a href=\"https:\/\/www.rugbyrama.fr\/2024\/12\/21\/pro-d2-laurent-labit-stade-francais-je-naurais-pas-le-temps-daller-a-lourdes-12407353.php\" target=\"_self\" rel=\"nofollow noopener\">Et Laurent Labit ne s\u2019en est pas cach\u00e9<\/a><\/strong> : \u00ab\u00a0M\u00eame si on va avoir quatre jours en famille, je n\u2019aurai pas le temps d\u2019aller \u00e0 Lourdes. Mais on va beaucoup prier autour du sapin (rires). Ce match est au Stadium, on sait ce que \u00e7a repr\u00e9sente quand le Stade toulousain d\u00e9localise dans cette enceinte.\u00a0\u00bb<\/p>\n<blockquote><p>\nAujourd\u2019hui, on a vu Neymar\n<\/p><\/blockquote>\n<p><strong><a href=\"https:\/\/www.rugbyrama.fr\/2025\/03\/01\/top-14-aujourdhui-on-a-vu-neymar-ronan-ogara-cible-romain-briatte-a-qui-il-reproche-une-simulation-12543671.php\" target=\"_self\" rel=\"nofollow noopener\">Ronan O\u2019Gara, manager de La Rochelle, a vivement critiqu\u00e9 Romain Briatte<\/a> <\/strong>lors de la d\u00e9faite des Rochelais contre le Stade Fran\u00e7ais (22-17), d\u00e9but mars. Le troisi\u00e8me ligne a \u00e9t\u00e9 victime d\u2019un mauvais d\u00e9blayage de Will Skelton. Si la faute du colosse australien est indiscutable, l\u2019Irlandais a reproch\u00e9 \u00e0 l\u2019international fran\u00e7ais d\u2019exag\u00e9rer l\u2019impact du contact et de simuler. Il l\u2019a donc compar\u00e9 au footballeur br\u00e9silien Neymar en marge de la rencontre. \u00ab\u00a0On est au Parc des Princes et on a vu Neymar\u2026 C\u2019est une journ\u00e9e noire pour le rugby. Donner un rouge pour \u00e7a ? Je n\u2019essaye pas de prot\u00e9ger Will parce que ce n\u2019est pas bien, mais un rugbyman qui fait \u00e7a\u2026 C\u2019est assez int\u00e9ressant ce geste.\u00a0\u00bb<\/p>\n<blockquote><p>\nJe pense qu\u2019on va arr\u00eater de parler un petit peu\n<\/p><\/blockquote>\n<p>Alors qu\u2019ils n\u2019ont plus gagn\u00e9 depuis le 4 janvier, les Rochelais sont en pleine crise. Apr\u00e8s avoir subi <a href=\"https:\/\/www.rugbyrama.fr\/2025\/03\/29\/top-14-sous-pression-clermont-ecarte-la-rochelle-et-retrouve-de-lair-12603038.php\" target=\"_self\" rel=\"nofollow noopener\"><strong>une cinqui\u00e8me d\u00e9faite en six matchs de Top 14 \u00e0 Clermont (33-19)<\/strong><\/a>, Uini Atonio s\u2019\u00e9tait exprim\u00e9 sur l\u2019\u00e9tat d\u2019esprit qui habitait les Maritimes. \u00ab\u00a0On a bien travaill\u00e9 la semaine, mais plus cela va plus on dit la m\u00eame chose. Je pense qu\u2019on va arr\u00eater de parler un petit peu. On est en danger depuis plusieurs matchs mais on ne va rien l\u00e2cher. Il faut se souder et trouver des solutions pour gagner des matchs.\u00a0\u00bb<\/p>\n<p><strong>\u00c0 lire aussi : <a href=\"https:\/\/www.rugbyrama.fr\/2025\/03\/22\/top-14-interdiction-de-baisser-les-bras-decrete-gregory-alldritt-la-rochelle-apres-le-match-nul-face-a-castres-12587564.php\" target=\"_self\" rel=\"nofollow noopener\">\u00ab\u00a0Interdiction de baisser les bras !\u00a0\u00bb, d\u00e9cr\u00e8te Alldritt apr\u00e8s le match nul face \u00e0 Castres<\/a><\/strong><\/p>\n<p>        <img decoding=\"async\" class=\"std-img__img responsive-img\" src=\"https:\/\/www.europesays.com\/fr\/wp-content\/uploads\/2025\/07\/1751905452_617_image.jpg\" alt=\"Contre Clermont, les Rochelais de Uini Atonio avaient \u00e9t\u00e9 bouscul\u00e9s\"\/><\/p>\n<p>                Contre Clermont, les Rochelais de Uini Atonio avaient \u00e9t\u00e9 bouscul\u00e9s<br \/>\n                                    Icon Sport &#8211; Hugo Pfeiffer<\/p>\n<blockquote><p>\nJe voudrais lui renvoyer ce message aujourd\u2019hui\n<\/p><\/blockquote>\n<p>Le tragique d\u00e9c\u00e8s de Josaia Raisuqe le 8 mai dernier a boulevers\u00e9 le monde du rugby. \u00c0 commencer par <strong><a href=\"https:\/\/www.rugbyrama.fr\/2025\/05\/09\/video-la-belle-histoire-entre-josaia-raisuqe-et-larbitre-quil-avait-souleve-12685787.php\" target=\"_self\" rel=\"nofollow noopener\">Laurent Millotte l\u2019arbitre que le Fidjien avait soulev\u00e9 <\/a><\/strong>lorsqu\u2019il \u00e9tait \u00e0 Nevers : \u00ab\u00a0Il m\u2019avait offert son maillot d\u00e9dicac\u00e9 de Nevers. Il devait le faire pour ce qui aurait d\u00fb \u00eatre mon dernier match en tant qu\u2019arbitre. Sauf que je n\u2019avais pas pu le faire, puisque j\u2019avais le Covid. Mais Josaia m\u2019a quand m\u00eame attendu \u00e0 Nevers et m\u2019a remis son maillot d\u00e9dicac\u00e9 sur lequel il avait \u00e9crit \u201cGod bless\u201d (\u201cQue Dieu te b\u00e9nisse\u201d). Je voudrais lui renvoyer ce message aujourd\u2019hui\u00a0\u00bb, conclut-il plein d\u2019\u00e9motions.<\/p>\n<blockquote><p>\nChacun se regarde, vous avez huit jours pour revenir avec un autre \u00e9tat d\u2019esprit\n<\/p><\/blockquote>\n<p>\u00c0 l\u2019issue de <a href=\"https:\/\/www.rugbyrama.fr\/2025\/05\/17\/top-14-le-racing-92-soffre-un-succes-de-prestige-a-toulouse-et-officialise-son-maintien-12703458.php\" target=\"_self\" rel=\"nofollow noopener\"><strong>l\u2019inattendue d\u00e9faite du Stade toulousain \u00e0 domicile contre le Racing 92 (35-37),<\/strong><\/a> Ugo Mola a r\u00e9uni ses hommes au milieu de la pelouse d\u2019Ernest-Wallon pour les mettre face \u00e0 leurs responsabilit\u00e9s : \u00ab\u00a0Rendez-vous dans huit jours. Avec l\u2019engagement qu\u2019on a pris dans la gueule aujourd\u2019hui, si on n\u2019en met pas autant, a minima\u2026 Pas un ballon pris, sept rucks perdus : les gars vous pouvez m\u2019expliquer ce que vous voulez, faire toutes les soir\u00e9es que vous voulez\u2026 Chacun se regarde, vous avez huit jours pour revenir avec un autre \u00e9tat d\u2019esprit. Sinon, on donne le championnat comme on a donn\u00e9 la coupe d\u2019Europe \u00e0 d\u2019autres. Bonne soir\u00e9e\u00a0\u00bb. Ce discours d\u2019apr\u00e8s-match aura eu le m\u00e9rite d\u2019\u00eatre clair et entendu par les Toulousains au vu de leur fin de saison\u2026<\/p>\n<blockquote><p>\nOn a bu trop de bi\u00e8re et le cerveau a \u00e9t\u00e9 moins efficace\n<\/p><\/blockquote>\n<p>Au retour d\u2019une semaine de c\u00e9l\u00e9brations suite \u00e0 la victoire en Champions Cup, l\u2019Union Bordeaux-B\u00e8gles s\u2019est inclin\u00e9e avec les honneurs sur la pelouse de Mayol face \u00e0 Toulon (27-10) et surtout sans encaisser de bonus offensif. Apr\u00e8s cette d\u00e9faite, le manager Yannick Bru a pris la parole pour revenir sur cette d\u00e9faite, en faisant un clin d\u2019oeil \u00e0 l\u2019\u00e9tat de forme de ses joueurs. \u00ab\u00a0Il y a eu des erreurs techniques qui s\u2019expliquent par le manque d\u2019\u00e9nergie. On a bu trop de bi\u00e8re, et le cerveau a \u00e9t\u00e9 moins efficace. L\u2019objectif \u00e9tait double : on voulait \u00e9viter un d\u00e9sastre, et \u00e9viter les blessures. Quand des mecs manquent de sommeil, on peut blesser des gars.\u00a0\u00bb<\/p>\n<blockquote><p>\nOn est un potentiel candidat au Brennus\n<\/p><\/blockquote>\n<p>Vainqueur de Toulon (18-10), le club basque a termin\u00e9 la saison \u00e0 une historique quatri\u00e8me place. Premier manager \u00e0 qualifier l\u2019Aviron pour la phase finale, Gr\u00e9gory Patat ne manquait pas d\u2019ambition : \u00ab\u00a0Nous sommes une \u00e9quipe solide, qui sait encaisser les sc\u00e9narios et qui est un potentiel candidat au Brennus.\u00a0\u00bb<\/p>\n<p>        <img decoding=\"async\" class=\"std-img__img responsive-img\" src=\"https:\/\/www.europesays.com\/fr\/wp-content\/uploads\/2025\/07\/1751905453_206_image.jpg\" alt=\"Avec une demi finale historique, Gregory Patat a cru au Bouclier\"\/><\/p>\n<p>                Avec une demi finale historique, Gregory Patat a cru au Bouclier<br \/>\n                                    Icon Sport &#8211; Icon Sport<\/p>\n<blockquote><p>\nCe sont peut-\u00eatre les Transformers\n<\/p><\/blockquote>\n<p><strong><a href=\"https:\/\/www.rugbyrama.fr\/2025\/06\/29\/toulouse-ubb-ugo-mola-apres-le-sacre-toulousain-un-titre-qui-vient-de-tres-tres-loin-12792854.php\" target=\"_self\" rel=\"nofollow noopener\">Particuli\u00e8rement \u00e9mu apr\u00e8s la victoire des siens au bout de la prolongation<\/a><\/strong> (39-33) contre l\u2019Union Bordeaux-B\u00e8gles, le manager toulousain Ugo Mola a rendu un homme appuy\u00e9 \u00e0 ses hommes et \u00e0 l\u2019institution qu\u2019il repr\u00e9sente. \u00ab\u00a0Ce sont peut-\u00eatre les \u00ab\u00a0Transformers\u00a0\u00bb (rires). Mais le probl\u00e8me, c\u2019est qu\u2019il y a vingt-six journ\u00e9es \u00e0 se cogner. Je veux bien qu\u2019on ait envie de ne jouer que les finales, mais il faut y arriver quand m\u00eame. Je suis assez impressionn\u00e9, encore une fois, par la capacit\u00e9 qu\u2019on a eue \u00e0 \u00eatre dominants sur ce match.\u00a0\u00bb<\/p>\n","protected":false},"excerpt":{"rendered":"D\u00e9clarations piquantes, hommages \u00e9mouvants et sorties pleines de second degr\u00e9, les entra\u00eeneurs et joueurs du Top 14 ont&hellip;\n","protected":false},"author":2,"featured_media":232998,"comment_status":"","ping_status":"","sticky":false,"template":"","format":"standard","meta":{"footnotes":""},"categories":[1416],"tags":[1011,27,479,1468,60],"class_list":{"0":"post-232997","1":"post","2":"type-post","3":"status-publish","4":"format-standard","5":"has-post-thumbnail","7":"category-rugby","8":"tag-fr","9":"tag-france","10":"tag-rugby","11":"tag-rugby-football","12":"tag-sports"},"share_on_mastodon":{"url":"https:\/\/pubeurope.com\/@fr\/114812883160816155","error":""},"_links":{"self":[{"href":"https:\/\/www.europesays.com\/fr\/wp-json\/wp\/v2\/posts\/232997","targetHints":{"allow":["GET"]}}],"collection":[{"href":"https:\/\/www.europesays.com\/fr\/wp-json\/wp\/v2\/posts"}],"about":[{"href":"https:\/\/www.europesays.com\/fr\/wp-json\/wp\/v2\/types\/post"}],"author":[{"embeddable":true,"href":"https:\/\/www.europesays.com\/fr\/wp-json\/wp\/v2\/users\/2"}],"replies":[{"embeddable":true,"href":"https:\/\/www.europesays.com\/fr\/wp-json\/wp\/v2\/comments?post=232997"}],"version-history":[{"count":0,"href":"https:\/\/www.europesays.com\/fr\/wp-json\/wp\/v2\/posts\/232997\/revisions"}],"wp:featuredmedia":[{"embeddable":true,"href":"https:\/\/www.europesays.com\/fr\/wp-json\/wp\/v2\/media\/232998"}],"wp:attachment":[{"href":"https:\/\/www.europesays.com\/fr\/wp-json\/wp\/v2\/media?parent=232997"}],"wp:term":[{"taxonomy":"category","embeddable":true,"href":"https:\/\/www.europesays.com\/fr\/wp-json\/wp\/v2\/categories?post=232997"},{"taxonomy":"post_tag","embeddable":true,"href":"https:\/\/www.europesays.com\/fr\/wp-json\/wp\/v2\/tags?post=232997"}],"curies":[{"name":"wp","href":"https:\/\/api.w.org\/{rel}","templated":true}]}}