{"id":232999,"date":"2025-07-07T16:25:15","date_gmt":"2025-07-07T16:25:15","guid":{"rendered":"https:\/\/www.europesays.com\/fr\/232999\/"},"modified":"2025-07-07T16:25:15","modified_gmt":"2025-07-07T16:25:15","slug":"sabalenka-va-rejoindre-serena-williams-dans-lhistoire-du-classement-wta","status":"publish","type":"post","link":"https:\/\/www.europesays.com\/fr\/232999\/","title":{"rendered":"Sabalenka va rejoindre Serena Williams dans l&rsquo;histoire du classement WTA"},"content":{"rendered":"<p>                <img decoding=\"async\" src=\"https:\/\/www.europesays.com\/fr\/wp-content\/uploads\/2025\/07\/7dbq.jpg\" alt=\"Sabalenka va rejoindre Serena Williams dans l'histoire du classement WTA\"\/><\/p>\n<p>Aryna Sabalenka disputera demain les quarts de finale de Wimbledon pour la premi\u00e8re fois depuis 2023, apr\u00e8s avoir manqu\u00e9 l\u2019\u00e9dition pr\u00e9c\u00e9dente suite \u00e0 une blessure.<\/p>\n<p><strong>Elle affrontera Laura Siegemund, 104e mondiale, pour tenter de rallier le dernier carr\u00e9.<\/strong><\/p>\n<p>En attendant, la n\u00b01 mondiale continue d\u2019asseoir sa domination actuelle sur le circuit f\u00e9minin, puisqu\u2019elle atteindra lundi prochain le cap des 12 000 points au classement WTA. Et ce avec une avance de plus de 4000 points sur Coco Gauff, n\u00b02 mondiale.<\/p>\n<p>La Bi\u00e9lorusse deviendra ainsi la deuxi\u00e8me joueuse de l\u2019histoire \u00e0 atteindre ce total apr\u00e8s Serena Williams, qui \u00e9tait parvenue en 2013 \u00e0 accumuler 13 615 points. En cas de victoire finale \u00e0 Wimbledon, Sabalenka pourrait m\u00eame effacer ce record avec 13 640 points.<\/p>\n","protected":false},"excerpt":{"rendered":"Aryna Sabalenka disputera demain les quarts de finale de Wimbledon pour la premi\u00e8re fois depuis 2023, apr\u00e8s avoir&hellip;\n","protected":false},"author":2,"featured_media":233000,"comment_status":"","ping_status":"","sticky":false,"template":"","format":"standard","meta":{"footnotes":""},"categories":[1415],"tags":[1011,27,60,1467],"class_list":{"0":"post-232999","1":"post","2":"type-post","3":"status-publish","4":"format-standard","5":"has-post-thumbnail","7":"category-tennis","8":"tag-fr","9":"tag-france","10":"tag-sports","11":"tag-tennis"},"share_on_mastodon":{"url":"https:\/\/pubeurope.com\/@fr\/114812886976390213","error":""},"_links":{"self":[{"href":"https:\/\/www.europesays.com\/fr\/wp-json\/wp\/v2\/posts\/232999","targetHints":{"allow":["GET"]}}],"collection":[{"href":"https:\/\/www.europesays.com\/fr\/wp-json\/wp\/v2\/posts"}],"about":[{"href":"https:\/\/www.europesays.com\/fr\/wp-json\/wp\/v2\/types\/post"}],"author":[{"embeddable":true,"href":"https:\/\/www.europesays.com\/fr\/wp-json\/wp\/v2\/users\/2"}],"replies":[{"embeddable":true,"href":"https:\/\/www.europesays.com\/fr\/wp-json\/wp\/v2\/comments?post=232999"}],"version-history":[{"count":0,"href":"https:\/\/www.europesays.com\/fr\/wp-json\/wp\/v2\/posts\/232999\/revisions"}],"wp:featuredmedia":[{"embeddable":true,"href":"https:\/\/www.europesays.com\/fr\/wp-json\/wp\/v2\/media\/233000"}],"wp:attachment":[{"href":"https:\/\/www.europesays.com\/fr\/wp-json\/wp\/v2\/media?parent=232999"}],"wp:term":[{"taxonomy":"category","embeddable":true,"href":"https:\/\/www.europesays.com\/fr\/wp-json\/wp\/v2\/categories?post=232999"},{"taxonomy":"post_tag","embeddable":true,"href":"https:\/\/www.europesays.com\/fr\/wp-json\/wp\/v2\/tags?post=232999"}],"curies":[{"name":"wp","href":"https:\/\/api.w.org\/{rel}","templated":true}]}}