{"id":233011,"date":"2025-07-07T16:32:24","date_gmt":"2025-07-07T16:32:24","guid":{"rendered":"https:\/\/www.europesays.com\/fr\/233011\/"},"modified":"2025-07-07T16:32:24","modified_gmt":"2025-07-07T16:32:24","slug":"lexposition-de-jean-pierre-formica-sublime-le-passage-du-temps-aux-alyscamps-necropole-a-arles","status":"publish","type":"post","link":"https:\/\/www.europesays.com\/fr\/233011\/","title":{"rendered":"L&rsquo;exposition de Jean-Pierre Formica sublime le passage du temps aux Alyscamps, n\u00e9cropole \u00e0 Arles"},"content":{"rendered":"<p>Exposer dans la n\u00e9cropole des <a href=\"https:\/\/www.laprovence.com\/article\/region\/44840629165943\/a-arles-l-ecole-des-alyscamps-se-mue-en-modele-de-solidarite\" target=\"_blank\" rel=\"nofollow noopener\">Alyscamps<\/a>, un site aussi marqu\u00e9 par le passage du temps, ne pouvait inspirer \u00e0 Jean-Pierre Formica autre chose que l\u2019id\u00e9e d\u2019un cheminement. Un mot qui, selon lui, d\u00e9finit parfaitement son parcours artistique.<\/p>\n<p>Pour chaque \u00e9tape de cette d\u00e9ambulation propos\u00e9e au visiteur, l\u2019artiste s\u2019est impr\u00e9gn\u00e9 de son environnement, imaginant chaque \u0153uvre de mani\u00e8re \u00e0 ce \u00ab\u00a0qu\u2019elle fasse corps avec ce qui l\u2019entoure, explique l\u2019artiste de 79\u00a0ans, qui a travaill\u00e9 depuis le mois d\u2019octobre sur cette <a href=\"https:\/\/www.laprovence.com\/article\/culture-loisirs\/51241892705031\/le-petit-prince-est-a-nouveau-celebre-aux-carrieres-des-lumieres-des-baux-de-provence\" target=\"_blank\" rel=\"nofollow noopener\">exposition<\/a>.<\/p>\n<p>Mais c\u2019est la curatrice Florence Reckinger Tadde\u00ef qui en a trouv\u00e9 le nom, \u00ab\u00a0Pantha Rei\u00a0\u00bb, en r\u00e9f\u00e9rence \u00e0 la formule du philosophe grec H\u00e9raclite signifiant \u00ab\u00a0Toutes les choses coulent\u00a0\u00bb.<\/p>\n<p>Rien n\u2019a \u00e9t\u00e9 laiss\u00e9 au hasard<\/p>\n<p>\u00ab\u00a0Cela a \u00e9t\u00e9 un travail laborieux. J\u2019ai fat des maquettes, je suis venu l\u2019hiver, avec les arbres d\u00e9nud\u00e9s.\u00a0Ici, le paysage est fondamental et rien n\u2019a \u00e9t\u00e9 laiss\u00e9 au hasard, rembobine le cr\u00e9ateur qui a enseign\u00e9 pendant 35\u00a0ans \u00e0 l\u2019\u00c9cole nationale d\u2019architecture de Paris-Val de Seine. Au-del\u00e0 de l\u2019esth\u00e9tisme, tout \u00e9l\u00e9ment de ce lieu est int\u00e9ressant du point de vue de l\u2019\u00e9vocation qui \u00e9merge de cette pierre qui a \u00e9t\u00e9 fa\u00e7onn\u00e9e par l\u2019homme, \u00e0 un moment donn\u00e9 de l\u2019histoire, avec toutes les souffrances et toutes les joies que cela raconte\u00a0\u00bb, explique Jean-Pierre Formica.<\/p>\n<p>Des sculptures en terre cuite<\/p>\n<p>Terres cuites brutes, polies ou \u00e9maill\u00e9es, les sculptures du Gardois vivant et travaillant entre Arles et Paris, incarnent cette travers\u00e9e du temps dont l\u2019humain et la nature sont \u00e0 la fois les t\u00e9moins \u00e9ph\u00e9m\u00e8res et la m\u00e9moire perp\u00e9tuelle.<\/p>\n","protected":false},"excerpt":{"rendered":"Exposer dans la n\u00e9cropole des Alyscamps, un site aussi marqu\u00e9 par le passage du temps, ne pouvait inspirer&hellip;\n","protected":false},"author":2,"featured_media":233012,"comment_status":"","ping_status":"","sticky":false,"template":"","format":"standard","meta":{"footnotes":""},"categories":[1358],"tags":[17,1348,1384,1385,1007,1386,58,59,37194,1011,27,14194,28519,15199,16,13537,5426],"class_list":{"0":"post-233011","1":"post","2":"type-post","3":"status-publish","4":"format-standard","5":"has-post-thumbnail","7":"category-arts-et-design","8":"tag-17","9":"tag-arts","10":"tag-arts-and-design","11":"tag-arts-et-design","12":"tag-aux","13":"tag-design","14":"tag-divertissement","15":"tag-entertainment","16":"tag-formica","17":"tag-fr","18":"tag-france","19":"tag-jean-pierre","20":"tag-lexposition","21":"tag-passage","22":"tag-region","23":"tag-sublime","24":"tag-temps"},"share_on_mastodon":{"url":"https:\/\/pubeurope.com\/@fr\/114812914508113912","error":""},"_links":{"self":[{"href":"https:\/\/www.europesays.com\/fr\/wp-json\/wp\/v2\/posts\/233011","targetHints":{"allow":["GET"]}}],"collection":[{"href":"https:\/\/www.europesays.com\/fr\/wp-json\/wp\/v2\/posts"}],"about":[{"href":"https:\/\/www.europesays.com\/fr\/wp-json\/wp\/v2\/types\/post"}],"author":[{"embeddable":true,"href":"https:\/\/www.europesays.com\/fr\/wp-json\/wp\/v2\/users\/2"}],"replies":[{"embeddable":true,"href":"https:\/\/www.europesays.com\/fr\/wp-json\/wp\/v2\/comments?post=233011"}],"version-history":[{"count":0,"href":"https:\/\/www.europesays.com\/fr\/wp-json\/wp\/v2\/posts\/233011\/revisions"}],"wp:featuredmedia":[{"embeddable":true,"href":"https:\/\/www.europesays.com\/fr\/wp-json\/wp\/v2\/media\/233012"}],"wp:attachment":[{"href":"https:\/\/www.europesays.com\/fr\/wp-json\/wp\/v2\/media?parent=233011"}],"wp:term":[{"taxonomy":"category","embeddable":true,"href":"https:\/\/www.europesays.com\/fr\/wp-json\/wp\/v2\/categories?post=233011"},{"taxonomy":"post_tag","embeddable":true,"href":"https:\/\/www.europesays.com\/fr\/wp-json\/wp\/v2\/tags?post=233011"}],"curies":[{"name":"wp","href":"https:\/\/api.w.org\/{rel}","templated":true}]}}