{"id":233015,"date":"2025-07-07T16:34:12","date_gmt":"2025-07-07T16:34:12","guid":{"rendered":"https:\/\/www.europesays.com\/fr\/233015\/"},"modified":"2025-07-07T16:34:12","modified_gmt":"2025-07-07T16:34:12","slug":"coup-de-tonnerre-apres-un-an-a-telematin-julien-arnaud-quitte-france-2-pour-aller-sur","status":"publish","type":"post","link":"https:\/\/www.europesays.com\/fr\/233015\/","title":{"rendered":"Coup de tonnerre ! Apr\u00e8s un an \u00e0 T\u00e9l\u00e9matin, Julien Arnaud quitte France 2 pour aller sur\u2026"},"content":{"rendered":"<p>                                        <img decoding=\"async\" src=\"https:\/\/www.europesays.com\/fr\/wp-content\/uploads\/2025\/07\/746705cc2be9f7697c696036035bc0f5d2a0cf53670f452cbe607e91aaa74438.jpg\" alt=\"GALA VID\u00c9O - T\u00e9l\u00e9matin\u00a0: ce qu'il faut conna\u00eetre\" class=\"a11y-hidden\"\/><\/p>\n<p class=\"fig-standfirst\">Apr\u00e8s avoir \u00e9t\u00e9 mis \u00e0 l\u2019\u00e9cart de T\u00e9l\u00e9matin, Julien Arnaud a pris la d\u00e9cision de quitter France T\u00e9l\u00e9visions pour une cha\u00eene d\u2019information tr\u00e8s populaire, seulement un an apr\u00e8s son arriv\u00e9e.<\/p>\n<p class=\"fig-paragraph\">Le mercato t\u00e9l\u00e9 continue chez France T\u00e9l\u00e9visions. Apr\u00e8s l<a href=\"http:\/\/www.gala.fr\/l_actu\/news_de_stars\/c-est-degueulasse-comment-anne-sophie-lapix-a-appris-son-eviction-du-20h-de-france-2-20250620\" data-fig-type=\"Article\" data-gtm-custom-categorie=\"navigation\" data-gtm-custom-action=\"crossclick\" data-gtm-custom-label=\"Contextuel\" data-gtm-event=\"customEventSPE\" data-fig-domain=\"GALA\" rel=\"nofollow noopener\" target=\"_blank\">\u2019\u00e9viction d\u2019Anne-Sophie Lapix<\/a>\u00a0du 20H de France 2, de Laurence Boccolini des Enfants de la t\u00e9l\u00e9, le 2 juillet, Le Parisien a r\u00e9v\u00e9l\u00e9 que\u00a0<a href=\"http:\/\/www.gala.fr\/l_actu\/news_de_stars\/coup-de-tonnerre-flavie-flament-et-julien-arnaud-mis-a-l-ecart-de-telematin-le-nom-de-leurs-remplacants-devoiles-20250702\" data-fig-type=\"Article\" data-gtm-custom-categorie=\"navigation\" data-gtm-custom-action=\"crossclick\" data-gtm-custom-label=\"Contextuel\" data-gtm-event=\"customEventSPE\" data-fig-domain=\"GALA\" rel=\"nofollow noopener\" target=\"_blank\">Flavie Flament et Julien Arnaud ne seraient plus \u00e0 la t\u00eate de T\u00e9l\u00e9matin<\/a> \u00a0\u00e0 la rentr\u00e9e. En effet, le duo sera remplac\u00e9 par\u00a0<a href=\"http:\/\/www.gala.fr\/l_actu\/news_de_stars\/maya-lauque-et-damien-thevenot-donnent-de-la-voix-sur-un-tube-de-jean-jacques-goldman-ils-nous-avaient-cache-leur-talent-20250629\" data-fig-type=\"Article\" data-gtm-custom-categorie=\"navigation\" data-gtm-custom-action=\"crossclick\" data-gtm-custom-label=\"Contextuel\" data-gtm-event=\"customEventSPE\" data-fig-domain=\"GALA\" rel=\"nofollow noopener\" target=\"_blank\">leurs coll\u00e8gues du week-end, Maya Lauqu\u00e9 et Damien Th\u00e9venot<\/a>. Moins d\u2019une semaine apr\u00e8s cette annonce,<a href=\"https:\/\/www.ozap.com\/actu\/un-an-apres-son-depart-surprise-de-tf1-pour-france-2-julien-arnaud-quitte-deja-france-televisions-pour-bfmtv\/650721\" target=\"_blank\" rel=\"nofollow noopener\" data-gtm-custom-categorie=\"navigation\" data-gtm-custom-action=\"crossclick\" data-gtm-custom-label=\"Contextuel\" data-gtm-event=\"customEventSPE\">\u00a0PureM\u00e9dias\u00a0<\/a>r\u00e9v\u00e8le, ce lundi 7 juillet, que l\u2019ancien joker de TF1 a pris la d\u00e9cision de quitter France T\u00e9l\u00e9visions, seulement un an apr\u00e8s son arriv\u00e9e au sein du groupe\u00a0!<\/p>\n<p class=\"fig-paragraph\">Selon les informations de nos confr\u00e8res, \u00e0 la rentr\u00e9e, Julien Arnaud deviendra l\u2019un des nouveaux visages de BFMTV. Le journaliste de 51 ans aurait \u00e9t\u00e9 recrut\u00e9 par son ancien patron \u00e0 LCI, Fabien Namias.\u00a0<a href=\"http:\/\/www.gala.fr\/l_actu\/news_de_stars\/julien-arnaud-telematin-et-ses-2-enfants-ce-qu-ils-pensent-de-son-metier-ils-se-moquent-du-papa-qui-passe-a-la-tele-20250217\" data-fig-type=\"Article\" data-gtm-custom-categorie=\"navigation\" data-gtm-custom-action=\"crossclick\" data-gtm-custom-label=\"Contextuel\" data-gtm-event=\"customEventSPE\" data-fig-domain=\"GALA\" rel=\"nofollow noopener\" target=\"_blank\">Le p\u00e8re de Valentine et Adrien<\/a>\u00a0devrait incarner la tranche du 10h-midi dans la grille. Comme le rapportait Le Parisien mercredi dernier, si Flavie Flament et Julien Arnaud ont \u00e9t\u00e9 mis \u00e0 l\u2019\u00e9cart de la matinale de France 2, une proposition leur a toutefois \u00e9t\u00e9 faite. En effet, la direction de France T\u00e9l\u00e9visions leur a propos\u00e9 de permuter avec le duo du week-end \u00e0 la rentr\u00e9e. Ainsi, ils se retrouvaient du vendredi au dimanche devant les cam\u00e9ras. Une offre qui n\u2019a donc pas convaincu le journaliste\u00a0!<\/p>\n<p>    <a href=\"#slideshow-header\"><\/p>\n<p class=\"fig-slideshow__title\">\n                    Mercato t\u00e9l\u00e9 et radio\u00a0: Anne-Sophie Lapix, Benjamin Duhamel\u2026 Qui va o\u00f9 \u00e0 la rentr\u00e9e\u00a0?\n                <\/p>\n<p>    <\/a><\/p>\n<p>                                    <a class=\"fig-a11y-skip a11y-hidden\" href=\"#fig-a11y-skip-main-inarticle\"><br \/>\n        Passer la publicit\u00e9<br \/>\n    <\/a><\/p>\n<p>Julien Arnaud quitte France 2 avec le c\u0153ur lourd\u00a0: ses confidences sur ses quelques mois \u00e0 T\u00e9l\u00e9matin<\/p>\n<p class=\"fig-paragraph\">En janvier dernier,<a href=\"http:\/\/www.gala.fr\/l_actu\/news_de_stars\/interview-julien-arnaud-aux-commandes-de-telematin-chaque-jour-je-me-leve-pour-faire-un-metier-que-j-aime-20250128\" data-fig-type=\"Article\" data-gtm-custom-categorie=\"navigation\" data-gtm-custom-action=\"crossclick\" data-gtm-custom-label=\"Contextuel\" data-gtm-event=\"customEventSPE\" data-fig-domain=\"GALA\" rel=\"nofollow noopener\" target=\"_blank\">\u00a0lors d\u2019une interview pour Gala.fr,\u00a0<\/a>Julien Arnaud s\u2019\u00e9tait confi\u00e9 sur son arriv\u00e9e au sein de France T\u00e9l\u00e9visions, apr\u00e8s avoir pass\u00e9 27 ans dans le groupe TF1. \u00ab Je me suis senti \u00e0 ma place, et j\u2019ai \u00e9t\u00e9 tr\u00e8s bien accueilli en interne\u00a0\u00bb, nous confiait-il. Avant d\u2019en dire plus sur ce qu\u2019il pensait des coulisses de la matinale de France 2\u00a0: \u00ab J\u2019adore ce c\u00f4t\u00e9 \u00e9quipe. On se l\u00e8ve tous tr\u00e8s t\u00f4t, on doit tous faire une \u00e9mission pour r\u00e9veiller les gens. C\u2019est une exp\u00e9rience professionnelle et humaine, et moi j\u2019adore les \u00e9changes et le travail d\u2019\u00e9quipe. Nous sommes une vraie \u00e9quipe, et chaque jour, nous sommes heureux de se retrouver, et sur \u00e7a, on ne peut pas mentir car cela se voit \u00e0 l\u2019antenne\u00a0\u00bb. Le journaliste, qui a totalement d\u00fb\u00a0<a href=\"https:\/\/www.gala.fr\/l_actu\/news_de_stars\/julien-arnaud-a-la-tete-de-telematin-decouvrez-sa-surprenante-habitude-imiterez-vous-sa-routine-matinale_553931\" data-fig-type=\"Article\" data-gtm-custom-categorie=\"navigation\" data-gtm-custom-action=\"crossclick\" data-gtm-custom-label=\"Contextuel\" data-gtm-event=\"customEventSPE\" data-fig-domain=\"GALA\" rel=\"nofollow noopener\" target=\"_blank\">changer d\u2019hygi\u00e8ne de vie<\/a>\u00a0et faire des concessions avec sa famille, se disait chanceux de pr\u00e9senter T\u00e9l\u00e9matin. \u00c0 la rentr\u00e9e, une toute nouvelle aventure l\u2019attend\u00a0!<\/p>\n","protected":false},"excerpt":{"rendered":"Apr\u00e8s avoir \u00e9t\u00e9 mis \u00e0 l\u2019\u00e9cart de T\u00e9l\u00e9matin, Julien Arnaud a pris la d\u00e9cision de quitter France T\u00e9l\u00e9visions&hellip;\n","protected":false},"author":2,"featured_media":233016,"comment_status":"","ping_status":"","sticky":false,"template":"","format":"standard","meta":{"footnotes":""},"categories":[1356],"tags":[10943,3985,58,59,1011,27,2400,27440,32644,12959,252,1364],"class_list":{"0":"post-233015","1":"post","2":"type-post","3":"status-publish","4":"format-standard","5":"has-post-thumbnail","7":"category-television","8":"tag-bfm-tv","9":"tag-depart","10":"tag-divertissement","11":"tag-entertainment","12":"tag-fr","13":"tag-france","14":"tag-france-televisions","15":"tag-julien-arnaud","16":"tag-mercato-tele","17":"tag-telematin","18":"tag-television","19":"tag-tv"},"share_on_mastodon":{"url":"https:\/\/pubeurope.com\/@fr\/114812922490814175","error":""},"_links":{"self":[{"href":"https:\/\/www.europesays.com\/fr\/wp-json\/wp\/v2\/posts\/233015","targetHints":{"allow":["GET"]}}],"collection":[{"href":"https:\/\/www.europesays.com\/fr\/wp-json\/wp\/v2\/posts"}],"about":[{"href":"https:\/\/www.europesays.com\/fr\/wp-json\/wp\/v2\/types\/post"}],"author":[{"embeddable":true,"href":"https:\/\/www.europesays.com\/fr\/wp-json\/wp\/v2\/users\/2"}],"replies":[{"embeddable":true,"href":"https:\/\/www.europesays.com\/fr\/wp-json\/wp\/v2\/comments?post=233015"}],"version-history":[{"count":0,"href":"https:\/\/www.europesays.com\/fr\/wp-json\/wp\/v2\/posts\/233015\/revisions"}],"wp:featuredmedia":[{"embeddable":true,"href":"https:\/\/www.europesays.com\/fr\/wp-json\/wp\/v2\/media\/233016"}],"wp:attachment":[{"href":"https:\/\/www.europesays.com\/fr\/wp-json\/wp\/v2\/media?parent=233015"}],"wp:term":[{"taxonomy":"category","embeddable":true,"href":"https:\/\/www.europesays.com\/fr\/wp-json\/wp\/v2\/categories?post=233015"},{"taxonomy":"post_tag","embeddable":true,"href":"https:\/\/www.europesays.com\/fr\/wp-json\/wp\/v2\/tags?post=233015"}],"curies":[{"name":"wp","href":"https:\/\/api.w.org\/{rel}","templated":true}]}}