{"id":233017,"date":"2025-07-07T16:35:10","date_gmt":"2025-07-07T16:35:10","guid":{"rendered":"https:\/\/www.europesays.com\/fr\/233017\/"},"modified":"2025-07-07T16:35:10","modified_gmt":"2025-07-07T16:35:10","slug":"ringo-starr-apporte-des-corrections-aux-biopics-sur-les-beatles","status":"publish","type":"post","link":"https:\/\/www.europesays.com\/fr\/233017\/","title":{"rendered":"Ringo Starr apporte des corrections aux biopics sur les Beatles"},"content":{"rendered":"<p>Le batteur du groupe a lu et amend\u00e9 les sc\u00e9narios que Sam Mendes va produire. Quatre films qui retraceront, chacun, la vie de l\u2019un des Fab Four.<\/p>\n<p class=\"fig-paragraph\">Il ne laisse rien au hasard. Dans une<a href=\"https:\/\/www.nytimes.com\/2025\/07\/02\/arts\/music\/ringo-starr-interview.html\" target=\"_blank\" rel=\"nofollow noopener\" data-gtm-custom-categorie=\"navigation\" data-gtm-custom-action=\"crossclick\" data-gtm-custom-label=\"Contextuel\" data-gtm-event=\"customEventSPE\">\u00a0interview accord\u00e9e au New York Times<\/a>, Ringo Starr r\u00e9v\u00e8le avoir activement collabor\u00e9 aux biopics que Sam Mendes r\u00e9alise sur les Beatles. Le sc\u00e9nario, tout comme son personnage incarn\u00e9 par\u00a0<a href=\"http:\/\/www.lefigaro.fr\/culture\/ringo-starr-enthousiaste-a-l-idee-que-barry-keoghan-incarne-son-role-dans-son-biopic-20241129\" target=\"_blank\" data-fig-type=\"Article\" rel=\"noopener nofollow\" data-gtm-custom-categorie=\"navigation\" data-gtm-custom-action=\"crossclick\" data-gtm-custom-label=\"Contextuel\" data-gtm-event=\"customEventSPE\" data-fig-domain=\"LEFIGARO\">Barry Keoghan<\/a>, doivent \u00eatre aussi fid\u00e8les que possible \u00e0 la r\u00e9alit\u00e9. les deux hommes auraient pass\u00e9 deux jours ensemble \u00e0 relire le script, ligne apr\u00e8s ligne, afin de perfectionner le projet.<\/p>\n<p class=\"fig-paragraph\"><a href=\"http:\/\/www.lefigaro.fr\/musique\/en-1964-des-gosses-hurlaient-sur-notre-passage-dans-les-rues-de-new-york-ou-de-washington-les-confidences-de-ringo-starr-batteur-des-beatles-20250120\" data-fig-type=\"Article\" data-gtm-custom-categorie=\"navigation\" data-gtm-custom-action=\"crossclick\" data-gtm-custom-label=\"Contextuel\" data-gtm-event=\"customEventSPE\" data-fig-domain=\"LEFIGARO\" rel=\"nofollow noopener\" target=\"_blank\">Ringo Starr<\/a>\u00a0jugeait que certains passages de sa vie \u00e9taient trop \u00e9loign\u00e9s de la r\u00e9alit\u00e9. Il a notamment souhait\u00e9 retravailler les passages \u00e9voquant son premier mariage avec Maureen Starkey Tigrett, m\u00e8re de ses trois enfants. \u00ab\u00a0Il avait un sc\u00e9nariste &#8211; un tr\u00e8s bon sc\u00e9nariste, de grande r\u00e9putation, et il l\u2019a tr\u00e8s bien \u00e9crit, mais cela n\u2019avait rien \u00e0 voir avec Maureen et moi, a expliqu\u00e9 Starr au New York Times. Nous n\u2019\u00e9tions pas comme \u00e7a.\u00a0\u00bb Au point que le batteur a expliqu\u00e9 \u00e0 Sam Mendes\u00a0: \u00ab\u00a0Nous n\u2019aurions jamais fait \u00e7a\u00a0\u00bb.<\/p>\n<p>                                    <a class=\"fig-a11y-skip a11y-hidden\" href=\"#fig-a11y-skip-main-inarticle\"><br \/>\n        Passer la publicit\u00e9<br \/>\n    <\/a><\/p>\n<p class=\"fig-paragraph\">\u00c0 la suite des ajustements r\u00e9alis\u00e9s en collaboration avec Sam Mendes, l\u2019ex-Beatle se dit d\u00e9sormais plus serein. Il accorde pleinement sa confiance au r\u00e9alisateur et \u00e0 sa vision artistique\u00a0: \u00ab Il fera ce qu\u2019il a \u00e0 faire, et je lui enverrai paix et amour.\u00a0\u00bb<\/p>\n<p class=\"fig-body-link\">\n            \u00c0 lire aussi<br \/>\n        <a class=\"fig-body-link__link\" href=\"http:\/\/www.lefigaro.fr\/cinema\/john-paul-george-et-ringo-sam-mendes-prepare-un-film-sur-chacun-des-beatles-20240225\" target=\"_blank\" data-fig-type=\"NewsFlash\" rel=\"noopener nofollow\" data-gtm-custom-categorie=\"navigation\" data-gtm-custom-action=\"crossclick\" data-gtm-custom-label=\"Contextuel\" data-gtm-event=\"customEventSPE\" data-fig-domain=\"LEFIGARO\">John, Paul, George et Ringo&#8230; Sam Mendes pr\u00e9pare un film sur chacun des Beatles<br \/>\n    <\/a>\n<\/p>\n<p>\u00ab\u00a0Chaque homme a sa propre histoire, mais ensemble, ils sont l\u00e9gendaires\u00a0\u00bb<\/p>\n<p class=\"fig-paragraph\">La sortie du projet sign\u00e9 Sam Mendes, intitul\u00e9 The Beatles \u2013 A Four-Film Cinematic Event, est pr\u00e9vue pour avril 2028. Ce grand \u00e9v\u00e9nement cin\u00e9matographique se composera de quatre biopics, chacun consacr\u00e9 \u00e0 l\u2019un des membres embl\u00e9matiques du groupe. Le slogan de la saga? \u00ab\u00a0Chaque homme a sa propre histoire, mais ensemble, ils sont l\u00e9gendaires.\u00a0\u00bb<\/p>\n<p class=\"fig-paragraph\">Paul Mescal (The Lost Daughter) pr\u00eatera ses traits \u00e0 Paul McCartney, Joseph Quinn (Stranger Things) incarnera George Harrison, Barry Keoghan (Dunkerque, Saltburn) interpr\u00e9tera Ringo Starr et Harris Dickinson (The King\u2019s Man) sera John Lennon.<\/p>\n","protected":false},"excerpt":{"rendered":"Le batteur du groupe a lu et amend\u00e9 les sc\u00e9narios que Sam Mendes va produire. Quatre films qui&hellip;\n","protected":false},"author":2,"featured_media":233018,"comment_status":"","ping_status":"","sticky":false,"template":"","format":"standard","meta":{"footnotes":""},"categories":[1355],"tags":[2627,58,59,1011,27,1361,873,6244,2629],"class_list":{"0":"post-233017","1":"post","2":"type-post","3":"status-publish","4":"format-standard","5":"has-post-thumbnail","7":"category-musique","8":"tag-beatles","9":"tag-divertissement","10":"tag-entertainment","11":"tag-fr","12":"tag-france","13":"tag-music","14":"tag-musique","15":"tag-ringo-starr","16":"tag-sam-mendes"},"share_on_mastodon":{"url":"https:\/\/pubeurope.com\/@fr\/114812926918155597","error":""},"_links":{"self":[{"href":"https:\/\/www.europesays.com\/fr\/wp-json\/wp\/v2\/posts\/233017","targetHints":{"allow":["GET"]}}],"collection":[{"href":"https:\/\/www.europesays.com\/fr\/wp-json\/wp\/v2\/posts"}],"about":[{"href":"https:\/\/www.europesays.com\/fr\/wp-json\/wp\/v2\/types\/post"}],"author":[{"embeddable":true,"href":"https:\/\/www.europesays.com\/fr\/wp-json\/wp\/v2\/users\/2"}],"replies":[{"embeddable":true,"href":"https:\/\/www.europesays.com\/fr\/wp-json\/wp\/v2\/comments?post=233017"}],"version-history":[{"count":0,"href":"https:\/\/www.europesays.com\/fr\/wp-json\/wp\/v2\/posts\/233017\/revisions"}],"wp:featuredmedia":[{"embeddable":true,"href":"https:\/\/www.europesays.com\/fr\/wp-json\/wp\/v2\/media\/233018"}],"wp:attachment":[{"href":"https:\/\/www.europesays.com\/fr\/wp-json\/wp\/v2\/media?parent=233017"}],"wp:term":[{"taxonomy":"category","embeddable":true,"href":"https:\/\/www.europesays.com\/fr\/wp-json\/wp\/v2\/categories?post=233017"},{"taxonomy":"post_tag","embeddable":true,"href":"https:\/\/www.europesays.com\/fr\/wp-json\/wp\/v2\/tags?post=233017"}],"curies":[{"name":"wp","href":"https:\/\/api.w.org\/{rel}","templated":true}]}}