{"id":23302,"date":"2025-04-13T23:53:10","date_gmt":"2025-04-13T23:53:10","guid":{"rendered":"https:\/\/www.europesays.com\/fr\/23302\/"},"modified":"2025-04-13T23:53:10","modified_gmt":"2025-04-13T23:53:10","slug":"marine-star-academy-chute-en-plein-concert-et-part-en-fou-rire","status":"publish","type":"post","link":"https:\/\/www.europesays.com\/fr\/23302\/","title":{"rendered":"Marine (Star Academy) chute en plein concert et part en fou rire"},"content":{"rendered":"<p>La tourn\u00e9e de la Star Academy, c\u2019est de la musique, de la sueur, des milliers de fans\u2026 et parfois, <strong>des petits impr\u00e9vus !<\/strong> Ce vendredi 11 avril 2025, la grande gagnante de la saison 12, Marine Delplace, a fait parler d\u2019elle \u00e0 Orl\u00e9ans. Et pas seulement pour sa voix ou son charisme : une petite chute sur sc\u00e8ne a transform\u00e9 le concert <strong>en fou rire g\u00e9n\u00e9ral\u2026<\/strong><\/p>\n<p>Depuis deux mois, Marine sillonne la France, la Belgique et la Suisse avec ses camarades Ebony, Charles, Franck, Ulysse, Marguerite, Maureen, Maia et Emma. La troupe ne m\u00e9nage pas ses efforts pour offrir un show millim\u00e9tr\u00e9 \u00e0 chaque date. Et si <strong>tout n\u2019est pas toujours parfait,<\/strong> leur professionnalisme, lui, ne faillit jamais.<\/p>\n<p>Tatouages, pancartes et larmes : la chanteuse acclam\u00e9e par son public<\/p>\n<p>Ce vendredi, la journ\u00e9e de Marine avait pourtant commenc\u00e9 <strong>sous les meilleurs auspices.<\/strong> Avant le concert du soir \u00e0 l\u2019Arena d\u2019Orl\u00e9ans, <a href=\"https:\/\/www.public.fr\/marine-star-academy-attaquee-sur-son-physique-elle-sort-les-crocs\" target=\"_blank\" rel=\"noopener\">celle qui est victime de body-shaming<\/a> a donn\u00e9 un showcase dans un centre commercial local, en partenariat avec la radio NRJ. D\u00e8s 13 heures, plus de 1 500 personnes \u00e9taient au rendez-vous, pancartes, cadeaux et \u00e9toiles plein les yeux. \u00ab Rencontrer les gens qui me soutiennent, <strong>c\u2019est ce que j\u2019aime le plus. <\/strong>C\u2019est frustrant de ne pas pouvoir voir tout le monde \u00bb, a-t-elle confi\u00e9 en souriant.<\/p>\n<p>Elle a interpr\u00e9t\u00e9 Ma Faute, son premier single d\u00e9j\u00e0 \u00e9cout\u00e9 plus de 9 millions de fois en ligne. L\u2019\u00e9motion \u00e9tait au rendez-vous\u2026 et le lien avec le public, toujours aussi fort. Une fan s\u2019est m\u00eame fait <strong>tatouer un extrait de ses paroles <\/strong>\u2013 un c\u0153ur r\u00e9par\u00e9 par un pansement, accompagn\u00e9 des mots \u00ab Beaux jours reviennent \u00bb. Sur son canal Instagram, Marine s\u2019est dite boulevers\u00e9e : \u00ab Pur\u00e9e merci. C\u2019est fou de vous voir tatou\u00e9s avec mes paroles \u00bb.<\/p>\n<p>Marine (Star Academy) chute en plein concert : la vid\u00e9o buzz sur les r\u00e9seaux<\/p>\n<p>Mais revenons \u00e0 ce fameux moment sur sc\u00e8ne. Pendant le concert du soir, alors que tous les chanteurs s\u2019appr\u00eataient \u00e0 sortir de sc\u00e8ne, <strong>une petite m\u00e9saventure s\u2019est produite. <\/strong>Marine, concentr\u00e9e et en pleine \u00e9nergie, se prend les pieds dans un objet non identifi\u00e9 et <strong>chute devant les projecteurs\u2026<\/strong> ou presque. L\u2019accident aurait pu passer inaper\u00e7u si les fans n\u2019avaient pas immortalis\u00e9 la sc\u00e8ne en vid\u00e9o. Heureusement, rien de grave : <a href=\"https:\/\/www.public.fr\/cest-horrible-marine-star-academy-ce-quelle-ne-supporte-plus-du-tout-en-tournee\" target=\"_blank\" rel=\"noopener\">celle qui n\u2019aime pas cette chose en tourn\u00e9e,<\/a> s\u2019est tout de suite relev\u00e9e, <strong>aid\u00e9e par Marguerite,<\/strong> toujours fid\u00e8le au poste. Les deux artistes ont \u00e9chang\u00e9 un regard complice, un \u00e9clat de rire\u2026 et sont reparties de plus belle, comme si de rien n\u2019\u00e9tait. Des pros, on vous dit !<\/p>\n<p>Sur X (ex-Twitter), les fans ont ador\u00e9 : \u00ab Elle est tomb\u00e9e, <strong>mais elle est rest\u00e9e digne,<\/strong> MDR je l\u2019aime encore plus. \u00bb, \u00ab Cette fille est solaire. M\u00eame en chutant, elle rayonne ! \u00bb. Et ce n\u2019est pas la premi\u00e8re emb\u00fbche de la tourn\u00e9e. R\u00e9cemment, Emma s\u2019est <strong>bless\u00e9e \u00e0 la cheville<\/strong> lors d\u2019un concert \u00e0 Clermont-Ferrand. Marine, de son c\u00f4t\u00e9, continue de jongler entre la sc\u00e8ne, l\u2019enregistrement de son premier album et une pr\u00e9sence constante sur les r\u00e9seaux. Heureusement, <strong>plus de peur que de mal<\/strong> pour elle sur sc\u00e8ne. On vous le dit, rien n\u2019arr\u00eate Marine ! <\/p>\n<p>      Mentionn\u00e9s dans cet article<\/p>\n<p>\u00c0 lire aussi<\/p>\n","protected":false},"excerpt":{"rendered":"La tourn\u00e9e de la Star Academy, c\u2019est de la musique, de la sueur, des milliers de fans\u2026 et&hellip;\n","protected":false},"author":2,"featured_media":23303,"comment_status":"","ping_status":"","sticky":false,"template":"","format":"standard","meta":{"footnotes":""},"categories":[8],"tags":[58,59,1011,27,8520],"class_list":{"0":"post-23302","1":"post","2":"type-post","3":"status-publish","4":"format-standard","5":"has-post-thumbnail","7":"category-divertissement","8":"tag-divertissement","9":"tag-entertainment","10":"tag-fr","11":"tag-france","12":"tag-marine-delplace"},"share_on_mastodon":{"url":"https:\/\/pubeurope.com\/@fr\/114333352152451322","error":""},"_links":{"self":[{"href":"https:\/\/www.europesays.com\/fr\/wp-json\/wp\/v2\/posts\/23302","targetHints":{"allow":["GET"]}}],"collection":[{"href":"https:\/\/www.europesays.com\/fr\/wp-json\/wp\/v2\/posts"}],"about":[{"href":"https:\/\/www.europesays.com\/fr\/wp-json\/wp\/v2\/types\/post"}],"author":[{"embeddable":true,"href":"https:\/\/www.europesays.com\/fr\/wp-json\/wp\/v2\/users\/2"}],"replies":[{"embeddable":true,"href":"https:\/\/www.europesays.com\/fr\/wp-json\/wp\/v2\/comments?post=23302"}],"version-history":[{"count":0,"href":"https:\/\/www.europesays.com\/fr\/wp-json\/wp\/v2\/posts\/23302\/revisions"}],"wp:featuredmedia":[{"embeddable":true,"href":"https:\/\/www.europesays.com\/fr\/wp-json\/wp\/v2\/media\/23303"}],"wp:attachment":[{"href":"https:\/\/www.europesays.com\/fr\/wp-json\/wp\/v2\/media?parent=23302"}],"wp:term":[{"taxonomy":"category","embeddable":true,"href":"https:\/\/www.europesays.com\/fr\/wp-json\/wp\/v2\/categories?post=23302"},{"taxonomy":"post_tag","embeddable":true,"href":"https:\/\/www.europesays.com\/fr\/wp-json\/wp\/v2\/tags?post=23302"}],"curies":[{"name":"wp","href":"https:\/\/api.w.org\/{rel}","templated":true}]}}