{"id":233027,"date":"2025-07-07T16:40:09","date_gmt":"2025-07-07T16:40:09","guid":{"rendered":"https:\/\/www.europesays.com\/fr\/233027\/"},"modified":"2025-07-07T16:40:09","modified_gmt":"2025-07-07T16:40:09","slug":"vous-allez-adorer-cette-nouveaute-waze-pour-les-vacances-a-condition-davoir-la-voiture-qui-va-avec","status":"publish","type":"post","link":"https:\/\/www.europesays.com\/fr\/233027\/","title":{"rendered":"Vous allez adorer cette nouveaut\u00e9 Waze pour les vacances&#8230; \u00e0 condition d&rsquo;avoir la voiture qui va avec"},"content":{"rendered":"<p><a href=\"https:\/\/www.presse-citron.net\/telecharger\/loisirs\/geographie_et_voyage\/waze.html\" target=\"_blank\" rel=\"false noopener\">Waze<\/a>, vous connaissez forc\u00e9ment, c\u2019est cette application de navigation communautaire d\u00e9sormais chapeaut\u00e9e par Google, qui s\u2019impose depuis quelques ann\u00e9es d\u00e9j\u00e0 comme un acteur cl\u00e9 de la mobilit\u00e9 urbaine. Gr\u00e2ce \u00e0 ses donn\u00e9es en temps r\u00e9el partag\u00e9es par des millions d\u2019utilisateurs, elle permet d\u2019optimiser les trajets, d\u2019\u00e9viter les embouteillages et de signaler incidents ou contr\u00f4les. Alliant technologie GPS et intelligence collective, Waze a red\u00e9fini la mani\u00e8re dont les automobilistes interagissent avec leur environnement routier au quotidien.<\/p>\n<p> Du nouveau pour Waze oui, mais pas pour tout le monde <\/p>\n<p>Au fil du temps, l\u2019application de navigation n\u2019a cess\u00e9 d\u2019\u00e9voluer, int\u00e9grant r\u00e9guli\u00e8rement de nouvelles fonctionnalit\u00e9s. Derni\u00e8re en date\u00a0: la version 5.4, fra\u00eechement d\u00e9ploy\u00e9e par les d\u00e9veloppeurs. Cette mise \u00e0 jour apporte son lot d\u2019am\u00e9liorations techniques, mais \u00e9galement une nouveaut\u00e9 appr\u00e9ciable, r\u00e9serv\u00e9e toutefois \u00e0 certains v\u00e9hicules compatibles.<\/p>\n<\/p>\n<p>    <a href=\"https:\/\/www.youtube.com\/@PressecitronHD?sub_confirmation=1\" target=\"_blank\" rel=\"nofollow noopener\"><br \/>\n        S&rsquo;abonner \u00e0 Presse-citron<br \/>\n    <\/a> <\/p>\n<p>Sur la route des vacances, il sera en effet possible d\u2019afficher Waze non pas sur l\u2019\u00e9cran central, mais directement derri\u00e8re le volant\u00a0! Dans certains v\u00e9hicules compatibles, les indications de navigation et l\u2019heure d\u2019arriv\u00e9e estim\u00e9e s\u2019affichent d\u00e9sormais directement sur l\u2019instrumentation num\u00e9rique.<\/p>\n<p>Il s\u2019agit d\u2019une \u00e9volution discr\u00e8te certes, qui pourrait facilement passer inaper\u00e7ue au milieu du tumulte technologique, mais qui marque pourtant un pas en avant dans l\u2019int\u00e9gration entre l\u2019application de navigation et l\u2019exp\u00e9rience de conduite, le conducteur n\u2019y ayant plus \u00e0 orienter son regard vers l\u2019\u00e9cran central. A noter que cette fonctionnalit\u00e9 est d\u00e9j\u00e0 disponible sur <a href=\"https:\/\/www.presse-citron.net\/telecharger\/geographie-et-voyage\/cartographie-geolocalisation\/google-maps.html\" target=\"_blank\" rel=\"noopener\">Google Maps<\/a> ou encore Apple Plans.<\/p>\n<p>Parmi les v\u00e9hicules compatibles avec cette nouvelle fonctionnalit\u00e9, les BMW anim\u00e9es par iDrive 8 (ou au-del\u00e0), mais aussi certains mod\u00e8les (modernes) Ford, Polestar, Renault, Peugeot ou encore Volvo. Mais attention, tout n\u2019est pas si simple. Pour r\u00e9ussir \u00e0 s\u2019int\u00e9grer \u00e0 cet \u00e9cran soumis \u00e0 de strictes r\u00e9glementations, Waze a d\u00fb faire une concession de taille (et vous la voyez venir) : ses c\u00e9l\u00e8bres alertes communautaires ont disparu.<\/p>\n<p>Exit donc les ic\u00f4nes signalant la pr\u00e9sence de radars, de forces de l\u2019ordre ou de dangers sur la route, puisque cet affichage \u00e9pur\u00e9 affich\u00e9 directement derri\u00e8re le volant ne les inclut pas. Un choix dict\u00e9 par des exigences de s\u00e9curit\u00e9 et de clart\u00e9, mais qui enl\u00e8ve aussit\u00f4t \u00e0 cette fonctionnalit\u00e9 l\u2019un des \u00e9l\u00e9ments les plus embl\u00e9matiques de l\u2019exp\u00e9rience Waze.<\/p>\n<p>Concernant Waze, mais aussi d\u2019autres applications de navigation, rappelons qu\u2019une nouvelle arnaque s\u00e9vit actuellement. Le fonctionnement est on ne peut plus simple\u00a0: des d\u00e9panneurs ind\u00e9pendants, non agr\u00e9\u00e9s, surveillent constamment Waze \u00e0 l\u2019aff\u00fbt du moindre signalement de panne. <a href=\"https:\/\/www.presse-citron.net\/des-escrocs-traquent-les-pannes-en-direct-sur-waze-cette-technique-seme-la-panique-en-france\/\" target=\"_blank\" rel=\"noopener\">D\u00e8s qu\u2019un incident appara\u00eet en temps r\u00e9el, ce que permettent d\u00e9sormais ces applications, ils interviennent sans attendre<\/a>. M\u00e9fiance donc.<\/p>\n<blockquote>\n<p class=\"text-base text-neutral-700 dark:text-neutral-300\">\ud83d\udccd Pour ne manquer aucune actualit\u00e9 de Presse-citron, suivez-nous sur <a href=\"https:\/\/news.google.com\/publications\/CAAqBggKMIPiNTC70wU?hl=fr&amp;gl=FR&amp;ceid=FR%3Afr\" target=\"_blank\" rel=\"noopener\">Google Actualit\u00e9s<\/a> et <a href=\"https:\/\/whatsapp.com\/channel\/0029VaCkGuz4NViitBXbEr0b\" target=\"_blank\" rel=\"noopener\">WhatsApp<\/a>.<\/p>\n<\/blockquote>\n<p>            <img decoding=\"async\" src=\"https:\/\/www.europesays.com\/fr\/wp-content\/uploads\/2025\/07\/waze-logo.jpg\" alt=\"Waze\" loading=\"lazy\"\/>                            <\/p>\n","protected":false},"excerpt":{"rendered":"Waze, vous connaissez forc\u00e9ment, c\u2019est cette application de navigation communautaire d\u00e9sormais chapeaut\u00e9e par Google, qui s\u2019impose depuis quelques&hellip;\n","protected":false},"author":2,"featured_media":233028,"comment_status":"","ping_status":"","sticky":false,"template":"","format":"standard","meta":{"footnotes":""},"categories":[7],"tags":[1011,27,43,40,41,39,42,44,2595],"class_list":{"0":"post-233027","1":"post","2":"type-post","3":"status-publish","4":"format-standard","5":"has-post-thumbnail","7":"category-sciences-et-technologies","8":"tag-fr","9":"tag-france","10":"tag-science","11":"tag-science-and-technology","12":"tag-sciences","13":"tag-sciences-et-technologies","14":"tag-technologies","15":"tag-technology","16":"tag-waze"},"share_on_mastodon":{"url":"","error":""},"_links":{"self":[{"href":"https:\/\/www.europesays.com\/fr\/wp-json\/wp\/v2\/posts\/233027","targetHints":{"allow":["GET"]}}],"collection":[{"href":"https:\/\/www.europesays.com\/fr\/wp-json\/wp\/v2\/posts"}],"about":[{"href":"https:\/\/www.europesays.com\/fr\/wp-json\/wp\/v2\/types\/post"}],"author":[{"embeddable":true,"href":"https:\/\/www.europesays.com\/fr\/wp-json\/wp\/v2\/users\/2"}],"replies":[{"embeddable":true,"href":"https:\/\/www.europesays.com\/fr\/wp-json\/wp\/v2\/comments?post=233027"}],"version-history":[{"count":0,"href":"https:\/\/www.europesays.com\/fr\/wp-json\/wp\/v2\/posts\/233027\/revisions"}],"wp:featuredmedia":[{"embeddable":true,"href":"https:\/\/www.europesays.com\/fr\/wp-json\/wp\/v2\/media\/233028"}],"wp:attachment":[{"href":"https:\/\/www.europesays.com\/fr\/wp-json\/wp\/v2\/media?parent=233027"}],"wp:term":[{"taxonomy":"category","embeddable":true,"href":"https:\/\/www.europesays.com\/fr\/wp-json\/wp\/v2\/categories?post=233027"},{"taxonomy":"post_tag","embeddable":true,"href":"https:\/\/www.europesays.com\/fr\/wp-json\/wp\/v2\/tags?post=233027"}],"curies":[{"name":"wp","href":"https:\/\/api.w.org\/{rel}","templated":true}]}}