{"id":233029,"date":"2025-07-07T16:41:11","date_gmt":"2025-07-07T16:41:11","guid":{"rendered":"https:\/\/www.europesays.com\/fr\/233029\/"},"modified":"2025-07-07T16:41:11","modified_gmt":"2025-07-07T16:41:11","slug":"guerre-commerciale-la-france-prete-a-accepter-des-droits-de-douane-americains-si-les-secteurs-cles-francais-ne-sont-pas-concernes-07-07-2025-a-1451","status":"publish","type":"post","link":"https:\/\/www.europesays.com\/fr\/233029\/","title":{"rendered":"Guerre commerciale : la France pr\u00eate \u00e0 accepter des droits de douane am\u00e9ricains, si les secteurs cl\u00e9s fran\u00e7ais ne sont pas concern\u00e9s &#8211; 07\/07\/2025 \u00e0 14:51"},"content":{"rendered":"<p> Le ministre du Commerce ext\u00e9rieur s&rsquo;est f\u00e9licit\u00e9 de l&rsquo;unit\u00e9 affich\u00e9e par les Europ\u00e9ens pendant les n\u00e9gociations \u00ab\u00a0compliqu\u00e9es\u00a0\u00bb.<\/p>\n<p>        <img fetchpriority=\"high\" decoding=\"async\" src=\"https:\/\/www.europesays.com\/fr\/wp-content\/uploads\/2025\/07\/6c3535e9b8c306b7c73d82f9bdaf6d7f-760x507.jpg\" alt=\"Laurent Saint-Martin \u00e0 Buenos Aires, en Argentine, le 27 juin 2025. ( AFP \/ LUIS ROBAYO )\" loading=\"eager\" width=\"760\" height=\"507\" style=\"max-width: 100%!important; height: auto;\"\/><\/p>\n<p class=\"c-image-news__legend\">Laurent Saint-Martin \u00e0 Buenos Aires, en Argentine, le 27 juin 2025. ( AFP \/ LUIS ROBAYO )<\/p>\n<p>\n La France est pr\u00eate \u00e0 accepter une hausse l\u00e9g\u00e8re des droits de douane am\u00e9ricains \u00ab\u00a0si et seulement si\u00a0\u00bb les secteurs cl\u00e9s fran\u00e7ais -a\u00e9ronautique, vins, cosm\u00e9tiques- sont \u00e9pargn\u00e9s, a expliqu\u00e9 le ministre fran\u00e7ais d\u00e9l\u00e9gu\u00e9 au Commerce ext\u00e9rieur, Laurent Saint-Martin. Il a toutefois assur\u00e9 que, \u00ab\u00a0contrairement \u00e0 ce qu&rsquo;on aurait pu craindre\u00a0\u00bb, les Europ\u00e9ens sont unis dans leurs n\u00e9gociations face \u00e0 Washington pour trouver un accord.\n<\/p>\n<p>\n Cette approche commune \u00ab\u00a0servira pour la suite\u00a0\u00bb, notamment pour conclure \u00ab\u00a0des accords commerciaux avec le reste du monde\u00a0\u00bb, a expos\u00e9 le ministre sur<\/p>\n<p>  RTL<\/p>\n<p> . \u00ab\u00a0L&rsquo;ambiance (des n\u00e9gociations), elle est compliqu\u00e9e depuis maintenant plusieurs mois\u00a0\u00bb, souligne-t-il, notamment parce que c\u00f4t\u00e9 europ\u00e9en, \u00ab\u00a0c&rsquo;est la Commission qui, au nom de tous les \u00c9tats membres, doit (mener) cette n\u00e9gociation\u00a0\u00bb, alors que<br \/>\n <strong><br \/>\n  chaque pays a \u00ab\u00a0des int\u00e9r\u00eats prioritaires diff\u00e9rents\u00a0\u00bb \u00e0 faire valoir.<br \/>\n <\/strong>\n<\/p>\n<p>\n \u00ab\u00a0Nous pouvons consid\u00e9rer qu&rsquo;une augmentation faible des droits de douane peut \u00eatre accept\u00e9e si et seulement si, sur certains secteurs cl\u00e9s d&rsquo;exportation europ\u00e9ens, et notamment fran\u00e7ais &#8211;<br \/>\n <strong><br \/>\n  je pense \u00e0 l&rsquo;a\u00e9ronautique, \u00e0 nos vins et spiritueux, \u00e0 nos cosm\u00e9tiques-<br \/>\n <\/strong><br \/>\n (les droits de douanes) peuvent \u00eatre r\u00e9duits\u00a0\u00bb, a d\u00e9taill\u00e9 le ministre du point de vue tricolore.\n<\/p>\n<p>\n \u00ab\u00a0C&rsquo;est cela qui est encore en train d&rsquo;\u00eatre discut\u00e9\u00a0\u00bb dans<br \/>\n <a href=\"https:\/\/www.boursorama.com\/actualite-economique\/actualites\/droits-de-douane-bon-echange-telephonique-dimanche-entre-von-der-leyen-et-trump-17b06835711e8bae1b71e8181d8b56e6\" rel=\"nofollow noopener\" target=\"_blank\"><br \/>\n  les \u00ab\u00a0derni\u00e8res heures de discussions\u00a0\u00bb avec les \u00c9tats-Unis<br \/>\n <\/a><br \/>\n , selon lui, alors que l&rsquo;administration am\u00e9ricaine compte appliquer \u00e0 partir du 1er ao\u00fbt de vastes droits de douane.\n<\/p>\n<p> Pas de \u00ab\u00a0voix dissonantes\u00a0\u00bb<\/p>\n<p>\n Mais \u00ab\u00a0vous n&rsquo;aurez jamais vu pendant ces six mois, contrairement \u00e0 ce qu&rsquo;on aurait pu craindre au d\u00e9but de l&rsquo;ann\u00e9e, des voix dissonantes\u00a0\u00bb dans l&rsquo;Union europ\u00e9enne, a fait remarquer le ministre fran\u00e7ais.\n<\/p>\n<p>\n <strong><br \/>\n  \u00ab\u00a0On ressortira avec une unit\u00e9 europ\u00e9enne qui servira pour la suite<br \/>\n <\/strong><br \/>\n et notamment pour aller chercher des accords commerciaux avec le reste du monde\u00a0\u00bb, a-t-il estim\u00e9.\n<\/p>\n<p>\n \u00ab\u00a0Il n&rsquo;y a pas que les \u00c9tats-Unis dans la vie. On va aussi faire des accords commerciaux<br \/>\n <strong><br \/>\n  avec l&rsquo;Inde, avec la Malaisie, avec les Philippines, avec l&rsquo;Indon\u00e9sie, avec l&rsquo;Australie<br \/>\n <\/strong><br \/>\n \u00ab\u00a0, a poursuivi le ministre.\n<\/p>\n<p>\n \u00ab\u00a0Et peut-\u00eatre avec l&rsquo;Am\u00e9rique du Sud si on arrive \u00e0 faire \u00e9voluer, effectivement, l&rsquo;accord\u00a0\u00bb du Mercosur, pouss\u00e9 par l&rsquo;UE mais qui ne convient pas en l&rsquo;\u00e9tat aux Fran\u00e7ais qui d\u00e9plorent l&rsquo;absence de \u00ab\u00a0protection\u00a0\u00bb sur leur fili\u00e8re bovine, a dit Laurent Saint-Martin.\n<\/p>\n<p>\n \u00ab\u00a0Je reviens d&rsquo;Am\u00e9rique latine. J&rsquo;ai eu la garantie c\u00f4t\u00e9 argentin et br\u00e9silien qu&rsquo;ils \u00e9taient d&rsquo;accord pour discuter sur le principe d&rsquo;un protocole additionnel avec la Commission europ\u00e9enne\u00a0\u00bb, a ajout\u00e9 le ministre fran\u00e7ais, pour qui \u00ab\u00a0la balle est dans le camp\u00a0\u00bb de l&rsquo;ex\u00e9cutif europ\u00e9en.<\/p>\n","protected":false},"excerpt":{"rendered":"Le ministre du Commerce ext\u00e9rieur s&rsquo;est f\u00e9licit\u00e9 de l&rsquo;unit\u00e9 affich\u00e9e par les Europ\u00e9ens pendant les n\u00e9gociations \u00ab\u00a0compliqu\u00e9es\u00a0\u00bb. Laurent&hellip;\n","protected":false},"author":2,"featured_media":233030,"comment_status":"","ping_status":"","sticky":false,"template":"","format":"standard","meta":{"footnotes":""},"categories":[6],"tags":[400,398,408,35,405,33,34,1011,27,403,402,399,404,401,406,407],"class_list":{"0":"post-233029","1":"post","2":"type-post","3":"status-publish","4":"format-standard","5":"has-post-thumbnail","7":"category-economie","8":"tag-action-cac-40","9":"tag-bourse-de-paris","10":"tag-boursorama","11":"tag-business","12":"tag-cotations","13":"tag-economie","14":"tag-economy","15":"tag-fr","16":"tag-france","17":"tag-indices-devises","18":"tag-investir","19":"tag-investissement","20":"tag-marche-boursier","21":"tag-sicav","22":"tag-trackers","23":"tag-warrants"},"share_on_mastodon":{"url":"https:\/\/pubeurope.com\/@fr\/114812949957348514","error":""},"_links":{"self":[{"href":"https:\/\/www.europesays.com\/fr\/wp-json\/wp\/v2\/posts\/233029","targetHints":{"allow":["GET"]}}],"collection":[{"href":"https:\/\/www.europesays.com\/fr\/wp-json\/wp\/v2\/posts"}],"about":[{"href":"https:\/\/www.europesays.com\/fr\/wp-json\/wp\/v2\/types\/post"}],"author":[{"embeddable":true,"href":"https:\/\/www.europesays.com\/fr\/wp-json\/wp\/v2\/users\/2"}],"replies":[{"embeddable":true,"href":"https:\/\/www.europesays.com\/fr\/wp-json\/wp\/v2\/comments?post=233029"}],"version-history":[{"count":0,"href":"https:\/\/www.europesays.com\/fr\/wp-json\/wp\/v2\/posts\/233029\/revisions"}],"wp:featuredmedia":[{"embeddable":true,"href":"https:\/\/www.europesays.com\/fr\/wp-json\/wp\/v2\/media\/233030"}],"wp:attachment":[{"href":"https:\/\/www.europesays.com\/fr\/wp-json\/wp\/v2\/media?parent=233029"}],"wp:term":[{"taxonomy":"category","embeddable":true,"href":"https:\/\/www.europesays.com\/fr\/wp-json\/wp\/v2\/categories?post=233029"},{"taxonomy":"post_tag","embeddable":true,"href":"https:\/\/www.europesays.com\/fr\/wp-json\/wp\/v2\/tags?post=233029"}],"curies":[{"name":"wp","href":"https:\/\/api.w.org\/{rel}","templated":true}]}}