{"id":233044,"date":"2025-07-07T16:50:14","date_gmt":"2025-07-07T16:50:14","guid":{"rendered":"https:\/\/www.europesays.com\/fr\/233044\/"},"modified":"2025-07-07T16:50:14","modified_gmt":"2025-07-07T16:50:14","slug":"geronimo-prisciantelli-toulon-usap-les-infos-du-lundi-7-juillet","status":"publish","type":"post","link":"https:\/\/www.europesays.com\/fr\/233044\/","title":{"rendered":"Ger\u00f3nimo Prisciantelli, Toulon, USAP, les infos du lundi 7 juillet"},"content":{"rendered":"<p style=\"text-align: justify;\" align=\"justify\"><strong>TRANSFERTS RUGBY \u2013 Ger\u00f3nimo Prisciantelli (Zebre Parma) pourrait signer en Top 14, le RC Toulon annonce des arriv\u00e9es et des prolongations, l\u2019USAP cherche un demi de m\u00eal\u00e9e : les infos de ce lundi 7 juillet.\u00a0<\/strong><\/p>\n<p>Racing 92 : <strong>Ger\u00f3nimo Prisciantelli dans le viseur<\/strong><\/p>\n<p style=\"text-align: justify;\">En qu\u00eate de renforts apr\u00e8s plusieurs d\u00e9parts majeurs, le <strong>Racing 92<\/strong> viserait l\u2019international argentin <strong>Ger\u00f3nimo Prisciantelli<\/strong>, selon les informations du Midi Olympique. Le joueur polyvalent de 25 ans, capable d\u2019\u00e9voluer \u00e0 l\u2019arri\u00e8re, \u00e0 l\u2019ouverture ou au centre, \u00e9volue depuis 2022 avec les Zebre de Parme en Italie, apr\u00e8s des d\u00e9buts chez les Jaguares.<\/p>\n<p style=\"text-align: justify;\">Ce recrutement potentiel intervient alors que le club francilien a vu partir <strong>Cameron Woki<\/strong> (UBB) et surtout <strong>Owen Farrell<\/strong> (Saracens), laissant des trous \u00e0 combler dans l\u2019effectif. Avec ses qualit\u00e9s de buteur et sa polyvalence, <strong>Prisciantelli<\/strong> pourrait offrir \u00e0 <strong>Patrice Collazo<\/strong> une solution pr\u00e9cieuse pour la saison \u00e0 venir.<\/p>\n<p style=\"text-align: justify;\"><strong>L\u2019avis de Dicodusport<\/strong> <strong>:<\/strong> Le Racing 92 veut \u00e0 tout prix renforcer un effectif clairement amoindri. Les opportunit\u00e9s sont rares, et le profil de Prisciantelli est int\u00e9ressant sur le papier. Affaire \u00e0 suivre.<\/p>\n<p>RC Toulon : Mercer, Tuifua, Garcia, Nonu, les bonnes nouvelles s\u2019encha\u00eenent<\/p>\n<p style=\"text-align: justify;\">Le <strong>RC Toulon<\/strong> a confirm\u00e9 ce lundi l\u2019arriv\u00e9e de sept recrues pour la saison prochaine, parmi lesquelles le troisi\u00e8me-ligne <strong>Zach Mercer<\/strong> (Gloucester), le centre international italien <strong>Ignacio Brex<\/strong> (Tr\u00e9vise) et le puissant <strong>Patrick Tuifua<\/strong> (Hawke\u2019s Bay). Le club varois a \u00e9galement renforc\u00e9 ses lignes avec <strong>Mat\u00e9o Garcia<\/strong> (ouvreur, Bordeaux), <strong>Nikoloz Narmani<\/strong>a (pilier, Biarritz), <strong>Clovis Le Bail<\/strong> (demi de m\u00eal\u00e9e, Racing 92) et <strong>Mathis Fert\u00e9<\/strong> (arri\u00e8re polyvalent, Brive).<\/p>\n<p style=\"text-align: justify;\">C\u00f4t\u00e9 prolongations, <strong>Ma\u2019a Nonu<\/strong>, 43 ans, prolonge l\u2019aventure, tout comme <strong>J\u00e9r\u00e9my Sinzelle<\/strong> et <strong>Micka\u00ebl Ivaldi<\/strong>, tous deux \u00e2g\u00e9s de 35 ans. \u00ab Nous construisons une \u00e9quipe \u00e9quilibr\u00e9e, dans le cadre de notre plan de succession sportif \u00bb, a expliqu\u00e9 le directeur sportif <strong>Laurent Emmanuelli<\/strong>, pr\u00e9cisant que le club pourrait encore recruter un ou deux joueurs selon les opportunit\u00e9s.<\/p>\n<p style=\"text-align: justify;\"><strong>L\u2019avis de Dicodusport<\/strong> <strong>: <\/strong>Que ce soit les arriv\u00e9es ou les prolongations, tout \u00e9tait d\u00e9j\u00e0 officieux. Le RCT peut donc pr\u00e9parer la saison qui arrive sereinement, avec ambitions.<\/p>\n<p>\n<a href=\"https:\/\/dicodusport.fr\/blog\/offres\/abonnements-sans-pub\/\" rel=\"nofollow noopener\" target=\"_blank\"><img loading=\"lazy\" decoding=\"async\" class=\"alignnone size-full wp-image-501284 perfmatters-lazy\" alt=\"\" width=\"1200\" height=\"200\" src=\"https:\/\/www.europesays.com\/fr\/wp-content\/uploads\/2025\/04\/Abonnements-sans-pubs-Dicodusport.png\"\/><\/a><\/p>\n<p>L\u2019USAP en qu\u00eate d\u2019un demi de m\u00eal\u00e9e, plusieurs noms circulent<\/p>\n<p style=\"text-align: justify;\">Le mercato a touch\u00e9 \u00e0 sa fin du c\u00f4t\u00e9 de Perpignan, mais l\u2019<strong>USAP<\/strong> cherche encore activement \u00e0 recruter un demi de m\u00eal\u00e9e pour renforcer un effectif qui a sauv\u00e9 sa place en Top 14 in extremis. Malgr\u00e9 un recrutement d\u00e9j\u00e0 bien avanc\u00e9, le staff de <strong>Franck Az\u00e9m<\/strong>a souhaite \u00e9viter une nouvelle saison sous tension.<\/p>\n<p>\n<a href=\"https:\/\/dicodusport.fr\/blog\/offres\/abonnements-sans-pub\/\" rel=\"nofollow noopener\" target=\"_blank\"><img loading=\"lazy\" decoding=\"async\" class=\"alignnone size-full wp-image-501296 perfmatters-lazy\" alt=\"\" width=\"400\" height=\"400\" src=\"https:\/\/www.europesays.com\/fr\/wp-content\/uploads\/2025\/04\/Abonnements-sans-pubs-Dicodusport-mobile.png\"\/><\/a><\/p>\n<p style=\"text-align: justify;\">Parmi les pistes \u00e9voqu\u00e9es, <strong>L\u00e9o Coly<\/strong> (Montpellier) et <strong>Jonathan Ruru<\/strong> (Vannes) sont cibl\u00e9s selon le Midi Olympique, mais les n\u00e9gociations s\u2019annoncent complexes : le premier est encore sous contrat, le second ne dispose pas de bon de sortie. Le club catalan pourrait donc se tourner vers l\u2019\u00e9tranger.<\/p>\n<p style=\"text-align: justify;\">Trois profils sont \u00e9galement \u00e0 l\u2019\u00e9tude : le Fidjien <strong>Frank Lomani<\/strong> (Fijian Drua), le Samoan <strong>Jonathan Taumateine<\/strong> (Moana Pasifika) et son compatriote <strong>Ere Enari<\/strong> (Hurricanes). Une d\u00e9cision pourrait intervenir dans les prochains jours, alors que l\u2019<strong>USAP<\/strong> souhaite finaliser son effectif au plus vite.<\/p>\n<p style=\"text-align: justify;\"><strong>L\u2019avis de Dicodusport<\/strong> <strong>:\u00a0<\/strong>De jolis noms circulent, mais lequel de ces joueurs viendra r\u00e9ellement renforcer l\u2019effectif catalan ? Certainement pas les deux premiers cit\u00e9s\u2026 Affaire \u00e0 suivre, l\u00e0 aussi.<\/p>\n","protected":false},"excerpt":{"rendered":"TRANSFERTS RUGBY \u2013 Ger\u00f3nimo Prisciantelli (Zebre Parma) pourrait signer en Top 14, le RC Toulon annonce des arriv\u00e9es&hellip;\n","protected":false},"author":2,"featured_media":233045,"comment_status":"","ping_status":"","sticky":false,"template":"","format":"standard","meta":{"footnotes":""},"categories":[9619],"tags":[1111,11,2113,1777,674,1011,27,12,882,25,2310,477],"class_list":{"0":"post-233044","1":"post","2":"type-post","3":"status-publish","4":"format-standard","5":"has-post-thumbnail","7":"category-toulon","8":"tag-actu","9":"tag-actualites","10":"tag-breve","11":"tag-eu","12":"tag-europe","13":"tag-fr","14":"tag-france","15":"tag-news","16":"tag-provence-alpes-cote-dazur","17":"tag-republique-francaise","18":"tag-toulon","19":"tag-transferts-rugby"},"share_on_mastodon":{"url":"https:\/\/pubeurope.com\/@fr\/114812985632013034","error":""},"_links":{"self":[{"href":"https:\/\/www.europesays.com\/fr\/wp-json\/wp\/v2\/posts\/233044","targetHints":{"allow":["GET"]}}],"collection":[{"href":"https:\/\/www.europesays.com\/fr\/wp-json\/wp\/v2\/posts"}],"about":[{"href":"https:\/\/www.europesays.com\/fr\/wp-json\/wp\/v2\/types\/post"}],"author":[{"embeddable":true,"href":"https:\/\/www.europesays.com\/fr\/wp-json\/wp\/v2\/users\/2"}],"replies":[{"embeddable":true,"href":"https:\/\/www.europesays.com\/fr\/wp-json\/wp\/v2\/comments?post=233044"}],"version-history":[{"count":0,"href":"https:\/\/www.europesays.com\/fr\/wp-json\/wp\/v2\/posts\/233044\/revisions"}],"wp:featuredmedia":[{"embeddable":true,"href":"https:\/\/www.europesays.com\/fr\/wp-json\/wp\/v2\/media\/233045"}],"wp:attachment":[{"href":"https:\/\/www.europesays.com\/fr\/wp-json\/wp\/v2\/media?parent=233044"}],"wp:term":[{"taxonomy":"category","embeddable":true,"href":"https:\/\/www.europesays.com\/fr\/wp-json\/wp\/v2\/categories?post=233044"},{"taxonomy":"post_tag","embeddable":true,"href":"https:\/\/www.europesays.com\/fr\/wp-json\/wp\/v2\/tags?post=233044"}],"curies":[{"name":"wp","href":"https:\/\/api.w.org\/{rel}","templated":true}]}}