{"id":233050,"date":"2025-07-07T16:53:08","date_gmt":"2025-07-07T16:53:08","guid":{"rendered":"https:\/\/www.europesays.com\/fr\/233050\/"},"modified":"2025-07-07T16:53:08","modified_gmt":"2025-07-07T16:53:08","slug":"tour-de-france-2025-a-quelle-heure-voir-la-caravane-a-caen-et-recuperer-plein-de-cadeaux","status":"publish","type":"post","link":"https:\/\/www.europesays.com\/fr\/233050\/","title":{"rendered":"Tour de France 2025. \u00c0 quelle heure voir la caravane \u00e0 Caen (et r\u00e9cup\u00e9rer plein de cadeaux)\u00a0?"},"content":{"rendered":"<p>            Par<br \/>\n        <strong><br \/>\n            <a href=\"https:\/\/actu.fr\/auteur\/nicolas-claich\" title=\"Consulter tous les articles de Nicolas Claich\" target=\"_blank\" rel=\"noopener\">Nicolas Claich<\/a><br \/>\n        <\/strong><\/p>\n<p>        Publi\u00e9 le<\/p>\n<p>            7 juil. 2025 \u00e0 15h59        <\/p>\n<p>C\u2019est un rendez-vous incontournable pour les amoureux de la grande boucle. Quelques heures avant les coureurs, <b>la caravane publicitaire du Tour de France<\/b> suit le m\u00eame parcours, distribuant au passage d\u2019<b>innombrables cadeaux<\/b>. Mercredi 9 juillet 2025, les v\u00e9hicules d\u00e9cor\u00e9s \u00e0 l\u2019effigie des partenaires du Tour emprunteront donc <a href=\"https:\/\/actu.fr\/normandie\/caen_14118\/carte-tour-de-france-2025-decouvrez-le-parcours-du-contre-la-montre-dans-les-rues-de-caen_62757617.html\" target=\"_blank\" rel=\"noopener\">les 33 km de bitume<\/a> entre la Tour Leroy et le cours G\u00e9n\u00e9ral-De-Gaulle, \u00e0 <b>Caen (Calvados)<\/b>, en passant par Cambes-en-Plaine, Colomby-Anguerny et Thaon, entre autres.<\/p>\n<p>Les horaires de la caravane<\/p>\n<p class=\" wall-content\">Voici les horaires de passage pour r\u00e9cup\u00e9rer une collection de porte-cl\u00e9s, de pins, de sacs ou encore des biscuits et des bonbons, sans oublier l\u2019indispensable <b>bob Cochonou<\/b> !<\/p>\n<ul class=\" wall-content\">\n<li>D\u00e9part (Tour Leroy) : 11h35.<\/li>\n<li>Colline aux Oiseaux : 11h40.<\/li>\n<li>M\u00e2lon : 11h44.<\/li>\n<li>Cambes-en-Plaine (entr\u00e9e) : 11h46.<\/li>\n<li>Cambes-en-Plaine (temps interm\u00e9diaire) : 11h47.<\/li>\n<li>Villons-les-Buissons (\u00e0 proximit\u00e9) : 11h49.<\/li>\n<li>Anisy (\u00e0 proximit\u00e9) : 11h51.<\/li>\n<li>Colomby-Anguerny : 11h53.<\/li>\n<li>Carrefour D141-D83 : 11h57.<\/li>\n<li>Barbi\u00e8res : 11h58.<\/li>\n<li>Thaon (entr\u00e9e) : 11h59.<\/li>\n<li>Thaon (temps interm\u00e9diaire) : 12h.<\/li>\n<li>Le Fresne-Camilly (\u00e0 proximit\u00e9) : 12h03.<\/li>\n<li>Cairon : 12h06.<\/li>\n<li>Rosel : 12h09.<\/li>\n<li>Gruchy (entr\u00e9e) : 12h11.<\/li>\n<li>Gruchy (temps interm\u00e9diaire) : 12h12.<\/li>\n<li>Authie (\u00e0 proximit\u00e9) : 12h13.<\/li>\n<li>Saint-Germain-la-Blanche-Herbe : 12h16.<\/li>\n<li>Saint-Contest : 12h17.<\/li>\n<li>Caen (entr\u00e9e Chemin-Vert) : 12h18.<\/li>\n<li>Arriv\u00e9e (cours G\u00e9n\u00e9ral-De-Gaulle) : 12h24.<\/li>\n<\/ul>\n<p>Poireau g\u00e9ant, pandas et cocottes<\/p>\n<p class=\" wall-content\">Pour les spectateurs mass\u00e9s le long des routes, la caravane du Tour repr\u00e9sente un serpent de <b>10 kilom\u00e8tres de long<\/b> et un spectacle de <b>30 minutes en continu<\/b>.\u00a0Trente marques sont repr\u00e9sent\u00e9es au sein de la caravane, qui est escort\u00e9e par quatre v\u00e9hicules d\u2019information et de s\u00e9curit\u00e9, ainsi que 12 gardes r\u00e9publicains, quatre motards r\u00e9gulateurs et trois v\u00e9hicules m\u00e9dicaux.<\/p>\n<p>Vid\u00e9os : en ce moment sur Actu<\/p>\n<p class=\" wall-content\">Parmi les marques qui d\u00e9filent, E. Leclerc, sponsor du meilleur grimpeur, embarque un poireau g\u00e9ant et balance des bobs \u00e0 pois, Skoda pr\u00e9sente un char \u00e0 l\u2019effigie du maillot vert, les poulets Le Gaulois et leurs embl\u00e9matiques \u00ab\u00a0cocottes\u00a0\u00bb. Au rayon animalier toujours, le ZooParc de Beauval est pr\u00e9sent avec ses mascottes (pandas, koalas, lions\u2026).<\/p>\n<p>Des r\u00e8gles de s\u00e9curit\u00e9 \u00e0 respecter<\/p>\n<p class=\" wall-content\">Pour profiter au mieux de la caravane, les organisateurs rappellent <b>les r\u00e8gles de s\u00e9curit\u00e9<\/b> \u00e0 respecter : bien rester sur les bas-c\u00f4t\u00e9s de la route, ne pas traverser la chauss\u00e9e (<b>les cadeaux sont distribu\u00e9s de chaque c\u00f4t\u00e9<\/b>) et ne pas laisser les enfants sans surveillance, rester vigilant apr\u00e8s le passage de la caravane, car d\u2019autres v\u00e9hicules sont pr\u00e9vus sur le parcours\u2026<\/p>\n<p>Gagnez un maillot avec le Groupe Actu<\/p>\n<p class=\" wall-content\">Sur les routes de Caen et de ses environs, le public pourra aussi retrouver trois voitures du <b>Groupe Actu<\/b>, auquel appartient <a href=\"https:\/\/actu.fr\/liberte-caen\/\" target=\"_blank\" rel=\"noopener\">Libert\u00e9 Caen<\/a>. Elles distribueront de nombreux goodies, dont de faux maillots avec lesquels les spectateurs pourront se prendre en photo pour gagner un maillot de cycliste.<\/p>\n<p class=\" wall-content\">Suivez toute l\u2019actualit\u00e9 de vos villes et m\u00e9dias favoris en vous inscrivant \u00e0 <a href=\"https:\/\/moncompte.actu.fr\" title=\"D\u00e9couvez Mon Actu\" rel=\"nofollow noopener\" data-trk=\"{&quot;cta&quot;:{&quot;action&quot;:&quot;https:\\\/\\\/moncompte.actu.fr&quot;,&quot;category&quot;:&quot;mon compte&quot;,&quot;from&quot;:&quot;article footer&quot;,&quot;name&quot;:&quot;Mon actu&quot;,&quot;type&quot;:&quot;cta&quot;}}\" target=\"_blank\">Mon Actu<\/a>.<\/p>\n","protected":false},"excerpt":{"rendered":"Par Nicolas Claich Publi\u00e9 le 7 juil. 2025 \u00e0 15h59 C\u2019est un rendez-vous incontournable pour les amoureux de&hellip;\n","protected":false},"author":2,"featured_media":233051,"comment_status":"","ping_status":"","sticky":false,"template":"","format":"standard","meta":{"footnotes":""},"categories":[9587],"tags":[1111,11,5492,1777,674,1011,27,12,5161,25,9590,104,210,2116],"class_list":{"0":"post-233050","1":"post","2":"type-post","3":"status-publish","4":"format-standard","5":"has-post-thumbnail","7":"category-rouen","8":"tag-actu","9":"tag-actualites","10":"tag-caen","11":"tag-eu","12":"tag-europe","13":"tag-fr","14":"tag-france","15":"tag-news","16":"tag-normandie","17":"tag-republique-francaise","18":"tag-rouen","19":"tag-societe","20":"tag-tour-de-france","21":"tag-tour-de-france-2025"},"share_on_mastodon":{"url":"https:\/\/pubeurope.com\/@fr\/114812997161415648","error":""},"_links":{"self":[{"href":"https:\/\/www.europesays.com\/fr\/wp-json\/wp\/v2\/posts\/233050","targetHints":{"allow":["GET"]}}],"collection":[{"href":"https:\/\/www.europesays.com\/fr\/wp-json\/wp\/v2\/posts"}],"about":[{"href":"https:\/\/www.europesays.com\/fr\/wp-json\/wp\/v2\/types\/post"}],"author":[{"embeddable":true,"href":"https:\/\/www.europesays.com\/fr\/wp-json\/wp\/v2\/users\/2"}],"replies":[{"embeddable":true,"href":"https:\/\/www.europesays.com\/fr\/wp-json\/wp\/v2\/comments?post=233050"}],"version-history":[{"count":0,"href":"https:\/\/www.europesays.com\/fr\/wp-json\/wp\/v2\/posts\/233050\/revisions"}],"wp:featuredmedia":[{"embeddable":true,"href":"https:\/\/www.europesays.com\/fr\/wp-json\/wp\/v2\/media\/233051"}],"wp:attachment":[{"href":"https:\/\/www.europesays.com\/fr\/wp-json\/wp\/v2\/media?parent=233050"}],"wp:term":[{"taxonomy":"category","embeddable":true,"href":"https:\/\/www.europesays.com\/fr\/wp-json\/wp\/v2\/categories?post=233050"},{"taxonomy":"post_tag","embeddable":true,"href":"https:\/\/www.europesays.com\/fr\/wp-json\/wp\/v2\/tags?post=233050"}],"curies":[{"name":"wp","href":"https:\/\/api.w.org\/{rel}","templated":true}]}}