{"id":233052,"date":"2025-07-07T16:54:10","date_gmt":"2025-07-07T16:54:10","guid":{"rendered":"https:\/\/www.europesays.com\/fr\/233052\/"},"modified":"2025-07-07T16:54:10","modified_gmt":"2025-07-07T16:54:10","slug":"tour-de-france-2025-les-horaires-et-points-de-passage-de-la-caravane-lors-de-letape-4-entre-amiens-et-rouen","status":"publish","type":"post","link":"https:\/\/www.europesays.com\/fr\/233052\/","title":{"rendered":"Tour de France 2025 : les horaires et points de passage de la caravane lors de l\u2019\u00e9tape 4 entre Amiens et Rouen"},"content":{"rendered":"<p class=\"paragraph text_align_left lp-f-body-02\">Le mardi 8 juillet, lors de <a href=\"https:\/\/www.leparisien.fr\/sports\/cyclisme\/tour-de-france\/tour-de-france-2025-le-parcours-et-le-profil-de-letape-4-entre-amiens-et-rouen-02-07-2025-WBZEUE6MCBGIFDGXED3QAALYYE.php\" target=\"_self\" rel=\"nofollow noopener\">la 4e \u00e9tape<\/a> du <a href=\"https:\/\/www.leparisien.fr\/sports\/cyclisme\/tour-de-france\/\" target=\"_blank\" rel=\"noreferrer nofollow noopener\">Tour de France<\/a>, la caravane s\u2019\u00e9lancera de Amiens aux alentours de 11h35, avec une arriv\u00e9e pr\u00e9vue vers 15h44 \u00e0 Rouen. Elle pr\u00e9c\u00e8dera les coureurs pour qui le d\u00e9part est pr\u00e9vu \u00e0 13h35.<\/p>\n<p>Les horaires et points de passage d\u00e9taill\u00e9s<\/p>\n<p class=\"paragraph text_align_left lp-f-body-02\">Consultez les horaires de la caravane dans chaque ville. Par exemple : passage \u00e0 Montroty (Seine-Maritime), \u00e0 13h16, au 71e kilom\u00e8tre.<\/p>\n<ul class=\"margin_bottom_md fs_18_26 fs_20_28_ad blue-dot\">\n<li class=\"mb_150 pl_325\"\/>\n<li class=\"mb_150 pl_325\">11:15 &#8211; VC AMIENS<\/li>\n<li class=\"mb_150 pl_325\">11:31 &#8211; SALOU\u00cbL (VC-D210)<\/li>\n<li class=\"mb_150 pl_325\">11:35 &#8211; D210 AMIENS<\/li>\n<li class=\"mb_150 pl_325\">11:36 &#8211; VERS-SUR-SELLE (pr\u00e8s)<\/li>\n<li class=\"mb_150 pl_325\">11:39 &#8211; BACOUEL-SUR-SELLE (pr\u00e8s)<\/li>\n<li class=\"mb_150 pl_325\">11:41 &#8211; PLACHY-BUYON<\/li>\n<li class=\"mb_150 pl_325\">11:44 &#8211; NAMPTY<\/li>\n<li class=\"mb_150 pl_325\">11:53 &#8211; Tilloy-l\u00e8s-Conty (pr\u00e8s) (\u00d4-DE-SELLE)<\/li>\n<li class=\"mb_150 pl_325\">11:54 &#8211; CONTY (pr\u00e8s)<\/li>\n<li class=\"mb_150 pl_325\">11:58 &#8211; L\u2019Estoc (MONSURES)<\/li>\n<li class=\"mb_150 pl_325\">12:01 &#8211; OISE (60)<\/li>\n<li class=\"mb_150 pl_325\">12:01 &#8211; D11 CROISSY-SUR-CELLE (D11-D106)<\/li>\n<li class=\"mb_150 pl_325\">12:07 &#8211; D106 FONTAINE-BONNELEAU<\/li>\n<li class=\"mb_150 pl_325\">12:11 &#8211; CATHEUX<\/li>\n<li class=\"mb_150 pl_325\">12:19 &#8211; CR\u00c8VEC\u0152UR-LE-GRAND (D106-D621-VC-D930)<\/li>\n<li class=\"mb_150 pl_325\">12:24 &#8211; D930 LIHUS (pr\u00e8s)<\/li>\n<li class=\"mb_150 pl_325\">12:28 &#8211; HAUTE-\u00c9PINE<\/li>\n<li class=\"mb_150 pl_325\">12:34 &#8211; MARSEILLE-EN-BEAUVAISIS (D930-D901-D930)<\/li>\n<li class=\"mb_150 pl_325\">12:36 &#8211; Passage \u00e0 niveau N\u00b0 80.<\/li>\n<li class=\"mb_150 pl_325\">12:40 &#8211; Choqueuse (GR\u00c9M\u00c9VILLERS)<\/li>\n<li class=\"mb_150 pl_325\">12:44 &#8211; Balleux<\/li>\n<li class=\"mb_150 pl_325\">12:46 &#8211; Carrefour D930-D579<\/li>\n<li class=\"mb_150 pl_325\">12:47 &#8211; D579 SONGEONS (pr\u00e8s) (D579-D133)<\/li>\n<li class=\"mb_150 pl_325\">12:48 &#8211; D133 Carrefour D133-D95<\/li>\n<li class=\"mb_150 pl_325\">12:48 &#8211; D95 LACHAPELLE-SOUS-GERBEROY<\/li>\n<li class=\"mb_150 pl_325\">12:50 &#8211; GERBEROY<\/li>\n<li class=\"mb_150 pl_325\">12:51 &#8211; Carrefour D95-D930<\/li>\n<li class=\"mb_150 pl_325\">12:54 &#8211; D930 La Havoti\u00e8re (pr\u00e8s) (WAMBEZ)<\/li>\n<li class=\"mb_150 pl_325\">12:58 &#8211; Pierrepont (HANNACHES)<\/li>\n<li class=\"mb_150 pl_325\">12:59 &#8211; SEINE-MARITIME (76)<\/li>\n<li class=\"mb_150 pl_325\">13:04 &#8211; OISE (60)<\/li>\n<li class=\"mb_150 pl_325\">13:04 &#8211; FERRI\u00c8RES-EN-BRAY (pr\u00e8s)<\/li>\n<li class=\"mb_150 pl_325\">13:04 &#8211; SEINE-MARITIME (76)<\/li>\n<li class=\"mb_150 pl_325\">13:06 &#8211; GOURNAY-EN-BRAY (D930-N31-VC-D915-D916)<\/li>\n<li class=\"mb_150 pl_325\">13:12 &#8211; D916 ERNEMONT-LA-VILLETTE (pr\u00e8s)<\/li>\n<li class=\"mb_150 pl_325\">13:16 &#8211; MONTROTY (pr\u00e8s)<\/li>\n<li class=\"mb_150 pl_325\">13:17 &#8211; BOSC-HYONS (pr\u00e8s)<\/li>\n<li class=\"mb_150 pl_325\">13:24 &#8211; EURE (27)<\/li>\n<li class=\"mb_150 pl_325\">13:24 &#8211; D316 B\u00c9ZU-LA-FOR\u00caT<\/li>\n<li class=\"mb_150 pl_325\">13:30 &#8211; MORGNY<\/li>\n<li class=\"mb_150 pl_325\">13:31 &#8211; Zone de collecte n\u00b02<\/li>\n<li class=\"mb_150 pl_325\">13:33 &#8211; Zone de collecte n\u00b03<\/li>\n<li class=\"mb_150 pl_325\">13:36 &#8211; LA NEUVE-GRANGE<\/li>\n<li class=\"mb_150 pl_325\">13:39 &#8211; PUCHAY<\/li>\n<li class=\"mb_150 pl_325\">13:42 &#8211; NOJEON-EN-VEXIN (pr\u00e8s)<\/li>\n<li class=\"mb_150 pl_325\">13:43 &#8211; SAUSSAY-LA-CAMPAGNE<\/li>\n<li class=\"mb_150 pl_325\">13:45 &#8211; Passage \u00e0 niveau N\u00b0 27.<\/li>\n<li class=\"mb_150 pl_325\">13:48 &#8211; Saint-Jean-de-Frenelles (FRENELLES-EN-VEXIN)<\/li>\n<li class=\"mb_150 pl_325\">13:59 &#8211; LES ANDELYS (D316-D1)<\/li>\n<li class=\"mb_150 pl_325\">14:08 &#8211; D1 Fresne-l\u2019Archev\u00eaque (D1-VC) (FRENELLES-EN-VEXIN)<\/li>\n<li class=\"mb_150 pl_325\">14:15 &#8211; VC CUVERVILLE (VC-CV37)<\/li>\n<li class=\"mb_150 pl_325\">14:16 &#8211; Carrefour VC-D126<\/li>\n<li class=\"mb_150 pl_325\">14:18 &#8211; D126 HEUQUEVILLE<\/li>\n<li class=\"mb_150 pl_325\">14:24 &#8211; AMFREVILLE-LES-CHAMPS<\/li>\n<li class=\"mb_150 pl_325\">14:29 &#8211; Passage \u00e0 niveau N\u00b0 55.<\/li>\n<li class=\"mb_150 pl_325\">14:29 &#8211; Carrefour D126-D321<\/li>\n<li class=\"mb_150 pl_325\">14:30 &#8211; D321 PONT-SAINT-PIERRE<\/li>\n<li class=\"mb_150 pl_325\">14:33 &#8211; ROMILLY-SUR-ANDELLE (D321-D126)<\/li>\n<li class=\"mb_150 pl_325\">14:37 &#8211; SEINE-MARITIME (76)<\/li>\n<li class=\"mb_150 pl_325\">14:38 &#8211; D138 LA NEUVILLE-CHANT-D\u2019OISEL (D138-D13)<\/li>\n<li class=\"mb_150 pl_325\">14:38 &#8211; C\u00f4te Jacques Anquetil<\/li>\n<li class=\"mb_150 pl_325\">14:48 &#8211; D13 QU\u00c9VREVILLE-LA-POTERIE<\/li>\n<li class=\"mb_150 pl_325\">14:50 &#8211; YMARE (pr\u00e8s)<\/li>\n<li class=\"mb_150 pl_325\">14:53 &#8211; Zone de collecte n\u00b04<\/li>\n<li class=\"mb_150 pl_325\">14:54 &#8211; Carrefour D13-D6015<\/li>\n<li class=\"mb_150 pl_325\">14:55 &#8211; D6015 GOUY (pr\u00e8s)<\/li>\n<li class=\"mb_150 pl_325\">14:57 &#8211; Le Port Saint-Ouen (LES AUTHIEUX-SUR-LE-PORT-SAINT<\/li>\n<li class=\"mb_150 pl_325\">14:57 &#8211; Rond-point<\/li>\n<li class=\"mb_150 pl_325\">14:59 &#8211; Saint-Adrien (entr\u00e9e)<\/li>\n<li class=\"mb_150 pl_325\">15:00 &#8211; SAINT-ADRIEN<\/li>\n<li class=\"mb_150 pl_325\">15:02 &#8211; Les Gravettes<\/li>\n<li class=\"mb_150 pl_325\">15:02 &#8211; La Poterie (D6015-VC)<\/li>\n<li class=\"mb_150 pl_325\">15:04 &#8211; VC BELBEUF (VC-D7-D207)<\/li>\n<li class=\"mb_150 pl_325\">15:04 &#8211; D7 C\u00f4te de Belbeuf<\/li>\n<li class=\"mb_150 pl_325\">15:06 &#8211; D207 Normare<\/li>\n<li class=\"mb_150 pl_325\">15:07 &#8211; LE MESNIL-ESNARD (D207-VC-D6014)<\/li>\n<li class=\"mb_150 pl_325\">15:11 &#8211; D6014 BONSECOURS (D6014-D914-VC)<\/li>\n<li class=\"mb_150 pl_325\">15:16 &#8211; D914 C\u00f4te de Bonsecours (st\u00e8le Jean Robic)<\/li>\n<li class=\"mb_150 pl_325\">15:20 &#8211; VC SAINT-L\u00c9GER-DU-BOURG-DENIS (VC-D138-D42)<\/li>\n<li class=\"mb_150 pl_325\">15:21 &#8211; D42 DARN\u00c9TAL (D42-N31)<\/li>\n<li class=\"mb_150 pl_325\">15:22 &#8211; N31 ROUEN (N31-VC)<\/li>\n<li class=\"mb_150 pl_325\">15:27 &#8211; VC C\u00f4te de la Grand\u2019Mare<\/li>\n<li class=\"mb_150 pl_325\">15:27 &#8211; Zone de collecte n\u00b05<\/li>\n<li class=\"mb_150 pl_325\">15:36 &#8211; Rampe Saint-Hilaire<\/li>\n<li class=\"mb_150 pl_325\">15:37 &#8211; BIHOREL<\/li>\n<li class=\"mb_150 pl_325\">15:39 &#8211; BOIS-GUILLAUME<\/li>\n<li class=\"mb_150 pl_325\">15:40 &#8211; ROUEN (entr\u00e9e)<\/li>\n<li class=\"mb_150 pl_325\">15:44 &#8211; ROUEN<\/li>\n<\/ul>\n<p class=\"paragraph text_align_left lp-f-body-02\">Retrouvez les profils, horaires de passages et autres actualit\u00e9s du Tour de France 2025 sur<a href=\"https:\/\/www.leparisien.fr\/sports\/cyclisme\/tour-de-france\/\" rel=\"nofollow noopener\" target=\"_blank\"> la page d\u00e9di\u00e9e<\/a>.<\/p>\n","protected":false},"excerpt":{"rendered":"Le mardi 8 juillet, lors de la 4e \u00e9tape du Tour de France, la caravane s\u2019\u00e9lancera de Amiens&hellip;\n","protected":false},"author":2,"featured_media":233053,"comment_status":"","ping_status":"","sticky":false,"template":"","format":"standard","meta":{"footnotes":""},"categories":[9587],"tags":[1111,11,207,1777,674,1011,27,12,5161,25,9590,60,210],"class_list":{"0":"post-233052","1":"post","2":"type-post","3":"status-publish","4":"format-standard","5":"has-post-thumbnail","7":"category-rouen","8":"tag-actu","9":"tag-actualites","10":"tag-cyclisme","11":"tag-eu","12":"tag-europe","13":"tag-fr","14":"tag-france","15":"tag-news","16":"tag-normandie","17":"tag-republique-francaise","18":"tag-rouen","19":"tag-sports","20":"tag-tour-de-france"},"share_on_mastodon":{"url":"https:\/\/pubeurope.com\/@fr\/114813001019254088","error":""},"_links":{"self":[{"href":"https:\/\/www.europesays.com\/fr\/wp-json\/wp\/v2\/posts\/233052","targetHints":{"allow":["GET"]}}],"collection":[{"href":"https:\/\/www.europesays.com\/fr\/wp-json\/wp\/v2\/posts"}],"about":[{"href":"https:\/\/www.europesays.com\/fr\/wp-json\/wp\/v2\/types\/post"}],"author":[{"embeddable":true,"href":"https:\/\/www.europesays.com\/fr\/wp-json\/wp\/v2\/users\/2"}],"replies":[{"embeddable":true,"href":"https:\/\/www.europesays.com\/fr\/wp-json\/wp\/v2\/comments?post=233052"}],"version-history":[{"count":0,"href":"https:\/\/www.europesays.com\/fr\/wp-json\/wp\/v2\/posts\/233052\/revisions"}],"wp:featuredmedia":[{"embeddable":true,"href":"https:\/\/www.europesays.com\/fr\/wp-json\/wp\/v2\/media\/233053"}],"wp:attachment":[{"href":"https:\/\/www.europesays.com\/fr\/wp-json\/wp\/v2\/media?parent=233052"}],"wp:term":[{"taxonomy":"category","embeddable":true,"href":"https:\/\/www.europesays.com\/fr\/wp-json\/wp\/v2\/categories?post=233052"},{"taxonomy":"post_tag","embeddable":true,"href":"https:\/\/www.europesays.com\/fr\/wp-json\/wp\/v2\/tags?post=233052"}],"curies":[{"name":"wp","href":"https:\/\/api.w.org\/{rel}","templated":true}]}}